{"id":151401,"date":"2025-06-04T12:23:08","date_gmt":"2025-06-04T12:23:08","guid":{"rendered":"https:\/\/www.europesays.com\/fr\/151401\/"},"modified":"2025-06-04T12:23:08","modified_gmt":"2025-06-04T12:23:08","slug":"pres-de-marseille-cette-plage-fermee-durgence-et-jusqua-nouvel-ordre-voici-pourquoi","status":"publish","type":"post","link":"https:\/\/www.europesays.com\/fr\/151401\/","title":{"rendered":"Pr\u00e8s de Marseille. Cette plage ferm\u00e9e d&rsquo;urgence et \u00ab\u00a0jusqu&rsquo;\u00e0 nouvel ordre\u00a0\u00bb : voici pourquoi"},"content":{"rendered":"<p>            Par<br \/>\n        <strong><br \/>\n            <a href=\"https:\/\/actu.fr\/auteur\/fabien-binacchi\" title=\"Consulter tous les articles de Fabien Binacchi\" target=\"_blank\" rel=\"noopener\">Fabien Binacchi<\/a><br \/>\n        <\/strong><\/p>\n<p>        Publi\u00e9 le<\/p>\n<p>            4 juin 2025 \u00e0 12h48        <\/p>\n<p>C\u2019est l\u2019un des spots les plus connus de l\u2019\u00c9tang de Berre. Du c\u00f4t\u00e9 de <a href=\"https:\/\/actu.fr\/provence-alpes-cote-d-azur\/martigues_13056\" target=\"_blank\" rel=\"noopener\">Martigues<\/a> (<a href=\"https:\/\/actu.fr\/provence-alpes-cote-d-azur\/bouches-du-rhone_13\" target=\"_blank\" rel=\"noopener\">Bouches-du-Rh\u00f4ne<\/a>), pr\u00e8s de <a href=\"https:\/\/actu.fr\/marseille\/\" target=\"_blank\" rel=\"noopener\">Marseille<\/a>, <strong>la plage de Figuerolles<\/strong> est un des hauts lieux de la saison estivale. Il va pourtant falloir s\u2019en passer pour une p\u00e9riode ind\u00e9termin\u00e9e. La municipalit\u00e9 annonce ce mercredi 4\u00a0juin sa fermeture \u00ab\u2009jusqu\u2019\u00e0 nouvel ordre\u2009\u00bb.<\/p>\n<p class=\" wall-content\">Voici pour quelle raison.<\/p>\n<p>Des bact\u00e9ries d\u2019origine f\u00e9cale<\/p>\n<p class=\" wall-content\">\u00c0 Martigues, l\u2019acc\u00e8s \u00e0 la plage de Figuerolles (\u00e0 ne pas confondre avec la calanque de Figuerolles, du c\u00f4t\u00e9 de La Ciotat, et avec l\u2019autre plage du m\u00eame nom, au Rove) est barr\u00e9 ce mercredi 4\u00a0juin. Une d\u00e9cision prise dans l\u2019urgence suite \u00e0 des \u00ab\u2009<strong>pr\u00e9l\u00e8vements effectu\u00e9s<\/strong> par l\u2019Agence r\u00e9gionale de sant\u00e9 Paca le 2\u00a0juin 2025\u2009\u00bb, explique la municipalit\u00e9 dans un communiqu\u00e9 transmis \u00e0 actu Marseille.<\/p>\n<blockquote class=\"ac-article-quote wall-content\">\n<p>Les analyses re\u00e7ues ce jour indiquent un d\u00e9passement des seuils des param\u00e8tres microbiologiques.<\/p>\n<p>    <strong>Mairie de Martigues<\/strong>\n            <\/p><\/blockquote>\n<p class=\" wall-content\">Selon les donn\u00e9es consult\u00e9es sur le site du Gipreb, le syndicat mixte en charge du projet de restauration de l\u2019\u00e9tang de Berre, la quantit\u00e9 mesur\u00e9e d\u2019<strong>Escherichia coli (des bact\u00e9ries d\u2019origine f\u00e9cale)<\/strong> est de 1880 NPP \/ 100\u00a0ml, soit juste au-dessus de la limite admissible de 1800 NPP \/ 100\u00a0ml. Mais suffisamment pour justifier cette fermeture.<\/p>\n<p>Vid\u00e9os : en ce moment sur ActuD\u2019autres analyses en cours<\/p>\n<p class=\" wall-content\">En raison de cette \u00ab\u2009qualit\u00e9 des eaux non satisfaisantes\u2009\u00bb, la plage\u00a0est interdite \u00e0 la baignade <strong>\u00ab\u2009jusqu\u2019\u00e0 nouvel ordre\u2009\u00bb<\/strong>, appuie la mairie. Elle pr\u00e9cise qu\u2019un \u00ab\u2009pr\u00e9l\u00e8vement de contr\u00f4le est en cours afin de suivre l\u2019\u00e9volution de cette pollution\u2009\u00bb.<\/p>\n<p class=\" wall-content\">L\u2019\u00e9t\u00e9 dernier, la m\u00eame plage avait d\u00e9j\u00e0 \u00e9t\u00e9 ferm\u00e9e <strong>\u00e0 plusieurs reprises<\/strong> \u00e0 cause de la pr\u00e9sence d\u2019<strong>algues potentiellement dangereuses<\/strong> pour la sant\u00e9.<\/p>\n<p class=\" wall-content\">Suivez toute l\u2019actualit\u00e9 de vos villes et m\u00e9dias favoris en vous inscrivant \u00e0 <a href=\"https:\/\/moncompte.actu.fr\" title=\"D\u00e9couvez Mon Actu\" rel=\"nofollow noopener\" data-trk=\"{&quot;cta&quot;:{&quot;action&quot;:&quot;https:\\\/\\\/moncompte.actu.fr&quot;,&quot;category&quot;:&quot;mon compte&quot;,&quot;from&quot;:&quot;article footer&quot;,&quot;name&quot;:&quot;Mon actu&quot;,&quot;type&quot;:&quot;cta&quot;}}\" target=\"_blank\">Mon Actu<\/a>.<\/p>\n","protected":false},"excerpt":{"rendered":"Par Fabien Binacchi Publi\u00e9 le 4 juin 2025 \u00e0 12h48 C\u2019est l\u2019un des spots les plus connus de&hellip;\n","protected":false},"author":2,"featured_media":151402,"comment_status":"","ping_status":"","sticky":false,"template":"","format":"standard","meta":{"footnotes":""},"categories":[2814],"tags":[1111,11,1777,674,118,1011,27,884,12,8302,1800,882,25],"class_list":{"0":"post-151401","1":"post","2":"type-post","3":"status-publish","4":"format-standard","5":"has-post-thumbnail","7":"category-marseille","8":"tag-actu","9":"tag-actualites","10":"tag-eu","11":"tag-europe","12":"tag-faits-divers","13":"tag-fr","14":"tag-france","15":"tag-marseille","16":"tag-news","17":"tag-plages","18":"tag-pollution","19":"tag-provence-alpes-cote-dazur","20":"tag-republique-francaise"},"share_on_mastodon":{"url":"https:\/\/pubeurope.com\/@fr\/114625079201498625","error":""},"_links":{"self":[{"href":"https:\/\/www.europesays.com\/fr\/wp-json\/wp\/v2\/posts\/151401","targetHints":{"allow":["GET"]}}],"collection":[{"href":"https:\/\/www.europesays.com\/fr\/wp-json\/wp\/v2\/posts"}],"about":[{"href":"https:\/\/www.europesays.com\/fr\/wp-json\/wp\/v2\/types\/post"}],"author":[{"embeddable":true,"href":"https:\/\/www.europesays.com\/fr\/wp-json\/wp\/v2\/users\/2"}],"replies":[{"embeddable":true,"href":"https:\/\/www.europesays.com\/fr\/wp-json\/wp\/v2\/comments?post=151401"}],"version-history":[{"count":0,"href":"https:\/\/www.europesays.com\/fr\/wp-json\/wp\/v2\/posts\/151401\/revisions"}],"wp:featuredmedia":[{"embeddable":true,"href":"https:\/\/www.europesays.com\/fr\/wp-json\/wp\/v2\/media\/151402"}],"wp:attachment":[{"href":"https:\/\/www.europesays.com\/fr\/wp-json\/wp\/v2\/media?parent=151401"}],"wp:term":[{"taxonomy":"category","embeddable":true,"href":"https:\/\/www.europesays.com\/fr\/wp-json\/wp\/v2\/categories?post=151401"},{"taxonomy":"post_tag","embeddable":true,"href":"https:\/\/www.europesays.com\/fr\/wp-json\/wp\/v2\/tags?post=151401"}],"curies":[{"name":"wp","href":"https:\/\/api.w.org\/{rel}","templated":true}]}}