{"id":151403,"date":"2025-06-04T12:24:08","date_gmt":"2025-06-04T12:24:08","guid":{"rendered":"https:\/\/www.europesays.com\/fr\/151403\/"},"modified":"2025-06-04T12:24:08","modified_gmt":"2025-06-04T12:24:08","slug":"bison-fute-voit-rouge-en-auvergne-rhone-alpes","status":"publish","type":"post","link":"https:\/\/www.europesays.com\/fr\/151403\/","title":{"rendered":"Bison Fut\u00e9 voit rouge en Auvergne-Rh\u00f4ne-Alpes"},"content":{"rendered":"<p>Long week-end de la Pentec\u00f4te : Bison Fut\u00e9 voit rouge en Auvergne-Rh\u00f4ne-Alpes &#8211; Lyon Mag<\/p>\n<p itemprop=\"description\"><strong>Ce nouveau long week-end s\u2019annonce compliqu\u00e9 sur les routes d\u2019Auvergne-Rh\u00f4ne-Alpes.<\/strong><\/p>\n<p>Pour la Pentec\u00f4te, Bison Fut\u00e9 classe la journ\u00e9e de vendredi rouge dans le sens des d\u00e9parts au niveau national et orange dans le sens des retours. Il sera notamment conseill\u00e9 d\u2019\u00e9viter l\u2019autoroute A7, entre Lyon et Orange, de 17h \u00e0 21h.<\/p>\n<p>Samedi, le drapeau orange sera en vigueur dans la r\u00e9gion dans le sens des d\u00e9parts. Des difficult\u00e9s sont annonc\u00e9es sur l\u2019A7 dans la Vall\u00e9e du Rh\u00f4ne, de 10h \u00e0 16h et sur l\u2019A46 et la Rocade Est, de 11h \u00e0 13h.<\/p>\n<p>Pour la fin du week-end, lundi, la journ\u00e9e sera class\u00e9e orange dans le sens des retours, avec des ralentissements entre Orange et Lyon de 15h \u00e0 19h.<\/p>\n","protected":false},"excerpt":{"rendered":"Long week-end de la Pentec\u00f4te : Bison Fut\u00e9 voit rouge en Auvergne-Rh\u00f4ne-Alpes &#8211; Lyon Mag Ce nouveau long&hellip;\n","protected":false},"author":2,"featured_media":151404,"comment_status":"","ping_status":"","sticky":false,"template":"","format":"standard","meta":{"footnotes":""},"categories":[1889],"tags":[1111,11,2813,2190,2430,1109,251,1112,2811,1777,674,118,1011,27,1922,1110,1114,2428,2810,12,241,316,25,2812,517,800],"class_list":{"0":"post-151403","1":"post","2":"type-post","3":"status-publish","4":"format-standard","5":"has-post-thumbnail","7":"category-lyon","8":"tag-actu","9":"tag-actualites","10":"tag-article","11":"tag-asvel","12":"tag-auvergne-rhone-alpes","13":"tag-breves","14":"tag-culture","15":"tag-depeches","16":"tag-economique","17":"tag-eu","18":"tag-europe","19":"tag-faits-divers","20":"tag-fr","21":"tag-france","22":"tag-info","23":"tag-informations","24":"tag-infos","25":"tag-lyon","26":"tag-lyonmag","27":"tag-news","28":"tag-ol","29":"tag-politique","30":"tag-republique-francaise","31":"tag-sociale","32":"tag-sport","33":"tag-transports"},"share_on_mastodon":{"url":"https:\/\/pubeurope.com\/@fr\/114625083163166468","error":""},"_links":{"self":[{"href":"https:\/\/www.europesays.com\/fr\/wp-json\/wp\/v2\/posts\/151403","targetHints":{"allow":["GET"]}}],"collection":[{"href":"https:\/\/www.europesays.com\/fr\/wp-json\/wp\/v2\/posts"}],"about":[{"href":"https:\/\/www.europesays.com\/fr\/wp-json\/wp\/v2\/types\/post"}],"author":[{"embeddable":true,"href":"https:\/\/www.europesays.com\/fr\/wp-json\/wp\/v2\/users\/2"}],"replies":[{"embeddable":true,"href":"https:\/\/www.europesays.com\/fr\/wp-json\/wp\/v2\/comments?post=151403"}],"version-history":[{"count":0,"href":"https:\/\/www.europesays.com\/fr\/wp-json\/wp\/v2\/posts\/151403\/revisions"}],"wp:featuredmedia":[{"embeddable":true,"href":"https:\/\/www.europesays.com\/fr\/wp-json\/wp\/v2\/media\/151404"}],"wp:attachment":[{"href":"https:\/\/www.europesays.com\/fr\/wp-json\/wp\/v2\/media?parent=151403"}],"wp:term":[{"taxonomy":"category","embeddable":true,"href":"https:\/\/www.europesays.com\/fr\/wp-json\/wp\/v2\/categories?post=151403"},{"taxonomy":"post_tag","embeddable":true,"href":"https:\/\/www.europesays.com\/fr\/wp-json\/wp\/v2\/tags?post=151403"}],"curies":[{"name":"wp","href":"https:\/\/api.w.org\/{rel}","templated":true}]}}