{"id":151409,"date":"2025-06-04T12:28:08","date_gmt":"2025-06-04T12:28:08","guid":{"rendered":"https:\/\/www.europesays.com\/fr\/151409\/"},"modified":"2025-06-04T12:28:08","modified_gmt":"2025-06-04T12:28:08","slug":"trafic-perturbe-sur-le-rer-e-incendie-dans-un-chateau-forum-demplois-linfo-a-midi-en-ile-de-france","status":"publish","type":"post","link":"https:\/\/www.europesays.com\/fr\/151409\/","title":{"rendered":"Trafic perturb\u00e9 sur le RER E, incendie dans un ch\u00e2teau, forum d&#8217;emplois&#8230; L&rsquo;info \u00e0 midi en \u00cele-de-France"},"content":{"rendered":"<p>            Par<br \/>\n        <strong><br \/>\n            <a href=\"https:\/\/actu.fr\/auteur\/hugo-hancewicz\" title=\"Consulter tous les articles de Hugo Hancewicz\" rel=\"nofollow noopener\" target=\"_blank\">Hugo Hancewicz<\/a><br \/>\n        <\/strong><\/p>\n<p>        Publi\u00e9 le<\/p>\n<p>            4 juin 2025 \u00e0 12h08        <\/p>\n<p>Une explosion a eu lieu dans la gare Magenta (<a href=\"https:\/\/actu.fr\/paris\/\" rel=\"nofollow noopener\" target=\"_blank\">Paris<\/a>, 10e), impactant la circulation sur le RER E toute la matin\u00e9e de ce mercredi 4 juin 2025. <strong>Mais que s\u2019est-il pass\u00e9 d\u2019autres\u2009?<\/strong> Voici l\u2019essentiel de l\u2019information \u00e0 midi en \u00cele-de-France\u2009: la plus haute colline d\u2019<a href=\"https:\/\/actu.fr\/ile-de-france\/\" rel=\"nofollow noopener\" target=\"_blank\">\u00cele-de-France<\/a> se situe en Yvelines, un forum pour les demandeurs d\u2019emploi va se tenir en Seine-et-Marne, un incident a ravag\u00e9 un ch\u00e2teau en Essonne start-up du Val-de-Marne propose des casques de r\u00e9alit\u00e9 virtuelle pour se relaxer.<\/p>\n<p>Les informations \u00e0 retenir ce mercredi 4\u00a0juin 2025, \u00e0 midi, en \u00cele-de-France<\/p>\n<p class=\"expresso-item wall-content\"><strong>Seine-et-Marne<\/strong>. <a title=\"Lire l&#039;article\" href=\"https:\/\/actu.fr\/ile-de-france\/la-ferte-sous-jouarre_77183\/seine-et-marne-un-forum-pour-offrir-aux-demandeurs-demploi-une-passerelle-vers-un-avenir-professionnel_62723239.html\" rel=\"nofollow noopener\" target=\"_blank\">Un forum pour offrir aux demandeurs d\u2019emploi une passerelle vers un avenir professionnel<\/a><br \/>Ce jeudi 5\u00a0juin 2025, France Travail organise \u00e0 La Fert\u00e9-sous-Jouarre, en Seine-et-Marne, un forum d\u00e9di\u00e9 aux formations professionnelles financ\u00e9es dans des secteurs qui recrutent.<\/p>\n<p class=\"expresso-item wall-content\"><strong>Yvelines. <\/strong><a title=\"Lire l&#039;article\" href=\"https:\/\/actu.fr\/ile-de-france\/elancourt_78208\/avec-ses-23161-m-de-haut-la-colline-delancourt-est-bien-le-point-culminant-dile-de-france_62723184.html\" rel=\"nofollow noopener\" target=\"_blank\">Avec ses 231,61\u00a0m de haut, la colline d\u2019\u00c9lancourt est bien le point culminant d\u2019\u00cele-de-France\u2009!<\/a><br \/>Le sommet de la colline d\u2019\u00c9lancourt a \u00e9t\u00e9 mat\u00e9rialis\u00e9 ce mardi 3\u00a0juin 2025. Fin avril, des g\u00e9om\u00e8tres-experts avaient r\u00e9alis\u00e9 une campagne de mesurage sur place.<\/p>\n<p class=\"expresso-item wall-content\"><strong>Essonne. <\/strong><a title=\"Lire l&#039;article\" href=\"https:\/\/actu.fr\/ile-de-france\/soisy-sur-ecole_91599\/un-batiment-emblematique-un-incendie-ravage-ce-chateau-en-essonne-plus-de-50-pompiers-mobilises_62725797.html\" rel=\"nofollow noopener\" target=\"_blank\">\u00ab\u2009Un b\u00e2timent embl\u00e9matique\u2009\u00bb\u2009: un incendie ravage ce ch\u00e2teau en Essonne, plus de 50 pompiers mobilis\u00e9s<\/a><br \/>Le feu s\u2019est d\u00e9clar\u00e9 dans la nuit. Aucune victime n\u2019est \u00e0 signaler \u00e0 ce stade.<\/p>\n<p class=\"expresso-item wall-content\"><strong>Paris. <\/strong><a title=\"Lire l&#039;article\" href=\"https:\/\/actu.fr\/ile-de-france\/paris_75056\/sncf-explosion-d-une-catenaire-le-rer-e-totalement-interrompu-plusieurs-heures-la-gare-magenta-fermee_62726131.html\" rel=\"nofollow noopener\" target=\"_blank\">SNCF. Explosion d\u2019une cat\u00e9naire\u2009: le RER E totalement interrompu plusieurs heures, la gare Magenta ferm\u00e9e<\/a><br \/>L\u2019explosion sur une cat\u00e9naire dans le secteur de la gare du Nord a perturb\u00e9 le trafic sur le RER E. Pour des raisons de s\u00e9curit\u00e9, la station Magenta a \u00e9t\u00e9 ferm\u00e9e. Selon la SNCF, le trafic devrait reprendre \u00e0 13h30.<\/p>\n<p class=\"expresso-item wall-content\"><strong>Val-de-Marne.<\/strong>\u00a0<a title=\"Lire l&#039;article\" href=\"https:\/\/actu.fr\/ile-de-france\/saint-maur-des-fosses_94068\/cette-start-up-du-val-de-marne-propose-des-casques-de-realite-virtuelle-pour-se-relaxer_62722736.html\" rel=\"nofollow noopener\" target=\"_blank\">Cette start-up du Val-de-Marne propose des casques de r\u00e9alit\u00e9 virtuelle pour se relaxer<\/a><br \/>\u00c0 Saint-Maur-des-Foss\u00e9s, la start-up Serenity vend des casques de r\u00e9alit\u00e9 virtuelle \u00e0 vis\u00e9es relaxantes\u2009: bien-\u00eatre au travail, soins moins douloureux, ou encore d\u00e9tente ludique en institut.<\/p>\n<p>Suivez-nous pour en savoir plus\u2009!<\/p>\n<p class=\" wall-content\">Vous voulez plus d\u2019infos sur l\u2019\u00cele-de-France\u2009? Vous pouvez nous retrouver sur Actu \u00cele-de-France. Pour nous suivre sur les r\u00e9seaux sociaux, dans vos d\u00e9partements\u2009:<\/p>\n<p class=\" wall-content\">Paris\u2009: retrouvez\u00a0actu\u00a0Paris\u00a0sur\u00a0<a href=\"https:\/\/www.facebook.com\/actufr.paris\/\" rel=\"nofollow noopener\" target=\"_blank\">Facebook<\/a>\u00a0et\u00a0<a href=\"https:\/\/twitter.com\/actufrparis\" rel=\"nofollow noopener\" target=\"_blank\">Twitter<\/a>\u2009;<br \/>Seine-et-Marne\u2009: retrouvez\u00a0La R\u00e9publique de Seine-et-Marne (sud) sur\u00a0<a href=\"https:\/\/www.facebook.com\/RepubliqueSeineMarne\/\" rel=\"nofollow noopener\" target=\"_blank\">Facebook<\/a>\u00a0et\u00a0<a href=\"https:\/\/twitter.com\/LaRep77\" rel=\"nofollow noopener\" target=\"_blank\">Twitter<\/a>\u2009; La Marne (nord) sur\u00a0<a href=\"https:\/\/www.facebook.com\/journallarmarne\/?__tn__=%2Cd%2CP-R&amp;eid=ARDLZc91LaHbXzDwChLLLQJVMBLx_ABJremTC2-RG0CYvg0f4f8CLvbV5G1Lli4g_6QoXDcKkU1_LX1W\" rel=\"nofollow noopener\" target=\"_blank\">Facebook<\/a>\u00a0et\u00a0<a href=\"https:\/\/twitter.com\/JournalLaMarne\" rel=\"nofollow noopener\" target=\"_blank\">Twitter<\/a>\u2009; et\u00a0Le Pays Briard\u00a0sur\u00a0<a href=\"https:\/\/www.facebook.com\/LePaysBriard\/?ref=bookmarks\" rel=\"nofollow noopener\" target=\"_blank\">Facebook<\/a>\u00a0et\u00a0<a href=\"https:\/\/twitter.com\/LePaysBriard\" rel=\"nofollow noopener\" target=\"_blank\">Twitter<\/a>\u2009;<br \/>Yvelines\u2009: retrouvez\u00a078actu\u00a0sur\u00a0<a href=\"https:\/\/www.facebook.com\/78actu\/\" rel=\"nofollow noopener\" target=\"_blank\">Facebook<\/a>\u00a0et\u00a0<a href=\"https:\/\/x.com\/78actu\" rel=\"nofollow\">Twitter<\/a>\u2009;<br \/>Essonne\u2009: retrouvez\u00a0actu Essonne\u00a0sur\u00a0<a href=\"https:\/\/www.facebook.com\/actuessonne\/?ref=br_rs\" rel=\"nofollow noopener\" target=\"_blank\">Facebook<\/a>\u00a0et\u00a0<a href=\"https:\/\/twitter.com\/ActuEssonne\" rel=\"nofollow noopener\" target=\"_blank\">Twitter<\/a>\u2009;<br \/>Hauts-de-Seine\u2009: retrouvez\u00a0actu\u00a0Hauts-de-Seine\u00a0sur\u00a0<a href=\"https:\/\/www.facebook.com\/actufr.hautsdeseine\/\" rel=\"nofollow noopener\" target=\"_blank\">Facebook<\/a>\u00a0et\u00a0<a href=\"https:\/\/twitter.com\/actufr92\" rel=\"nofollow noopener\" target=\"_blank\">Twitter<\/a>\u2009;<br \/>Seine-Saint-Denis\u2009: retrouvez actu Seine-Saint-Denis sur\u00a0<a href=\"https:\/\/www.facebook.com\/actufr.seinesaintdenis\/\" rel=\"nofollow noopener\" target=\"_blank\">Facebook<\/a>\u00a0et\u00a0<a href=\"https:\/\/x.com\/Actufr93\" rel=\"nofollow\">Twitter<\/a>\u2009;<br \/>Val-de-Marne\u2009: retrouvez actu Val-de-Marne sur\u00a0<a href=\"https:\/\/www.facebook.com\/actu94.valdemarne\/\" rel=\"nofollow noopener\" target=\"_blank\">Facebook<\/a>\u00a0et\u00a0<a href=\"https:\/\/x.com\/actufr94\" rel=\"nofollow\">Twitter<\/a>\u2009;<br \/>Val-d\u2019Oise\u2009: retrouvez La Gazette du Val-d\u2019Oise sur\u00a0<a href=\"https:\/\/x.com\/actufr94\" rel=\"nofollow\">Twitter<\/a><\/p>\n<p class=\" wall-content\">Suivez toute l\u2019actualit\u00e9 de vos villes et m\u00e9dias favoris en vous inscrivant \u00e0 <a href=\"https:\/\/moncompte.actu.fr\" title=\"D\u00e9couvez Mon Actu\" rel=\"nofollow noopener\" data-trk=\"{&quot;cta&quot;:{&quot;action&quot;:&quot;https:\\\/\\\/moncompte.actu.fr&quot;,&quot;category&quot;:&quot;mon compte&quot;,&quot;from&quot;:&quot;article footer&quot;,&quot;name&quot;:&quot;Mon actu&quot;,&quot;type&quot;:&quot;cta&quot;}}\" target=\"_blank\">Mon Actu<\/a>.<\/p>\n<p>                    <script async src=\"https:\/\/platform.twitter.com\/widgets.js\" charset=\"utf-8\"><\/script><\/p>\n","protected":false},"excerpt":{"rendered":"Par Hugo Hancewicz Publi\u00e9 le 4 juin 2025 \u00e0 12h08 Une explosion a eu lieu dans la gare&hellip;\n","protected":false},"author":2,"featured_media":151160,"comment_status":"","ping_status":"","sticky":false,"template":"","format":"standard","meta":{"footnotes":""},"categories":[1888],"tags":[1111,1928,11,1927,28005,1777,674,1011,27,1310,12,1926,626,1925,25,2215,104],"class_list":{"0":"post-151409","1":"post","2":"type-post","3":"status-publish","4":"format-standard","5":"has-post-thumbnail","7":"category-paris","8":"tag-actu","9":"tag-actu-paris","10":"tag-actualites","11":"tag-actualites-paris","12":"tag-colline-delancourt","13":"tag-eu","14":"tag-europe","15":"tag-fr","16":"tag-france","17":"tag-incendie","18":"tag-news","19":"tag-news-paris","20":"tag-paris","21":"tag-paris-news","22":"tag-republique-francaise","23":"tag-sncf","24":"tag-societe"},"share_on_mastodon":{"url":"https:\/\/pubeurope.com\/@fr\/114625098725873115","error":""},"_links":{"self":[{"href":"https:\/\/www.europesays.com\/fr\/wp-json\/wp\/v2\/posts\/151409","targetHints":{"allow":["GET"]}}],"collection":[{"href":"https:\/\/www.europesays.com\/fr\/wp-json\/wp\/v2\/posts"}],"about":[{"href":"https:\/\/www.europesays.com\/fr\/wp-json\/wp\/v2\/types\/post"}],"author":[{"embeddable":true,"href":"https:\/\/www.europesays.com\/fr\/wp-json\/wp\/v2\/users\/2"}],"replies":[{"embeddable":true,"href":"https:\/\/www.europesays.com\/fr\/wp-json\/wp\/v2\/comments?post=151409"}],"version-history":[{"count":0,"href":"https:\/\/www.europesays.com\/fr\/wp-json\/wp\/v2\/posts\/151409\/revisions"}],"wp:featuredmedia":[{"embeddable":true,"href":"https:\/\/www.europesays.com\/fr\/wp-json\/wp\/v2\/media\/151160"}],"wp:attachment":[{"href":"https:\/\/www.europesays.com\/fr\/wp-json\/wp\/v2\/media?parent=151409"}],"wp:term":[{"taxonomy":"category","embeddable":true,"href":"https:\/\/www.europesays.com\/fr\/wp-json\/wp\/v2\/categories?post=151409"},{"taxonomy":"post_tag","embeddable":true,"href":"https:\/\/www.europesays.com\/fr\/wp-json\/wp\/v2\/tags?post=151409"}],"curies":[{"name":"wp","href":"https:\/\/api.w.org\/{rel}","templated":true}]}}