{"id":151418,"date":"2025-06-04T12:33:10","date_gmt":"2025-06-04T12:33:10","guid":{"rendered":"https:\/\/www.europesays.com\/fr\/151418\/"},"modified":"2025-06-04T12:33:10","modified_gmt":"2025-06-04T12:33:10","slug":"lukraine-invitee-au-sommet-de-lotan-a-la-haye-declare-rutte-04-06-2025-a-1415","status":"publish","type":"post","link":"https:\/\/www.europesays.com\/fr\/151418\/","title":{"rendered":"L&rsquo;Ukraine invit\u00e9e au sommet de l&rsquo;Otan \u00e0 La Haye, d\u00e9clare Rutte &#8211; 04\/06\/2025 \u00e0 14:15"},"content":{"rendered":"<p>        <img fetchpriority=\"high\" decoding=\"async\" src=\"https:\/\/www.europesays.com\/fr\/wp-content\/uploads\/2025\/06\/dcc35419edc347dddcc092799b9346c3-760x507.jpg\" alt=\"Mark Rutte donne une conf\u00e9rence de presse au si\u00e8ge de l'Alliance \u00e0 Bruxelles\" loading=\"eager\" width=\"760\" height=\"507\" style=\"max-width: 100%!important; height: auto;\"\/><\/p>\n<p class=\"c-image-news__legend\">Mark Rutte donne une conf\u00e9rence de presse au si\u00e8ge de l&rsquo;Alliance \u00e0 Bruxelles<\/p>\n<p>\n BRUXELLES (Reuters &#8211; L&rsquo;Ukraine est invit\u00e9e au sommet de l&rsquo;Otan qui doit se tenir \u00e0 La Haye du 24 au 26 juin, a d\u00e9clar\u00e9 mercredi le secr\u00e9taire g\u00e9n\u00e9ral de l&rsquo;alliance militaire Mark Rutte, en amont d&rsquo;une r\u00e9union de ministres de la D\u00e9fense du groupe \u00e0 Bruxelles.\n<\/p>\n<p>\n \u00ab\u00a0J&rsquo;ai invit\u00e9 l&rsquo;Ukraine au sommet. Nous publierons d\u00e8s que possible le programme avec plus de d\u00e9tails\u00a0\u00bb, a d\u00e9clar\u00e9 \u00e0 des journalistes Mark Rutte, sans pr\u00e9ciser si le pr\u00e9sident ukrainien Volodimir Zelensky serait pr\u00e9sent.\n<\/p>\n<p>\n L&rsquo;invitation de l&rsquo;Ukraine au prochain sommet en juin \u00e9tait une demande de Volodimir Zelensky, affirmant que ne pas le faire repr\u00e9senterait une victoire pour le pr\u00e9sident Russe Vladimir Poutine.\n<\/p>\n<p>\n La question de l&rsquo;adh\u00e9sion de l&rsquo;Ukraine \u00e0 l&rsquo;Otan est un sujet sensible et une ligne rouge pour Moscou qui exige, dans le cadre des n\u00e9gociations directes entre les deux parties, que Kyiv accepte un statut de pays neutre.\n<\/p>\n<p>\n Par ailleurs, Mark Rutte a aussi d\u00e9clar\u00e9 que l&rsquo;Otan allait renforcer ses capacit\u00e9s de dissuasion et de d\u00e9fense, en fixant de nouveaux objectifs ambitieux.\n<\/p>\n<p>\n \u00ab\u00a0Ces objectifs d\u00e9finissent les forces et les capacit\u00e9s concr\u00e8tes que tous les alli\u00e9s doivent fournir pour renforcer notre dissuasion et notre d\u00e9fense. La d\u00e9fense a\u00e9rienne et antimissile, les armes de longue port\u00e9e, la logistique et les grandes formations de manoeuvres terrestres figurent parmi nos principales priorit\u00e9s\u00a0\u00bb, a-t-il d\u00e9clar\u00e9.\n<\/p>\n<p>\n L&rsquo;Otan fixe \u00e0 2% du produit int\u00e9rieur brut (PIB) l&rsquo;objectif en mati\u00e8res de d\u00e9penses de d\u00e9fense, un objectif atteint par 22 des 32 Etats membres de l&rsquo;alliance. Mais de nombreux dirigeants ont pouss\u00e9 pour r\u00e9\u00e9valuer \u00e0 la hausse ces objectifs, consid\u00e9rant que la Russie est devenue une menace bien plus pr\u00e9sente \u00e0 la suite de l&rsquo;invasion de l&rsquo;Ukraine en 2022.\n<\/p>\n<p>\n (R\u00e9dig\u00e9 par Andrew Gray, Benoit Van Overstraeten et Charlotte Van Campenhout ; version fran\u00e7aise Zhifan Liu, \u00e9dit\u00e9 par Kate Entringer)<\/p>\n","protected":false},"excerpt":{"rendered":"Mark Rutte donne une conf\u00e9rence de presse au si\u00e8ge de l&rsquo;Alliance \u00e0 Bruxelles BRUXELLES (Reuters &#8211; L&rsquo;Ukraine est&hellip;\n","protected":false},"author":2,"featured_media":151419,"comment_status":"","ping_status":"","sticky":false,"template":"","format":"standard","meta":{"footnotes":""},"categories":[1590],"tags":[400,11,398,408,405,1777,674,403,402,399,404,12,401,406,220,407],"class_list":{"0":"post-151418","1":"post","2":"type-post","3":"status-publish","4":"format-standard","5":"has-post-thumbnail","7":"category-ukraine","8":"tag-action-cac-40","9":"tag-actualites","10":"tag-bourse-de-paris","11":"tag-boursorama","12":"tag-cotations","13":"tag-eu","14":"tag-europe","15":"tag-indices-devises","16":"tag-investir","17":"tag-investissement","18":"tag-marche-boursier","19":"tag-news","20":"tag-sicav","21":"tag-trackers","22":"tag-ukraine","23":"tag-warrants"},"share_on_mastodon":{"url":"https:\/\/pubeurope.com\/@fr\/114625118454434623","error":""},"_links":{"self":[{"href":"https:\/\/www.europesays.com\/fr\/wp-json\/wp\/v2\/posts\/151418","targetHints":{"allow":["GET"]}}],"collection":[{"href":"https:\/\/www.europesays.com\/fr\/wp-json\/wp\/v2\/posts"}],"about":[{"href":"https:\/\/www.europesays.com\/fr\/wp-json\/wp\/v2\/types\/post"}],"author":[{"embeddable":true,"href":"https:\/\/www.europesays.com\/fr\/wp-json\/wp\/v2\/users\/2"}],"replies":[{"embeddable":true,"href":"https:\/\/www.europesays.com\/fr\/wp-json\/wp\/v2\/comments?post=151418"}],"version-history":[{"count":0,"href":"https:\/\/www.europesays.com\/fr\/wp-json\/wp\/v2\/posts\/151418\/revisions"}],"wp:featuredmedia":[{"embeddable":true,"href":"https:\/\/www.europesays.com\/fr\/wp-json\/wp\/v2\/media\/151419"}],"wp:attachment":[{"href":"https:\/\/www.europesays.com\/fr\/wp-json\/wp\/v2\/media?parent=151418"}],"wp:term":[{"taxonomy":"category","embeddable":true,"href":"https:\/\/www.europesays.com\/fr\/wp-json\/wp\/v2\/categories?post=151418"},{"taxonomy":"post_tag","embeddable":true,"href":"https:\/\/www.europesays.com\/fr\/wp-json\/wp\/v2\/tags?post=151418"}],"curies":[{"name":"wp","href":"https:\/\/api.w.org\/{rel}","templated":true}]}}