{"id":151425,"date":"2025-06-04T12:37:24","date_gmt":"2025-06-04T12:37:24","guid":{"rendered":"https:\/\/www.europesays.com\/fr\/151425\/"},"modified":"2025-06-04T12:37:24","modified_gmt":"2025-06-04T12:37:24","slug":"pourquoi-le-succes-des-voitures-electriques-en-europe-est-a-prendre-avec-des-pincettes","status":"publish","type":"post","link":"https:\/\/www.europesays.com\/fr\/151425\/","title":{"rendered":"pourquoi le succ\u00e8s des voitures \u00e9lectriques en Europe est \u00e0 prendre avec des pincettes"},"content":{"rendered":"<p>Les ventes de voitures \u00e9lectriques repartent \u00e0 la hausse en Europe depuis le d\u00e9but de l\u2019ann\u00e9e. Une croissance qui repose essentiellement sur les flottes d\u2019entreprise et les ventes tactiques ; les particuliers semblent encore \u00e0 convaincre.<\/p>\n<p><a target=\"_blank\" href=\"https:\/\/images.frandroid.com\/wp-content\/uploads\/2024\/02\/volkswagen-id7-tourer-db2024au00271.jpg\" class=\"article-content__figure\" rel=\"nofollow noopener\"><img fetchpriority=\"high\" decoding=\"async\" loading=\"eager\" width=\"1200\" height=\"800\" src=\"https:\/\/www.europesays.com\/fr\/wp-content\/uploads\/2025\/06\/volkswagen-id7-tourer-db2024au00271-1200x800-1.jpg\" alt=\"\" class=\"wp-image-1941724 wp-image wp-image\"  \/><\/a>La Volkswagen ID.7, championne des ventes aux flottes \/\/ Source : Volkswagen<\/p>\n<p>Bonne nouvelle : apr\u00e8s <a href=\"https:\/\/www.frandroid.com\/survoltes\/voitures-electriques\/2478866_les-ventes-de-voitures-electriques-ont-chute-en-europe-en-2024-voici-tous-les-chiffres-cles-a-connaitre\" rel=\"nofollow noopener\" target=\"_blank\">une ann\u00e9e 2024 morose<\/a>, les ventes en Europe de voitures \u00e9lectriques <a href=\"https:\/\/www.frandroid.com\/marques\/byd\/2624817_on-y-est-byd-a-depasse-tesla-en-europe-pour-la-premiere-fois-de-son-histoire\" rel=\"nofollow noopener\" target=\"_blank\">repartent \u00e0 la hausse en 2025<\/a>. 610 000 immatriculations ont \u00e9t\u00e9 ainsi r\u00e9alis\u00e9es au premier trimestre, une progression de 27 % par rapport \u00e0 l\u2019ann\u00e9e pr\u00e9c\u00e9dente.<\/p>\n<p>Une v\u00e9rit\u00e9 qu\u2019il convient de nuancer : une enqu\u00eate du <a target=\"_blank\" href=\"https:\/\/www.handelsblatt.com\/mobilitaet\/elektromobilitaet\/autobauer-elektroautos-boomen-in-europa-nur-nicht-bei-privatkunden\/100129402.html\" rel=\"nofollow noopener\">Handelsblatt<\/a> r\u00e9v\u00e8le que cette croissance est tr\u00e8s majoritairement soutenue par les ventes aux professionnels, avec des particuliers qui semblent ne pas encore trouver chaussure \u00e0 leurs pieds.<\/p>\n<p>Les marques allemandes \u00e0 la peine<\/p>\n<p>Le quotidien \u00e9conomique allemand a \u00e9pluch\u00e9 les canaux de vente des voitures \u00e9lectriques en Europe, de quoi d\u00e9couvrir que moins d\u2019un tiers d\u2019entre elles ont \u00e9t\u00e9 r\u00e9alis\u00e9es \u00e0 des particuliers. Une d\u00e9croissance au fil des ans, passant de 38 % en 2023 \u00e0 31 % au premier trimestre 2025 ; en comparaison, cette proportion se maintient \u00e0 37 % sur l\u2019int\u00e9gralit\u00e9 du march\u00e9 europ\u00e9en.<\/p>\n<p><a target=\"_blank\" href=\"https:\/\/images.frandroid.com\/wp-content\/uploads\/2023\/04\/volkswagen-id7-14.jpeg\" class=\"article-content__figure\" rel=\"nofollow noopener\"><img loading=\"lazy\" decoding=\"async\" width=\"1200\" height=\"800\" src=\"https:\/\/www.europesays.com\/fr\/wp-content\/uploads\/2025\/06\/volkswagen-id7-14-1200x800.jpeg\" alt=\"\" class=\"wp-image-1666639 wp-image\"  \/><\/a>Volkswagen ID.7<\/p>\n<p>            <img decoding=\"async\" width=\"1200\" height=\"446\" loading=\"lazy\" alt=\"Mini B\" title=\"Mini B\" class=\"is-radiusless placeholder-default wp-image\" src=\"https:\/\/www.europesays.com\/fr\/wp-content\/uploads\/2025\/05\/mini-b-1200x446.jpg\" \/>        <\/p>\n<p>\n                L\u2019esprit MINI, en plus GRAND            <\/p>\n<p class=\"has-text-weight-medium is-size-6 is-line-height-normal\">\n                D\u00e9couvrez LA MINI de taille. Plus grande, plus robuste, et surtout, avec plus de place pour ce qui compte. Personnalisez votre MINI Countryman Electric directement en ligne.            <\/p>\n<p>Une des raisons principales : le durcissement des r\u00e8gles d\u2019\u00e9lectrification des flottes partout en Europe, <a href=\"https:\/\/www.frandroid.com\/survoltes\/2425708_les-entreprises-qui-nachetent-pas-assez-de-voitures-electriques-vont-etre-severement-punies\" rel=\"nofollow noopener\" target=\"_blank\">France compris<\/a>. Ce qui met certains mod\u00e8les sous les feux de la rampe : le carton de la <a href=\"https:\/\/www.frandroid.com\/produits\/voitures\/volkswagen\/1667207-volkswagen-id-7\" rel=\"nofollow noopener\" target=\"_blank\">Volkswagen ID.7<\/a>, par exemple, est quasi-exclusivement d\u00fb aux flottes : plus de 16 000 des 18 800 ventes ont \u00e9t\u00e9 r\u00e9alis\u00e9es \u00e0 des professionnels. M\u00eame son de cloche pour l\u2019<a href=\"https:\/\/www.frandroid.com\/produits\/voitures\/audi\/1964282-audi-q6-e-tron-quattro\" rel=\"nofollow noopener\" target=\"_blank\">Audi Q6 e-tron<\/a>, dont les ventes aux particuliers ne d\u00e9passent pas 10 % ; son homologue thermique, le Q5, arrive \u00e0 50 %.<\/p>\n<p>En se concentrant sur l\u2019Allemagne, <a href=\"https:\/\/www.frandroid.com\/survoltes\/2330198_lallemagne-a-trouve-une-solution-pour-reduire-le-prix-des-voitures-electriques-pourquoi-elle-est-decevante\" rel=\"nofollow noopener\" target=\"_blank\">qui subventionne les ventes de voitures \u00e9lectriques aux flottes<\/a>, la situation devient cruelle pour les marques locales : Audi, par exemple, n\u2019y vend que 7 % de ses voitures \u00e9lectriques \u00e0 des particuliers ; en 2024, c\u2019\u00e9tait 11 %. \u00ab Nous ne pouvons pas nous satisfaire de cela \u00bb, d\u00e9clare un haut responsable d\u2019Audi au m\u00e9dia allemand.<\/p>\n<p><a target=\"_blank\" href=\"https:\/\/images.frandroid.com\/wp-content\/uploads\/2024\/03\/a241257-large.jpg\" class=\"article-content__figure\" rel=\"nofollow noopener\"><img loading=\"lazy\" decoding=\"async\" width=\"1200\" height=\"900\" src=\"https:\/\/www.europesays.com\/fr\/wp-content\/uploads\/2025\/06\/a241257-large-1200x900.jpg\" alt=\"\" class=\"wp-image-1966120 wp-image\"  \/><\/a>Audi Q6 e-tron quattro \/\/ Source : Audi<\/p>\n<p>Les <a href=\"https:\/\/www.frandroid.com\/survoltes\/voitures-electriques\/2612199_la-tendance-a-de-quoi-inquieter-pourquoi-les-ventes-tactiques-de-voitures-explosent\" rel=\"nofollow noopener\" target=\"_blank\">ventes tactiques<\/a>, lorsque les marques ou les concessions immatriculent elle-m\u00eame leurs voitures, prennent une place consid\u00e9rable : elles repr\u00e9sentent jusqu\u2019\u00e0 53 % des immatriculations de voitures \u00e9lectriques en Allemagne dans le cas d\u2019Opel.<\/p>\n<p>Des voitures \u00e9lectriques encore trop ch\u00e8res pour les particuliers<\/p>\n<p>Une situation \u00ab pr\u00e9occupante \u00bb pour Stefan Reindl, directeur de l\u2019Institut pour l\u2019industrie automobile (IfA), qui consid\u00e8re que les ventes aux particuliers sont \u00ab un indicateur fiable de la demande r\u00e9elle du march\u00e9 \u00bb.<\/p>\n<p>Les raisons de ce d\u00e9samour sont nombreuses. Les craintes autour de l\u2019autonomie ou de la recharge sont toujours pr\u00e9sentes, de m\u00eame que <a href=\"https:\/\/www.frandroid.com\/survoltes\/voitures-electriques\/2574131_le-prix-des-voitures-electrique-doccasion-degringole-la-preuve-avec-ces-chiffres-leboncoin\" rel=\"nofollow noopener\" target=\"_blank\">les probl\u00e8mes de d\u00e9pr\u00e9ciation<\/a> dont ont souffert les pr\u00e9c\u00e9dentes g\u00e9n\u00e9rations de voitures \u00e9lectriques, aux prestations rapidement devenues d\u00e9pass\u00e9es.<\/p>\n<p><a target=\"_blank\" href=\"https:\/\/images.frandroid.com\/wp-content\/uploads\/2024\/05\/1000023936.jpg\" class=\"article-content__figure\" rel=\"nofollow noopener\"><img loading=\"lazy\" decoding=\"async\" width=\"1200\" height=\"675\" src=\"https:\/\/www.europesays.com\/fr\/wp-content\/uploads\/2025\/06\/1000023936-1200x675.jpg\" alt=\"\" class=\"wp-image-2031632 wp-image\"  \/><\/a>La Citro\u00ebn \u00eb-C3, preuve de la demande des clients pour des voitures \u00e9lectriques abordables \/\/ Source : Jean-Baptiste Passieux \u2013 Frandroid<\/p>\n<p>Dernier point : les prix, jug\u00e9s toujours trop haut par rapport aux concurrentes thermiques ou hybrides. Sur ce dernier point, les succ\u00e8s commerciaux de l\u2019ann\u00e9e sont assez r\u00e9v\u00e9lateurs, avec les excellents d\u00e9buts de carri\u00e8re de la <a href=\"https:\/\/www.frandroid.com\/produits\/voitures\/renault\/1515362-renault-5-electrique\" rel=\"nofollow noopener\" target=\"_blank\">Renault 5 E-Tech<\/a> (d\u00e8s 27 990 euros hors bonus \u00e9cologique en France) et de la <a href=\"https:\/\/www.frandroid.com\/produits\/voitures\/citroen\/1835333-citroen-e-c3\" rel=\"nofollow noopener\" target=\"_blank\">Citro\u00ebn \u00eb-C3<\/a> (\u00e0 partir de 23 300 euros hors bonus en France). Quant \u00e0 la <a href=\"https:\/\/www.frandroid.com\/produits\/voitures\/dacia\/1940772-dacia-spring-2024\" rel=\"nofollow noopener\" target=\"_blank\">Dacia Spring<\/a> (d\u00e8s 16 900 euros), 76 % de ses ventes allemandes se font \u00e0 des particuliers.<\/p>\n<p class=\"shortcode-container see-more\">\n    Pour aller plus loin<br \/><a href=\"https:\/\/www.frandroid.com\/marques\/2607135_la-renault-5-electrique-triomphe-dans-un-pays-europeen-autre-que-la-france\" rel=\"nofollow noopener\" target=\"_blank\">La Renault 5 \u00e9lectrique triomphe dans un pays europ\u00e9en autre que la France<\/a>\n            <\/p>\n<p>Cette vague de petites voitures \u00e9lectriques devrait se poursuivre en 2026 avec l\u2019arriv\u00e9e des citadines du groupe Volkswagen, promises \u00e0 25 000 euros : la Cupra Raval, la <a href=\"https:\/\/www.frandroid.com\/produits\/voitures\/volkswagen\/1637175-volkswagen-id-2-all\" rel=\"nofollow noopener\" target=\"_blank\">Volkswagen ID.2<\/a> et le Skoda Epiq devraient aider \u00e0 convaincre de plus en plus de foyers \u00e0 passer \u00e0 l\u2019\u00e9lectrique, sans compter le segment \u00e0 20 000 euros, dans lequel se battront <a href=\"https:\/\/www.frandroid.com\/marques\/volkswagen\/2578547_volkswagen-annonce-enfin-la-date-de-production-de-sa-voiture-electrique-a-20-000-e\" rel=\"nofollow noopener\" target=\"_blank\">l\u2019ID.1<\/a> et la future <a href=\"https:\/\/www.frandroid.com\/marques\/renault\/2467536_on-est-monte-a-bord-de-la-future-renault-twingo-electrique-a-20-000-e-et-on-a-tres-hate-de-la-conduire\" rel=\"nofollow noopener\" target=\"_blank\">Renault Twingo<\/a>.<\/p>\n<p>Envie de rejoindre une communaut\u00e9 de passionn\u00e9s ? <a href=\"https:\/\/discord.com\/invite\/frandroid-311789172149190657\" target=\"_blank\" rel=\"noopener nofollow\">Notre Discord<\/a> vous accueille, c\u2019est un lieu d\u2019entraide et de passion autour de la tech.<\/p>\n","protected":false},"excerpt":{"rendered":"Les ventes de voitures \u00e9lectriques repartent \u00e0 la hausse en Europe depuis le d\u00e9but de l\u2019ann\u00e9e. Une croissance&hellip;\n","protected":false},"author":2,"featured_media":151426,"comment_status":"","ping_status":"","sticky":false,"template":"","format":"standard","meta":{"footnotes":""},"categories":[1586],"tags":[11,28080,1777,674,28081,1011,27,12,25],"class_list":{"0":"post-151425","1":"post","2":"type-post","3":"status-publish","4":"format-standard","5":"has-post-thumbnail","7":"category-europe","8":"tag-actualites","9":"tag-chiffres-de-ventes","10":"tag-eu","11":"tag-europe","12":"tag-flottes","13":"tag-fr","14":"tag-france","15":"tag-news","16":"tag-republique-francaise"},"share_on_mastodon":{"url":"https:\/\/pubeurope.com\/@fr\/114625134386385555","error":""},"_links":{"self":[{"href":"https:\/\/www.europesays.com\/fr\/wp-json\/wp\/v2\/posts\/151425","targetHints":{"allow":["GET"]}}],"collection":[{"href":"https:\/\/www.europesays.com\/fr\/wp-json\/wp\/v2\/posts"}],"about":[{"href":"https:\/\/www.europesays.com\/fr\/wp-json\/wp\/v2\/types\/post"}],"author":[{"embeddable":true,"href":"https:\/\/www.europesays.com\/fr\/wp-json\/wp\/v2\/users\/2"}],"replies":[{"embeddable":true,"href":"https:\/\/www.europesays.com\/fr\/wp-json\/wp\/v2\/comments?post=151425"}],"version-history":[{"count":0,"href":"https:\/\/www.europesays.com\/fr\/wp-json\/wp\/v2\/posts\/151425\/revisions"}],"wp:featuredmedia":[{"embeddable":true,"href":"https:\/\/www.europesays.com\/fr\/wp-json\/wp\/v2\/media\/151426"}],"wp:attachment":[{"href":"https:\/\/www.europesays.com\/fr\/wp-json\/wp\/v2\/media?parent=151425"}],"wp:term":[{"taxonomy":"category","embeddable":true,"href":"https:\/\/www.europesays.com\/fr\/wp-json\/wp\/v2\/categories?post=151425"},{"taxonomy":"post_tag","embeddable":true,"href":"https:\/\/www.europesays.com\/fr\/wp-json\/wp\/v2\/tags?post=151425"}],"curies":[{"name":"wp","href":"https:\/\/api.w.org\/{rel}","templated":true}]}}