{"id":151437,"date":"2025-06-04T12:45:08","date_gmt":"2025-06-04T12:45:08","guid":{"rendered":"https:\/\/www.europesays.com\/fr\/151437\/"},"modified":"2025-06-04T12:45:08","modified_gmt":"2025-06-04T12:45:08","slug":"roland-garros-elina-svitolina-monfils-cest-une-question-tres-compliquee-avec-gael-nous-ne-voulons-pas-que-notre-fille-subisse-ca-pendant-son-enfance-parce-quevidemment-tout-le-monde","status":"publish","type":"post","link":"https:\/\/www.europesays.com\/fr\/151437\/","title":{"rendered":"Roland Garros > Elina Svitolina-Monfils : \u00ab\u00a0C&rsquo;est une question tr\u00e8s compliqu\u00e9e. Avec Ga\u00ebl, nous ne voulons pas que notre fille subisse \u00e7a pendant son enfance parce qu\u2019\u00e9videmment, tout le monde s\u2019attendrait \u00e0 la voir dominer chez les juniors\u00a0\u00bb"},"content":{"rendered":"<p>\u00c9limin\u00e9e de Roland\u2010Garros apr\u00e8s sa d\u00e9faite en quarts de finale face \u00e0 Iga Swiatek, Elina Svitolina a accord\u00e9 une inter\u00adview au <a href=\"https:\/\/www.leparisien.fr\/sports\/tennis\/roland-garros\/il-a-fallu-que-jarrive-a-compartimenter-mon-cerveau-a-roland-garros-elina-svitolina-a-plusieurs-vies-01-06-2025-MV2PORA3QFADRAM6BOEXN7RG4I.php\" data-wpel-link=\"external\" target=\"_blank\" rel=\"nofollow external noopener\">Parisien<\/a> il y a quelques jours dans laquelle elle a fait quelques confi\u00addences sur sa fille. L\u2019\u00e9pouse de Ga\u00ebl Monfils a notam\u00adment r\u00e9pondu \u00e0 la ques\u00adtion\u00a0: \u00ab\u202fest\u2010elle pr\u00e9des\u00adtin\u00e9e \u00e0 devenir une joueuse de\u00a0tennis\u202f\u00bb\u00a0?<\/p>\n<p><strong>\u00ab\u202fC\u2019est une ques\u00adtion tr\u00e8s compli\u00adqu\u00e9e parce que c\u2019est d\u00e9j\u00e0 parti\u00adcu\u00adlier quand une personne dans la famille joue au tennis. Mais\u00a0quand ce sont les deux parents, c\u2019est beau\u00adcoup de pres\u00adsion\u202f! Nous ne voulons pas qu\u2019elle en subisse pendant son enfance. Parce qu\u2019\u00e9videmment tout le monde s\u2019attendrait \u00e0 la voir dominer chez les juniors ou quelque chose du genre. J\u2019ai l\u2019impression que c\u2019est beau\u00adcoup. Non seule\u00adment sur le plan mental, mais aussi sur le plan de l\u2019attention.\u00a0Nous allons essayer de lui donner diff\u00e9\u00adrentes oppor\u00adtu\u00adnit\u00e9s\u00a0dans diff\u00e9\u00adrents sports et nous verrons bien.\u202f\u00bb<\/strong><\/p>\n<p class=\"post-published-date\" style=\"color: silver; font-size: 75%; text-align: left;\">Publi\u00e9 le mercredi 4 juin 2025 \u00e0 11:28<\/p>\n","protected":false},"excerpt":{"rendered":"\u00c9limin\u00e9e de Roland\u2010Garros apr\u00e8s sa d\u00e9faite en quarts de finale face \u00e0 Iga Swiatek, Elina Svitolina a accord\u00e9&hellip;\n","protected":false},"author":2,"featured_media":134773,"comment_status":"","ping_status":"","sticky":false,"template":"","format":"standard","meta":{"footnotes":""},"categories":[1415],"tags":[1011,27,2200,3770,60,12325,1467],"class_list":{"0":"post-151437","1":"post","2":"type-post","3":"status-publish","4":"format-standard","5":"has-post-thumbnail","7":"category-tennis","8":"tag-fr","9":"tag-france","10":"tag-iga-swiatek","11":"tag-monfils","12":"tag-sports","13":"tag-svitolina","14":"tag-tennis"},"share_on_mastodon":{"url":"https:\/\/pubeurope.com\/@fr\/114625165577030032","error":""},"_links":{"self":[{"href":"https:\/\/www.europesays.com\/fr\/wp-json\/wp\/v2\/posts\/151437","targetHints":{"allow":["GET"]}}],"collection":[{"href":"https:\/\/www.europesays.com\/fr\/wp-json\/wp\/v2\/posts"}],"about":[{"href":"https:\/\/www.europesays.com\/fr\/wp-json\/wp\/v2\/types\/post"}],"author":[{"embeddable":true,"href":"https:\/\/www.europesays.com\/fr\/wp-json\/wp\/v2\/users\/2"}],"replies":[{"embeddable":true,"href":"https:\/\/www.europesays.com\/fr\/wp-json\/wp\/v2\/comments?post=151437"}],"version-history":[{"count":0,"href":"https:\/\/www.europesays.com\/fr\/wp-json\/wp\/v2\/posts\/151437\/revisions"}],"wp:featuredmedia":[{"embeddable":true,"href":"https:\/\/www.europesays.com\/fr\/wp-json\/wp\/v2\/media\/134773"}],"wp:attachment":[{"href":"https:\/\/www.europesays.com\/fr\/wp-json\/wp\/v2\/media?parent=151437"}],"wp:term":[{"taxonomy":"category","embeddable":true,"href":"https:\/\/www.europesays.com\/fr\/wp-json\/wp\/v2\/categories?post=151437"},{"taxonomy":"post_tag","embeddable":true,"href":"https:\/\/www.europesays.com\/fr\/wp-json\/wp\/v2\/tags?post=151437"}],"curies":[{"name":"wp","href":"https:\/\/api.w.org\/{rel}","templated":true}]}}