{"id":151442,"date":"2025-06-04T12:49:09","date_gmt":"2025-06-04T12:49:09","guid":{"rendered":"https:\/\/www.europesays.com\/fr\/151442\/"},"modified":"2025-06-04T12:49:09","modified_gmt":"2025-06-04T12:49:09","slug":"nicolas-dricot-epanoui-dans-mon-travail-et-mes-etudes-actualite","status":"publish","type":"post","link":"https:\/\/www.europesays.com\/fr\/151442\/","title":{"rendered":"Nicolas Dricot : \u00ab Epanoui dans mon travail et mes \u00e9tudes \u00bb &#8211; Actualit\u00e9"},"content":{"rendered":"<p style=\"text-align: justify;\">Vainqueur le week-end dernier du Grand Prix de Valberg, deuxi\u00e8me manche de la Coupe de France N3 (<strong><a href=\"https:\/\/www.directvelo.com\/actualite\/121033\/grand-prix-de-valberg-classement\" target=\"_blank\" rel=\"noopener\">voir classement<\/a><\/strong>), Nicolas Dricot a sign\u00e9 la plus grande performance de sa jeune carri\u00e8re. Le Belge de 24 ans revient sur son succ\u00e8s et raconte \u00e0 DirectVelo son parcours particulier. Doctorant en physique, le pensionnaire de Grenoble M\u00e9tropole Cyclisme 38-EF concilie passion pour le v\u00e9lo et recherche scientifique.<\/p>\n<p><strong>DirectVelo : Tu obtiens ta premi\u00e8re victoire en France ! Qu&rsquo;est-ce que \u00e7a repr\u00e9sente pour toi\u00a0?<\/strong><br \/>Nicolas Dricot : Je ne sais pas, parce que compar\u00e9 \u00e0 beaucoup d&rsquo;autres coureurs qui ont l&rsquo;ambition ou l&rsquo;espoir de faire de grandes choses. Chez moi, ce n&rsquo;est pas vraiment mon objectif de passer \u00e0 l&rsquo;\u00e9chelon sup\u00e9rieur ou d&rsquo;\u00eatre remarqu\u00e9 par les plus grandes \u00e9quipes. Bien s\u00fbr, cette victoire repr\u00e9sente un accomplissement personnel, c&rsquo;est chouette de voir son travail payer. Mais ce n&rsquo;est pas non plus une lib\u00e9ration dans le sens o\u00f9 je n\u2019en ai absolument\u00a0 pas besoin.<\/p>\n<p><strong>\u00ab C\u2019\u00c9TAIT DOMMAGE DE DEVOIR ARR\u00caTER LE V\u00c9LO\u00a0\u00c0 CAUSE DE L\u2019UNIVERSIT\u00c9 \u00bb<\/strong><\/p>\n<p><strong>Comment s&rsquo;est d\u00e9roul\u00e9e ta course ?<\/strong><br \/>On a mis en place une superbe strat\u00e9gie qui consistait, d\u00e8s le deuxi\u00e8me GPM, \u00e0 essayer de se d\u00e9tacher du reste du peloton. Je suis parti dans un groupe de huit, avec un de mes \u00e9quipiers. Dans le GPM suivant, on a vraiment essay\u00e9 de forcer les \u00e9quipes dans le peloton \u00e0 rouler sur nous, pour que nos co\u00e9quipiers puissent profiter du travail des autres. Mais si elles ne roulaient pas, \u00e9videmment c&rsquo;\u00e9tait en notre faveur. C&rsquo;est ce deuxi\u00e8me cas qui s&rsquo;est produit et on s&rsquo;est retrouv\u00e9s au pied de la derni\u00e8re mont\u00e9e, avec 3 minutes d&rsquo;avance sur un groupe de contre. Mon \u00e9quipier a fait un sacr\u00e9 boulot, il a pass\u00e9 un gros relais dans la partie la plus raide \u00e0 plus de 10%. Et c&rsquo;est l\u00e0 que j&rsquo;ai attaqu\u00e9, et seul un coureur a pu me suivre, Finnegan Murphy, le\u00a02e de la course. On a collabor\u00e9 jusqu&rsquo;aux derniers kilom\u00e8tres, o\u00f9 on a commenc\u00e9 \u00e0 s&rsquo;attaquer l&rsquo;un \u00e0 l&rsquo;autre, sans succ\u00e8s. J&rsquo;ai lanc\u00e9 mon sprint aux 300 m\u00e8tres, c\u2019\u00e9tait assez loin mais il \u00e9tait \u00e0 bout de force et j&rsquo;ai pu le d\u00e9crocher compl\u00e8tement.<\/p>\n<p><strong>Pour revenir un petit peu sur ton parcours, quand as-tu commenc\u00e9 le v\u00e9lo ?\u00a0<\/strong><br \/>Mon papa a fait quelques cyclosportives, mais j&rsquo;ai commenc\u00e9 le v\u00e9lo de mani\u00e8re occasionnelle quand j&rsquo;\u00e9tais adolescent. J&rsquo;ai fait du VTT une fois par semaine environ, sans rien de comp\u00e9titif. Finalement j&rsquo;ai vraiment commenc\u00e9 au d\u00e9but de mes \u00e9tudes. Mon papa m\u2019a achet\u00e9 un v\u00e9lo de route vers 17 ans. Pendant l&rsquo;\u00e9t\u00e9, je me suis d\u00e9couvert \u00e0 aimer \u00e7a. C&rsquo;\u00e9tait dommage de devoir arr\u00eater le v\u00e9lo \u00e0 cause de l&rsquo;universit\u00e9, donc je me suis achet\u00e9 un home trainer. Apr\u00e8s mes journ\u00e9es en cours, j&rsquo;allais sur le home-trainer sur Zwift. C&rsquo;est par l\u00e0 que j&rsquo;ai commenc\u00e9 \u00e0 accrocher le plus au v\u00e9lo et \u00e7a m&rsquo;a permis de faire des efforts intenses et de me mesurer aux autres. Un peu plus tard, le Covid est arriv\u00e9 et les cours avaient lieu en ligne. Je suivais les vid\u00e9os des cours le matin et l&rsquo;apr\u00e8s-midi je montais sur mon v\u00e9lo, et j&rsquo;allais m&rsquo;entra\u00eener, \u00e0 chercher des segments Strava. C&rsquo;est par Zwift et par Strava que je me suis rendu compte que je n\u2019\u00e9tais d\u00e9j\u00e0 pas trop mauvais. Je me suis inscrit dans un club, et petit \u00e0 petit j&rsquo;ai commenc\u00e9 \u00e0 disputer quelques courses chez moi en Belgique.\u00a0<\/p>\n<p><strong>Apr\u00e8s 5 ans d\u2019\u00e9tudes, tu poursuis actuellement une th\u00e8se de doctorat en physique en Belgique et \u00e0 Grenoble. Est-ce que cela a eu un impact sur ta pratique du cyclisme ?<\/strong><br \/>La charge mentale \u00e9tait vraiment trop importante, et donc l&rsquo;ann\u00e9e pass\u00e9e, j&rsquo;ai quasiment arr\u00eat\u00e9 de rouler pendant de nombreux mois. Je roulais peut-\u00eatre 4 \u00e0 5 heures par semaine, la forme \u00e9tait forc\u00e9ment mauvaise. Et puis, petit \u00e0 petit, j&rsquo;ai repris l&rsquo;envie et le plaisir de faire du v\u00e9lo. Maintenant, je n&rsquo;ai plus d&rsquo;entra\u00eeneur, je m&rsquo;entra\u00eene un peu au feeling, et comme j&rsquo;en ai envie, mais pour le plaisir. Ma forme actuelle est tr\u00e8s bonne, elle continue de progresser, et je peux m&rsquo;exprimer sur des courses comme samedi dernier. Les longs efforts sur des pentes raides me correspondent le mieux.<\/p>\n<p><strong>\u00ab VIENS AU GMC, IL Y A UNE CHOUETTE AMBIANCE \u00bb<\/strong><\/p>\n<p><strong>Cette ann\u00e9e, tu as donc rejoint Grenoble M\u00e9tropole Cyclisme 38, cela t\u2019a permis de passer un nouveau cap ?<\/strong><br \/>Pour la petite histoire, quand je suis arriv\u00e9 \u00e0 Grenoble je savais que j&rsquo;avais une bonne forme pour participer \u00e0 des cyclosportives. J\u2019ai demand\u00e9 \u00e0 mes connaissances qui m&rsquo;ont dit : \u00ab\u00a0Viens au GMC il y a une chouette ambiance\u00a0\u00bb. \u00c0 l\u2019origine, je n&rsquo;avais pas du tout pr\u00e9vu de participer \u00e0 des comp\u00e9titions. Finalement, j&rsquo;en ai fait une, une course en Open 1 et j&rsquo;ai fini 2e, et \u00e7a m&rsquo;a motiv\u00e9 \u00e0 continuer. Je me suis vraiment d\u00e9couvert et \u00e9panoui dans cette \u00e9quipe qui m&rsquo;a permis de faire un tr\u00e8s beau programme en d\u00e9but de saison, avec des courses comme Annemasse-Bellegarde et Bourg-Arbent-Bourg o\u00f9 je n\u2019ai tout de m\u00eame pas trop mal perform\u00e9 (<a href=\"https:\/\/www.directvelo.com\/coureur\/45699\/nicolas-dricot\" target=\"_blank\" rel=\"noopener\"><strong>voir sa fiche DirectVelo<\/strong><\/a>). Le club est capable de nous emmener sur de chouettes courses, comme le Tour du Pays d&rsquo;Issoire&#8230;<\/p>\n<p><strong>Une course o\u00f9 tu t\u2019es illustr\u00e9 en terminant 11e du classement g\u00e9n\u00e9ral. C\u2019est donc une premi\u00e8re partie de saison r\u00e9ussie ?\u00a0<\/strong><br \/>Mes toutes premi\u00e8res semaines de ce d\u00e9but de saison, jusqu&rsquo;\u00e0 Annemasse, ont \u00e9t\u00e9 vraiment tr\u00e8s bonnes parce que j&rsquo;ai eu la chance d&rsquo;\u00eatre en tr\u00e8s bonne forme. Apr\u00e8s, je crois que j&rsquo;ai commenc\u00e9 \u00e0 un peu trop encha\u00eener les week-ends de course, et la fatigue, s\u2019est fait ressentir, ou en tout cas, la performance \u00e9tait un peu moins bonne. J&rsquo;ai donc pris un peu plus de repos, il y a quelques semaines, avant de me replonger au Pays d&rsquo;Issoire, et samedi dernier \u00e0 Valberg. Ce repos m&rsquo;a fait beaucoup de bien, je me sens de nouveau \u00e0 un meilleur niveau de performance. Je sais que je suis capable de r\u00e9aliser ce genre de choses. Je sais comment le faire, \u00e7a donne envie de le reproduire \u00e0 nouveau sur d&rsquo;autres courses.<\/p>\n<p><strong>Quelles sont ces autres courses ?<\/strong><br \/>Pour moi, comme pour l&rsquo;\u00e9quipe, mon gros objectif va\u00a0\u00eatre le Tour du Pays Roannais, qui a lieu dans quelques semaines. C\u2019est une course \u00e0 \u00e9tapes particuli\u00e8rement exigeante sur trois jours. J&rsquo;aimerais effectivement r\u00e9aliser une bonne place au g\u00e9n\u00e9ral, je pense en avoir les capacit\u00e9s malgr\u00e9 un plateau qui sera tr\u00e8s relev\u00e9.<\/p>\n<p><strong>\u00ab JE SUIS RESTREINT DANS MON TEMPS D&rsquo;ENTRAINEMENT \u00bb<\/strong><\/p>\n<p><strong>Et apr\u00e8s, plus g\u00e9n\u00e9ralement, quelles sont tes ambitions dans le v\u00e9lo, \u00e0 plus long terme ?<\/strong><br \/>C&rsquo;est une bonne question, c&rsquo;est celle que je me pose r\u00e9guli\u00e8rement, et avec laquelle je ne suis pas toujours tr\u00e8s clair. D\u00e9j\u00e0, ce n&rsquo;\u00e9tait pas du tout pr\u00e9vu de faire toute cette saison. Et donc, je ne sais pas si je continuerai dans cette m\u00eame lign\u00e9e de juste prendre du plaisir et de m&rsquo;exprimer sur quelques courses comme \u00e7a tous les ans. Ou alors tenter ma chance, peut-\u00eatre d&rsquo;aller voir autre part, ou d&rsquo;essayer, de faire des courses encore plus relev\u00e9es, et de performer sur celles-ci ? J&rsquo;avoue que je ne sais pas encore parce que, malgr\u00e9 tout, le boulot prend beaucoup de temps, et je suis restreint dans mon temps d&rsquo;entra\u00eenement, mon temps de week-end\u2026<\/p>\n<p><strong>Dans ces conditions, tu te sens capable d&rsquo;acc\u00e9der au plus haut niveau ?<\/strong><br \/>Je ne suis pas un jeune de 19-20 ans qui performe, d&rsquo;ailleurs je suis d\u00e9j\u00e0 un peu plus \u00e2g\u00e9, \u00e0 24 ans, et me dire \u00ab pourquoi ne pas passer professionnel un jour ? \u00bb me semble un peu pr\u00e9somptueux. Mais pourquoi pas essayer un ou deux ans, ou en tout cas, quelque chose au niveau interm\u00e9diaire, semi-pro. Il faut encore que les occasions se pr\u00e9sentent.\u00a0<\/p>\n<p><strong>Tu as trouv\u00e9 un bon \u00e9quilibre ?<\/strong><br \/>Je suis vraiment \u00e9panoui aussi dans mon travail et mes \u00e9tudes. C&rsquo;est un \u00e9quilibre qui m&rsquo;est important, qui n&rsquo;est d\u00e9j\u00e0 pas facile \u00e0 maintenir \u00e0 l&rsquo;heure actuelle, et si je venais encore \u00e0 rajouter d&rsquo;autres difficult\u00e9s, je ne sais pas si je pourrais encore retrouver ce m\u00eame \u00e9quilibre.<\/p>\n","protected":false},"excerpt":{"rendered":"Vainqueur le week-end dernier du Grand Prix de Valberg, deuxi\u00e8me manche de la Coupe de France N3 (voir&hellip;\n","protected":false},"author":2,"featured_media":151443,"comment_status":"","ping_status":"","sticky":false,"template":"","format":"standard","meta":{"footnotes":""},"categories":[1411],"tags":[834,828,836,829,837,827,83,826,824,823,1154,207,814,817,815,816,822,821,832,211,839,1011,27,820,818,819,835,831,830,833,838,60,212,208,825],"class_list":{"0":"post-151442","1":"post","2":"type-post","3":"status-publish","4":"format-standard","5":"has-post-thumbnail","7":"category-cyclisme","8":"tag-attaque","9":"tag-belgique","10":"tag-braquet","11":"tag-bretagne","12":"tag-chute","13":"tag-competition","14":"tag-coupe-de-france","15":"tag-coureur","16":"tag-course-cyclisme","17":"tag-course-cycliste","18":"tag-cycling","19":"tag-cyclisme","20":"tag-direct","21":"tag-direct-velo","22":"tag-directvelo","23":"tag-directvelo-com","24":"tag-epreuve","25":"tag-epreuve-cycliste","26":"tag-federation-francaise-de-cyclisme","27":"tag-ffc","28":"tag-flandres","29":"tag-fr","30":"tag-france","31":"tag-live","32":"tag-live-course","33":"tag-live-epreuve","34":"tag-peloton","35":"tag-radio-peloton","36":"tag-radio-tour","37":"tag-ravitaillement","38":"tag-relance","39":"tag-sports","40":"tag-uci","41":"tag-velo","42":"tag-velos"},"share_on_mastodon":{"url":"https:\/\/pubeurope.com\/@fr\/114625181467903531","error":""},"_links":{"self":[{"href":"https:\/\/www.europesays.com\/fr\/wp-json\/wp\/v2\/posts\/151442","targetHints":{"allow":["GET"]}}],"collection":[{"href":"https:\/\/www.europesays.com\/fr\/wp-json\/wp\/v2\/posts"}],"about":[{"href":"https:\/\/www.europesays.com\/fr\/wp-json\/wp\/v2\/types\/post"}],"author":[{"embeddable":true,"href":"https:\/\/www.europesays.com\/fr\/wp-json\/wp\/v2\/users\/2"}],"replies":[{"embeddable":true,"href":"https:\/\/www.europesays.com\/fr\/wp-json\/wp\/v2\/comments?post=151442"}],"version-history":[{"count":0,"href":"https:\/\/www.europesays.com\/fr\/wp-json\/wp\/v2\/posts\/151442\/revisions"}],"wp:featuredmedia":[{"embeddable":true,"href":"https:\/\/www.europesays.com\/fr\/wp-json\/wp\/v2\/media\/151443"}],"wp:attachment":[{"href":"https:\/\/www.europesays.com\/fr\/wp-json\/wp\/v2\/media?parent=151442"}],"wp:term":[{"taxonomy":"category","embeddable":true,"href":"https:\/\/www.europesays.com\/fr\/wp-json\/wp\/v2\/categories?post=151442"},{"taxonomy":"post_tag","embeddable":true,"href":"https:\/\/www.europesays.com\/fr\/wp-json\/wp\/v2\/tags?post=151442"}],"curies":[{"name":"wp","href":"https:\/\/api.w.org\/{rel}","templated":true}]}}