{"id":151444,"date":"2025-06-04T12:50:09","date_gmt":"2025-06-04T12:50:09","guid":{"rendered":"https:\/\/www.europesays.com\/fr\/151444\/"},"modified":"2025-06-04T12:50:09","modified_gmt":"2025-06-04T12:50:09","slug":"mercato-le-messi-strasbourgeois-a-son-tour-propose-au-montpellier-herault","status":"publish","type":"post","link":"https:\/\/www.europesays.com\/fr\/151444\/","title":{"rendered":"[Mercato] Le Messi Strasbourgeois \u00e0 son tour propos\u00e9 au Montpellier H\u00e9rault"},"content":{"rendered":"<p>Il ne s\u2019agit pas de Lionel bien \u00e9videmment, mais de Rayane. Le jeune franco-camerounais, homonyme de la l\u00e9gende argentine, est actuellement sous contrat du c\u00f4t\u00e9 de Strasbourg, jusqu\u2019en 2027. Ce jeune attaquant prometteur de 18 ans, international fran\u00e7ais U19, suscite de grands espoirs en Alsace. Apr\u00e8s une saison blanche ou presque, au cours de laquelle il n\u2019est apparu qu\u2019en Coupe de France, Rayane Messi est, d\u2019apr\u00e8s Mohamed Toubache-Ter, propos\u00e9 dans de nombreux clubs, notamment au MHSC.<\/p>\n<blockquote class=\"twitter-tweet\" data-width=\"550\" data-dnt=\"true\">\n<p lang=\"fr\" dir=\"ltr\">D\u00e9cid\u00e9ment, des interm\u00e9diaires veulent vraiment le placer \u00e0 Montpellier\u2026 <\/p>\n<p>Profil propos\u00e9 plusieurs fois du c\u00f4t\u00e9 de Montpellier ! <a href=\"https:\/\/twitter.com\/hashtag\/MHSC?src=hash&amp;ref_src=twsrc%5Etfw\" rel=\"nofollow noopener\" target=\"_blank\">#MHSC<\/a> <a href=\"https:\/\/twitter.com\/hashtag\/RCSA?src=hash&amp;ref_src=twsrc%5Etfw\" rel=\"nofollow noopener\" target=\"_blank\">#RCSA<\/a> <a href=\"https:\/\/t.co\/cWpB2DoTQt\" rel=\"nofollow\">https:\/\/t.co\/cWpB2DoTQt<\/a><\/p>\n<p>\u2014 Mohamed TOUBACHE-TER (@MohamedTERParis) <a href=\"https:\/\/twitter.com\/MohamedTERParis\/status\/1929649543290696011?ref_src=twsrc%5Etfw\" rel=\"nofollow noopener\" target=\"_blank\">June 2, 2025<\/a><\/p><\/blockquote>\n<p>Les liens unissant la Paillade \u00e0 Strasbourg, certes r\u00e9cents, semblent de plus en plus concrets et, apr\u00e8s le pr\u00eat de Rabby Nzingoula, jug\u00e9 la recrue la plus performante par vos votes aux cours des AP.Awards, d\u2019autres mouvements pourraient suivre. Ces derni\u00e8res semaines, les noms de <a href=\"https:\/\/www.allezpaillade.com\/transferts\/vers-le-pret-de-pape-diong-et-jeremy-sebas-a-montpellier\/\" title=\"\" rel=\"nofollow noopener\" target=\"_blank\">Pape Diong et de J\u00e9r\u00e9my Sebas furent cit\u00e9s par Tiffany Henne<\/a>. De son c\u00f4t\u00e9, <a href=\"https:\/\/www.allezpaillade.com\/transferts\/montpellier-tente-dobtenir-le-pret-dabdoul-ouattara-rcsa\/\" title=\"\" rel=\"nofollow noopener\" target=\"_blank\">Mohamed Toubache-Ter \u00e9voquait la piste menant \u00e0 Abdoul Ouattara<\/a>. Concernant Rayane Messi, il semblerait que cela ne soit que des propositions r\u00e9p\u00e9t\u00e9es d\u2019agents, sans que cela ne d\u00e9note un r\u00e9el int\u00e9r\u00eat de la part du MHSC pour le joueur. Toutefois, la liaison Strasbourg-Montpellier risque bien de fonctionner \u00e0 plein r\u00e9gime cet \u00e9t\u00e9.<\/p>\n<blockquote class=\"twitter-tweet\" data-width=\"550\" data-dnt=\"true\">\n<p lang=\"fr\" dir=\"ltr\">Eh oui comme annonc\u00e9 depuis plusieurs semaines\u2026 <\/p>\n<p>On s\u2019est compris <a href=\"https:\/\/twitter.com\/CyrilOlives?ref_src=twsrc%5Etfw\" rel=\"nofollow noopener\" target=\"_blank\">@CyrilOlives<\/a> \ud83d\udc40\ud83d\ude09\ud83e\udd2b<\/p>\n<p>\u2014 Mohamed TOUBACHE-TER (@MohamedTERParis) <a href=\"https:\/\/twitter.com\/MohamedTERParis\/status\/1929884567441121608?ref_src=twsrc%5Etfw\" rel=\"nofollow noopener\" target=\"_blank\">June 3, 2025<\/a><\/p><\/blockquote>\n<p>   <script async src=\"https:\/\/platform.twitter.com\/widgets.js\" charset=\"utf-8\"><\/script><\/p>\n","protected":false},"excerpt":{"rendered":"Il ne s\u2019agit pas de Lionel bien \u00e9videmment, mais de Rayane. Le jeune franco-camerounais, homonyme de la l\u00e9gende&hellip;\n","protected":false},"author":2,"featured_media":151445,"comment_status":"","ping_status":"","sticky":false,"template":"","format":"standard","meta":{"footnotes":""},"categories":[1410],"tags":[328,63,1011,27,1434,60],"class_list":{"0":"post-151444","1":"post","2":"type-post","3":"status-publish","4":"format-standard","5":"has-post-thumbnail","7":"category-football","8":"tag-a-la-une","9":"tag-football","10":"tag-fr","11":"tag-france","12":"tag-mercato","13":"tag-sports"},"share_on_mastodon":{"url":"https:\/\/pubeurope.com\/@fr\/114625185255622207","error":""},"_links":{"self":[{"href":"https:\/\/www.europesays.com\/fr\/wp-json\/wp\/v2\/posts\/151444","targetHints":{"allow":["GET"]}}],"collection":[{"href":"https:\/\/www.europesays.com\/fr\/wp-json\/wp\/v2\/posts"}],"about":[{"href":"https:\/\/www.europesays.com\/fr\/wp-json\/wp\/v2\/types\/post"}],"author":[{"embeddable":true,"href":"https:\/\/www.europesays.com\/fr\/wp-json\/wp\/v2\/users\/2"}],"replies":[{"embeddable":true,"href":"https:\/\/www.europesays.com\/fr\/wp-json\/wp\/v2\/comments?post=151444"}],"version-history":[{"count":0,"href":"https:\/\/www.europesays.com\/fr\/wp-json\/wp\/v2\/posts\/151444\/revisions"}],"wp:featuredmedia":[{"embeddable":true,"href":"https:\/\/www.europesays.com\/fr\/wp-json\/wp\/v2\/media\/151445"}],"wp:attachment":[{"href":"https:\/\/www.europesays.com\/fr\/wp-json\/wp\/v2\/media?parent=151444"}],"wp:term":[{"taxonomy":"category","embeddable":true,"href":"https:\/\/www.europesays.com\/fr\/wp-json\/wp\/v2\/categories?post=151444"},{"taxonomy":"post_tag","embeddable":true,"href":"https:\/\/www.europesays.com\/fr\/wp-json\/wp\/v2\/tags?post=151444"}],"curies":[{"name":"wp","href":"https:\/\/api.w.org\/{rel}","templated":true}]}}