{"id":151448,"date":"2025-06-04T12:52:13","date_gmt":"2025-06-04T12:52:13","guid":{"rendered":"https:\/\/www.europesays.com\/fr\/151448\/"},"modified":"2025-06-04T12:52:13","modified_gmt":"2025-06-04T12:52:13","slug":"elle-vit-pour-son-art-de-lessonne-a-taiwan-lincroyable-carriere-de-la-sculptrice-josephine-chevry","status":"publish","type":"post","link":"https:\/\/www.europesays.com\/fr\/151448\/","title":{"rendered":"\u00ab\u00a0Elle vit pour son art\u00a0\u00bb\u00a0: de l\u2019Essonne \u00e0 Ta\u00efwan, l\u2019incroyable carri\u00e8re de la sculptrice Jos\u00e9phine Chevry"},"content":{"rendered":"<p class=\"paragraph text_align_left\">Quand on lui a demand\u00e9 si elle \u00e9tait d\u2019accord pour nous rencontrer, Jos\u00e9phine Chevry nous a pr\u00e9venus : \u00ab J\u2019esp\u00e8re que vous avez du temps. \u00bb Car se plonger dans la vie de la sculptrice, c\u2019est voyager entre les \u00e9poques : <a href=\"https:\/\/www.leparisien.fr\/paris-75\/il-faut-poser-des-heures-nu-la-ville-de-paris-augmente-enfin-la-remuneration-des-modeles-vivants-16-03-2025-7LYHLXC4KZH57MWNANPGPX6SAE.php\" target=\"_self\" rel=\"noopener\">les Beaux-Arts<\/a> au temps de Mai 68, les stations baln\u00e9aires des ann\u00e9es 1970, l\u2019Asie du XXIe si\u00e8cle\u2026 Jusqu\u2019\u00e0 aujourd\u2019hui, o\u00f9 Jos\u00e9phine Chevry, \u00e0 l\u2019aube de ses 90 ans, s\u2019appr\u00eate \u00e0 d\u00e9voiler sa nouvelle exposition \u00e0 <a href=\"https:\/\/www.leparisien.fr\/essonne-91\/ils-mont-redonne-gout-a-la-vie-les-potagers-de-marcoussis-tremplin-vers-lemploi-depuis-vingt-cinq-ans-25-05-2025-IU4V5XMB5FHZ3LDBKR5JEYNGOE.php\" target=\"_self\" rel=\"noopener\">Marcoussis (Essonne)<\/a>, o\u00f9 elle r\u00e9side.<\/p>\n","protected":false},"excerpt":{"rendered":"Quand on lui a demand\u00e9 si elle \u00e9tait d\u2019accord pour nous rencontrer, Jos\u00e9phine Chevry nous a pr\u00e9venus :&hellip;\n","protected":false},"author":2,"featured_media":151449,"comment_status":"","ping_status":"","sticky":false,"template":"","format":"standard","meta":{"footnotes":""},"categories":[1358],"tags":[1348,1384,1385,872,1386,58,59,1936,1011,27,1944],"class_list":{"0":"post-151448","1":"post","2":"type-post","3":"status-publish","4":"format-standard","5":"has-post-thumbnail","7":"category-arts-et-design","8":"tag-arts","9":"tag-arts-and-design","10":"tag-arts-et-design","11":"tag-culture-et-loisirs","12":"tag-design","13":"tag-divertissement","14":"tag-entertainment","15":"tag-essonne","16":"tag-fr","17":"tag-france","18":"tag-ma-ville"},"share_on_mastodon":{"url":"https:\/\/pubeurope.com\/@fr\/114625193094084736","error":""},"_links":{"self":[{"href":"https:\/\/www.europesays.com\/fr\/wp-json\/wp\/v2\/posts\/151448","targetHints":{"allow":["GET"]}}],"collection":[{"href":"https:\/\/www.europesays.com\/fr\/wp-json\/wp\/v2\/posts"}],"about":[{"href":"https:\/\/www.europesays.com\/fr\/wp-json\/wp\/v2\/types\/post"}],"author":[{"embeddable":true,"href":"https:\/\/www.europesays.com\/fr\/wp-json\/wp\/v2\/users\/2"}],"replies":[{"embeddable":true,"href":"https:\/\/www.europesays.com\/fr\/wp-json\/wp\/v2\/comments?post=151448"}],"version-history":[{"count":0,"href":"https:\/\/www.europesays.com\/fr\/wp-json\/wp\/v2\/posts\/151448\/revisions"}],"wp:featuredmedia":[{"embeddable":true,"href":"https:\/\/www.europesays.com\/fr\/wp-json\/wp\/v2\/media\/151449"}],"wp:attachment":[{"href":"https:\/\/www.europesays.com\/fr\/wp-json\/wp\/v2\/media?parent=151448"}],"wp:term":[{"taxonomy":"category","embeddable":true,"href":"https:\/\/www.europesays.com\/fr\/wp-json\/wp\/v2\/categories?post=151448"},{"taxonomy":"post_tag","embeddable":true,"href":"https:\/\/www.europesays.com\/fr\/wp-json\/wp\/v2\/tags?post=151448"}],"curies":[{"name":"wp","href":"https:\/\/api.w.org\/{rel}","templated":true}]}}