{"id":151452,"date":"2025-06-04T12:54:11","date_gmt":"2025-06-04T12:54:11","guid":{"rendered":"https:\/\/www.europesays.com\/fr\/151452\/"},"modified":"2025-06-04T12:54:11","modified_gmt":"2025-06-04T12:54:11","slug":"itc-spoiler-billie-dans-le-deni","status":"publish","type":"post","link":"https:\/\/www.europesays.com\/fr\/151452\/","title":{"rendered":"ITC &#8211; [SPOILER] &#8211; Billie dans le d\u00e9ni ?"},"content":{"rendered":"<p id=\"descriptionPanel\" aria-labelledby=\"descriptionArrow\" aria-expanded=\"false\" class=\"mr-2 line-clamp-2 pr-2.5 text-secondary overflow-visible\">Apr\u00e8s la d\u00e9couverte d&rsquo;une sali\u00e8re compromettante dans son casier, Tom Azem est suspect\u00e9 d&rsquo;\u00eatre \u00e0 l&rsquo;origine de l&#8217;empoisonnement criminel \u00e0 l&rsquo;Institut&#8230; C&rsquo;est un \u00e9norme choc pour les \u00e9l\u00e8ves. Si Emi Saneka et Ana\u00efs Grimbert semblent convaincues de la culpabilit\u00e9 du jeune homme, Billie clame son innocence ! L&rsquo;\u00e9tudiante conna\u00eet bien son ex-petit-copain. Elle est persuad\u00e9e qu&rsquo;il n&rsquo;aurait jamais pu commettre un acte aussi grave&#8230; Alors Tom, coupable ou innocent ? Spoiler de l&rsquo;\u00e9pisode 1193 d&rsquo;Ici tout commence. Retrouvez \u00ab\u00a0Ici tout commence\u00a0\u00bb, du lundi au vendredi \u00e0 18h35 sur TF1.<\/p>\n<p><a class=\"shrink-0\" href=\"https:\/\/www.tf1.fr\/tf1\/ici-tout-commence\" target=\"_blank\" rel=\"noopener\"><img decoding=\"async\" src=\"https:\/\/www.europesays.com\/fr\/wp-content\/uploads\/2025\/05\/program-card-portrait-1-0d2bc5-87b354-0@1x.jpg\" width=\"138\" height=\"184\" alt=\"\" loading=\"eager\" fetchpriority=\"auto\" class=\"aspect-[3\/4] h-24 w-auto rounded-3px\" aria-hidden=\"true\"\/><\/a><\/p>\n","protected":false},"excerpt":{"rendered":"Apr\u00e8s la d\u00e9couverte d&rsquo;une sali\u00e8re compromettante dans son casier, Tom Azem est suspect\u00e9 d&rsquo;\u00eatre \u00e0 l&rsquo;origine de l&#8217;empoisonnement&hellip;\n","protected":false},"author":2,"featured_media":151453,"comment_status":"","ping_status":"","sticky":false,"template":"","format":"standard","meta":{"footnotes":""},"categories":[1356],"tags":[58,59,3483,14231,1011,27,620,14232,14234,252,1364,14235,14233],"class_list":{"0":"post-151452","1":"post","2":"type-post","3":"status-publish","4":"format-standard","5":"has-post-thumbnail","7":"category-television","8":"tag-divertissement","9":"tag-entertainment","10":"tag-extrait","11":"tag-extrait-ici-tout-commence","12":"tag-fr","13":"tag-france","14":"tag-ici-tout-commence","15":"tag-ici-tout-commence-extrait","16":"tag-streaming-ici-tout-commence","17":"tag-television","18":"tag-tv","19":"tag-video-en-streaming-ici-tout-commence","20":"tag-video-ici-tout-commence"},"share_on_mastodon":{"url":"https:\/\/pubeurope.com\/@fr\/114625201090364689","error":""},"_links":{"self":[{"href":"https:\/\/www.europesays.com\/fr\/wp-json\/wp\/v2\/posts\/151452","targetHints":{"allow":["GET"]}}],"collection":[{"href":"https:\/\/www.europesays.com\/fr\/wp-json\/wp\/v2\/posts"}],"about":[{"href":"https:\/\/www.europesays.com\/fr\/wp-json\/wp\/v2\/types\/post"}],"author":[{"embeddable":true,"href":"https:\/\/www.europesays.com\/fr\/wp-json\/wp\/v2\/users\/2"}],"replies":[{"embeddable":true,"href":"https:\/\/www.europesays.com\/fr\/wp-json\/wp\/v2\/comments?post=151452"}],"version-history":[{"count":0,"href":"https:\/\/www.europesays.com\/fr\/wp-json\/wp\/v2\/posts\/151452\/revisions"}],"wp:featuredmedia":[{"embeddable":true,"href":"https:\/\/www.europesays.com\/fr\/wp-json\/wp\/v2\/media\/151453"}],"wp:attachment":[{"href":"https:\/\/www.europesays.com\/fr\/wp-json\/wp\/v2\/media?parent=151452"}],"wp:term":[{"taxonomy":"category","embeddable":true,"href":"https:\/\/www.europesays.com\/fr\/wp-json\/wp\/v2\/categories?post=151452"},{"taxonomy":"post_tag","embeddable":true,"href":"https:\/\/www.europesays.com\/fr\/wp-json\/wp\/v2\/tags?post=151452"}],"curies":[{"name":"wp","href":"https:\/\/api.w.org\/{rel}","templated":true}]}}