{"id":15146,"date":"2025-04-10T14:14:17","date_gmt":"2025-04-10T14:14:17","guid":{"rendered":"https:\/\/www.europesays.com\/fr\/15146\/"},"modified":"2025-04-10T14:14:17","modified_gmt":"2025-04-10T14:14:17","slug":"adriana-karembeu-filme-une-scene-surprenante-dans-les-rues-de-paris-je-suis-choquee","status":"publish","type":"post","link":"https:\/\/www.europesays.com\/fr\/15146\/","title":{"rendered":"Adriana Karembeu filme une sc\u00e8ne surprenante dans les rues de Paris : \u00ab\u00a0Je suis choqu\u00e9e !\u00a0\u00bb"},"content":{"rendered":"<p>      R\u00e9sum\u00e9<\/p>\n<p>Adriana Karembeu a assist\u00e9 \u00e0 un concert fabuleux \u00e0 Paris le 8 avril&#8230; mais la mannequin ne s&rsquo;attendait absolument pas \u00e0 retrouver la troupe en plein c\u0153ur de Paris.<\/p>\n<p>        Sommaire<\/p>\n<p>Adriana Karembeu est l&rsquo;<strong><a href=\"https:\/\/www.public.fr\/marc-lavoine-et-adriana-karembeu-fous-amoureux-les-surprenants-details-de-leur-routine-intime-devoiles\" target=\"_blank\" rel=\"noopener\">une des plus grandes mannequins<\/a> du monde<\/strong> et pas uniquement de par sa taille&#8230; En effet, depuis qu&rsquo;elle a commenc\u00e9 \u00e0 d\u00e9filer dans les ann\u00e9es 1990, <a href=\"https:\/\/www.public.fr\/adriana-karembeu-et-marc-lavoine-un-train-de-vie-completement-demesure-le-chanteur-avoue-tout\" target=\"_blank\" rel=\"noopener\">la Slovaque<\/a> a <strong>gagn\u00e9 en popularit\u00e9<\/strong>. Sans doute que son mariage, en 1998, avec le footballeur et champion du monde Christian Karembeu a acc\u00e9l\u00e9r\u00e9 les choses&#8230; Mais, aujourd&rsquo;hui, <a href=\"https:\/\/www.public.fr\/adriana-karembeu-devoile-son-incroyable-et-interminable-table-du-ramadan-avec-son-ex\" target=\"_blank\" rel=\"noopener\">la sublime blonde<\/a> vole de ses propres ailes et multiplie les partenariats avec de grande marque demeurant une <strong>formidable ambassadrice pour la Croix-Rouge.<\/strong><\/p>\n<p>C\u00f4t\u00e9 vie priv\u00e9e, <a href=\"https:\/\/www.public.fr\/adriana-karembeu-a-53-ans-elle-decide-dadopter\" target=\"_blank\" rel=\"noopener\">la jeune femme de 53 ans<\/a> s&rsquo;est <strong>remari\u00e9e<\/strong> par la suite <strong>avec l&rsquo;homme d&rsquo;affaires Andr\u00e9 Ohanian<\/strong> avec qui elle a gard\u00e9 d&rsquo;excellents rapports malgr\u00e9 leur divorce. <strong>Devenue <a href=\"https:\/\/www.public.fr\/adriana-karembeu-sa-fille-nina-6-ans-se-met-a-la-boxe\" target=\"_blank\" rel=\"noopener\">maman d&rsquo;une petite Nina<\/a> en 2018<\/strong>, c&rsquo;est d\u00e9sormais avec un c\u00e9l\u00e8bre chanteur qu&rsquo;elle partage sa vie. En effet, Adriana et <a href=\"https:\/\/www.public.fr\/marc-lavoine-et-adriana-karembeu-leur-bebe-aux-grands-yeux-bleus-a-bien-grandi\" target=\"_blank\" rel=\"noopener\">Marc Lavoine<\/a> ont <strong>officialis\u00e9 leur relation<\/strong> (tr\u00e8s fusionnelle) au printemps 2024 en s&#8217;embrassant langoureusement sur le tapis rouge du Concerto pour la Paix \u00e0 Paris.<\/p>\n<p>Paris, o\u00f9 <a href=\"https:\/\/www.public.fr\/petite-salpe-adriana-karembeu-absolument-hilarante-dans-un-celebre-comedy-club-sa-derniere-video-fait-le-buzz\" target=\"_blank\" rel=\"noopener\">la mannequin<\/a> a v\u00e9cu une <strong>sc\u00e8ne surr\u00e9aliste ce 9 avril.<\/strong> Alors qu&rsquo;elle s&rsquo;appr\u00eatait \u00e0 prendre son train gare Saint-Lazare, <a href=\"https:\/\/www.public.fr\/tu-vas-te-regaler-sans-filtres-adriana-karembeu-evoque-encore-son-cheri-marc-lavoine\" target=\"_blank\" rel=\"noopener\">l&rsquo;ex candidate de \u00ab\u00a0Danse avec les stars\u00a0\u00bb <\/a>(saison 1) a conseill\u00e9 ses abonn\u00e9s. En story de son compte Instagram, elle les a invit\u00e9s \u00e0 <strong>aller voir Electro Symphony<\/strong>, avec qui \u00ab\u00a0je suis en collaboration\u00a0\u00bb. C&rsquo;est un orchestre symphonique avec <strong>plus de 40 musiciens, des chanteurs et un show de lumi\u00e8res<\/strong> extraordinaire. Ils rejouent les tubes \u00e9lectro qu&rsquo;on conna\u00eet tous [&#8230;] <strong>Je me suis r\u00e9gal\u00e9e.<\/strong> C&rsquo;\u00e9tait top\u00a0\u00bb, a-t-elle commenc\u00e9 par d\u00e9voiler face cam\u00e9ra.<\/p>\n<p><img loading=\"lazy\" decoding=\"async\" width=\"425\" height=\"761\" src=\"https:\/\/www.europesays.com\/fr\/wp-content\/uploads\/2025\/04\/Capture-decran-2025-04-10-085802.png\" alt=\"Adriana Karembeu filme une sc\u00e8ne surprenante dans les rues de Paris : &quot;Je suis choqu\u00e9e !&quot;\"  \/><\/p>\n<p>Capture Instagram Adriana Karembeu<\/p>\n<p>Adriana Karembeu : sa rencontre improbable<\/p>\n<p>\u00ab\u00a0<strong>C&rsquo;est d\u00e9ment !<\/strong>\u00a0\u00bb a-t-elle poursuivi dans une seconde story avant de brutalement s&rsquo;arr\u00eater. \u00ab\u00a0Attendez, pendant que je vous parle&#8230; <strong>Il y a un truc qui se passe<\/strong>\u00a0\u00bb sur le parvis de la gare. \u00ab\u00a0Mais c&rsquo;est eux, c&rsquo;est Electro Symphony\u00a0\u00bb. En effet, la troupe s&rsquo;est install\u00e9e devant Saint-Lazare pour <strong>donner un petit aper\u00e7u de leur show incroyable<\/strong> aux passants. \u00ab\u00a0Je suis choqu\u00e9e\u00a0\u00bb a alors \u00e9crit <a href=\"https:\/\/www.google.com\/url?sa=t&amp;source=web&amp;rct=j&amp;opi=89978449&amp;url=https:\/\/vsd.fr\/78433-adriana-karembeu-et-marc-lavoine-fous-amoureux-lanimatrice-publie-un-cliche-torride\/&amp;ved=2ahUKEwiYwqbf_MyMAxVtT0EAHdlEFwwQFnoECCMQAQ&amp;usg=AOvVaw2TEyX3pHmIsI6qyiOfyS2c\" target=\"_blank\" rel=\"noopener\">l&rsquo;ex candidate de \u00ab\u00a0P\u00e9kin Express\u00a0\u00bb<\/a>. \u00ab\u00a0C&rsquo;est fou\u00a0\u00bb a-t-elle continu\u00e9 par lancer avant de s&rsquo;approcher des musiciens en train de reprendre Survivor des Destiny&rsquo;s Child<strong> dans un style bien \u00e0 eux<\/strong>.<\/p>\n<p><img loading=\"lazy\" decoding=\"async\" width=\"425\" height=\"765\" src=\"https:\/\/www.europesays.com\/fr\/wp-content\/uploads\/2025\/04\/Capture-decran-2025-04-10-094146.png\" alt=\"Adriana Karembeu filme une sc\u00e8ne surprenante dans les rues de Paris : &quot;Je suis choqu\u00e9e !&quot;\"  \/><\/p>\n<p>Capture Instagram Adriana Karembeu<\/p>\n<p>Dans sa derni\u00e8re story, <a href=\"https:\/\/www.google.com\/url?sa=t&amp;source=web&amp;rct=j&amp;opi=89978449&amp;url=https:\/\/vsd.fr\/62227-un-monstre-adriana-karembeu-fait-des-confessions-fracassantes-sur-son-pere\/&amp;ved=2ahUKEwiYwqbf_MyMAxVtT0EAHdlEFwwQFnoECCYQAQ&amp;usg=AOvVaw3_eEowZCt8PXz_qH--Ne_j\" target=\"_blank\" rel=\"noopener\">l&rsquo;acolyte de Michel Cymes<\/a> a alors d\u00e9voil\u00e9 la performance de la troupe lors de son show <strong>au Casino de Paris les 7 et 8 avril.<\/strong> La troupe qui a d\u00e9sormais quitt\u00e9 la capitale afin de poursuivre sa <strong>tourn\u00e9e partout en France<\/strong>. Electro Symphony passera forc\u00e9ment pr\u00e8s de chez vous. Ils seront, notamment, \u00e0 Marseille le 30 avril, \u00e0 Nice le 3 mai, \u00e0 Toulouse le 7, \u00e0 Bordeaux le 10 et <strong>se reproduiront \u00e0 Paris le 24 mai prochain<\/strong>. Avis aux amateurs&#8230;<\/p>\n<p>      Mentionn\u00e9s dans cet article<\/p>\n<p>\u00c0 lire aussi<\/p>\n","protected":false},"excerpt":{"rendered":"R\u00e9sum\u00e9 Adriana Karembeu a assist\u00e9 \u00e0 un concert fabuleux \u00e0 Paris le 8 avril&#8230; mais la mannequin ne&hellip;\n","protected":false},"author":2,"featured_media":15147,"comment_status":"","ping_status":"","sticky":false,"template":"","format":"standard","meta":{"footnotes":""},"categories":[1888],"tags":[11,6382,1697,1777,674,6383,1011,27,6384,12,626,25],"class_list":{"0":"post-15146","1":"post","2":"type-post","3":"status-publish","4":"format-standard","5":"has-post-thumbnail","7":"category-paris","8":"tag-actualites","9":"tag-adriana-karembeu","10":"tag-concert","11":"tag-eu","12":"tag-europe","13":"tag-experience","14":"tag-fr","15":"tag-france","16":"tag-musique-electronique","17":"tag-news","18":"tag-paris","19":"tag-republique-francaise"},"share_on_mastodon":{"url":"https:\/\/pubeurope.com\/@fr\/114314088587585456","error":""},"_links":{"self":[{"href":"https:\/\/www.europesays.com\/fr\/wp-json\/wp\/v2\/posts\/15146","targetHints":{"allow":["GET"]}}],"collection":[{"href":"https:\/\/www.europesays.com\/fr\/wp-json\/wp\/v2\/posts"}],"about":[{"href":"https:\/\/www.europesays.com\/fr\/wp-json\/wp\/v2\/types\/post"}],"author":[{"embeddable":true,"href":"https:\/\/www.europesays.com\/fr\/wp-json\/wp\/v2\/users\/2"}],"replies":[{"embeddable":true,"href":"https:\/\/www.europesays.com\/fr\/wp-json\/wp\/v2\/comments?post=15146"}],"version-history":[{"count":0,"href":"https:\/\/www.europesays.com\/fr\/wp-json\/wp\/v2\/posts\/15146\/revisions"}],"wp:featuredmedia":[{"embeddable":true,"href":"https:\/\/www.europesays.com\/fr\/wp-json\/wp\/v2\/media\/15147"}],"wp:attachment":[{"href":"https:\/\/www.europesays.com\/fr\/wp-json\/wp\/v2\/media?parent=15146"}],"wp:term":[{"taxonomy":"category","embeddable":true,"href":"https:\/\/www.europesays.com\/fr\/wp-json\/wp\/v2\/categories?post=15146"},{"taxonomy":"post_tag","embeddable":true,"href":"https:\/\/www.europesays.com\/fr\/wp-json\/wp\/v2\/tags?post=15146"}],"curies":[{"name":"wp","href":"https:\/\/api.w.org\/{rel}","templated":true}]}}