{"id":151469,"date":"2025-06-04T13:03:08","date_gmt":"2025-06-04T13:03:08","guid":{"rendered":"https:\/\/www.europesays.com\/fr\/151469\/"},"modified":"2025-06-04T13:03:08","modified_gmt":"2025-06-04T13:03:08","slug":"un-homme-suspecte-detre-le-commanditaire-de-cryptorapts-arrete-au-maroc-liberation","status":"publish","type":"post","link":"https:\/\/www.europesays.com\/fr\/151469\/","title":{"rendered":"un homme suspect\u00e9 d\u2019\u00eatre le commanditaire de \u00abcryptorapts\u00bb arr\u00eat\u00e9 au Maroc \u2013 Lib\u00e9ration"},"content":{"rendered":"<p class=\"sc-ksZaOG ehjQrN text-element\">Il est suspect\u00e9 d\u2019\u00eatre derri\u00e8re une grande partie des <a href=\"https:\/\/www.liberation.fr\/societe\/police-justice\/serie-denlevements-dans-la-cryptomonnaie-une-dizaine-de-suspects-interpelles-et-places-en-garde-a-vue-20250526_ZZEDA5LENFBAHKXZSFATW6WV4A\/\" target=\"_blank\" rel=\"noreferrer noopener\" title=\"https:\/\/www.liberation.fr\/societe\/police-justice\/serie-denlevements-dans-la-cryptomonnaie-une-dizaine-de-suspects-interpelles-et-places-en-garde-a-vue-20250526_ZZEDA5LENFBAHKXZSFATW6WV4A\/\">enl\u00e8vements qui font trembler le milieu de la cryptomonnaie depuis plusieurs mois<\/a>. Badiss Mohammed Bajjou, Franco-Marocain de 24 ans inscrit sur la liste des dix individus les plus recherch\u00e9s par Interpol, a \u00e9t\u00e9 interpell\u00e9 mardi au Maroc par des policiers locaux, affirme <a href=\"https:\/\/www.leparisien.fr\/faits-divers\/le-commanditaire-presume-des-cryptorapts-en-france-interpelle-au-maroc-04-06-2025-CGLNY4SCBZFQNC4RQMEU24PMH4.php\" target=\"_blank\" rel=\"noreferrer noopener\" title=\"https:\/\/www.leparisien.fr\/faits-divers\/le-commanditaire-presume-des-cryptorapts-en-france-interpelle-au-maroc-04-06-2025-CGLNY4SCBZFQNC4RQMEU24PMH4.php\">le Parisien<\/a> ce mercredi 4 juin. Selon le quotidien, le commanditaire pr\u00e9sum\u00e9 de ces \u00abcryptorapts\u00bb a pu \u00eatre arr\u00eat\u00e9 dans le cadre d\u2019une <a href=\"https:\/\/www.liberation.fr\/france\/2019\/01\/17\/interpol-fausses-notes-et-notices-rouges_1703687\/\" target=\"_blank\" rel=\"noreferrer noopener\" title=\"https:\/\/www.liberation.fr\/france\/2019\/01\/17\/interpol-fausses-notes-et-notices-rouges_1703687\/\">\u00abnotice rouge\u00bb<\/a> \u00e9mise par d\u2019Interpol \u00e0 son encontre. <\/p>\n<p class=\"sc-ksZaOG ehjQrN text-element\">Le suspect a \u00e9t\u00e9 interpell\u00e9 dans la ville de Tanger, dans le Nord du Maroc, renseigne un communiqu\u00e9 de la Direction g\u00e9n\u00e9rale de la S\u00fbret\u00e9 nationale (DGSN) du pays, cit\u00e9 par l\u2019agence officielle marocaine MAP. <\/p>\n<p class=\"sc-ksZaOG ehjQrN text-element\">Le ministre de la Justice, G\u00e9rald Darmanin, <a href=\"https:\/\/x.com\/GDarmanin\/status\/1930221030850560370\" target=\"_blank\" rel=\"noreferrer\" title=\"https:\/\/x.com\/GDarmanin\/status\/1930221030850560370\">a salu\u00e9 dans un message post\u00e9 sur X<\/a> cette interpellation et a \u00e9crit remercier \u00absinc\u00e8rement le Maroc pour cette arrestation qui montre l\u2019excellente coop\u00e9ration judiciaire entre nos deux pays, en particulier contre la criminalit\u00e9 organis\u00e9e\u00bb.<\/p>\n<p class=\"sc-ksZaOG ehjQrN text-element\">Selon le Parisien, Badiss Mohammed Bajjou est notamment recherch\u00e9 pour avoir commandit\u00e9 l\u2019agression d\u2019une femme de 56 ans \u00e0 son domicile d\u2019Elancourt (Yvelines) en juillet 2023. Son but : obtenir une ran\u00e7on cryptomonnaie de la part de son fils.<a href=\"https:\/\/www.liberation.fr\/societe\/police-justice\/apres-la-sequestration-de-david-balland-cofondateur-de-ledger-deux-nouvelles-personnes-mises-en-examen-20250411_UFP2WDRS2NEATKGZ3CKGGFBQXY\/\" target=\"_blank\" rel=\"noreferrer noopener\" title=\"https:\/\/www.liberation.fr\/societe\/police-justice\/apres-la-sequestration-de-david-balland-cofondateur-de-ledger-deux-nouvelles-personnes-mises-en-examen-20250411_UFP2WDRS2NEATKGZ3CKGGFBQXY\/\"> Il aurait \u00e9galement pris part \u00e0 l\u2019impressionnante s\u00e9questration de David Balland<\/a>, cofondateur de la soci\u00e9t\u00e9 de cryptoactifs Ledger, ainsi que de sa compagne en janvier dernier. Les ravisseurs avaient demand\u00e9 \u00abune importante ran\u00e7on en cryptomonnaie\u00bb. Au moins neuf suspects sont mis en examen dans cette affaire. <\/p>\n<p class=\"sc-ksZaOG ehjQrN text-element\">Le jeune homme, originaire du Chesnay dans les Yvelines, aurait aussi tir\u00e9 les ficelles pour <a href=\"https:\/\/www.liberation.fr\/societe\/police-justice\/le-pere-dun-riche-entrepreneur-de-la-cryptomonnaie-kidnappe-en-plein-paris-puis-sequestre-deux-jours-pour-une-rancon-20250504_4CURAG5KUZGHBFDP6RF6CSYTZA\/\" target=\"_blank\" rel=\"noreferrer noopener\" title=\"https:\/\/www.liberation.fr\/societe\/police-justice\/le-pere-dun-riche-entrepreneur-de-la-cryptomonnaie-kidnappe-en-plein-paris-puis-sequestre-deux-jours-pour-une-rancon-20250504_4CURAG5KUZGHBFDP6RF6CSYTZA\/\">les r\u00e9cents enl\u00e8vements \u00e0 Paris<\/a> et <a href=\"https:\/\/www.liberation.fr\/societe\/police-justice\/il-repetait-ou-est-ma-femme-ou-est-ma-fille-nouvelle-tentative-denlevement-en-lien-avec-la-cryptomonnaie-a-paris-20250513_UAWLER72NRDBHFQOV27ABZPQE4\/\" target=\"_blank\" rel=\"noreferrer noopener\" title=\"https:\/\/www.liberation.fr\/societe\/police-justice\/il-repetait-ou-est-ma-femme-ou-est-ma-fille-nouvelle-tentative-denlevement-en-lien-avec-la-cryptomonnaie-a-paris-20250513_UAWLER72NRDBHFQOV27ABZPQE4\/\">tentatives en plein c\u0153ur de la capitale<\/a>.<\/p>\n<p class=\"sc-ksZaOG ehjQrN text-element\">Badiss Mohammed Bajjou est notamment vis\u00e9 par plusieurs mandats d\u2019arr\u00eats internationaux \u00e9mis par la justice fran\u00e7aise pour \u00abarrestation, enl\u00e8vement, s\u00e9questration ou d\u00e9tention arbitraire d\u2019otage pour obtenir l\u2019ex\u00e9cution d\u2019un ordre ou d\u2019une condition, commis en bande organis\u00e9e\u00bb, \u00abextorsion en bande organis\u00e9e\u00bb ou encore \u00abblanchiment en bande organis\u00e9e de biens ou de fonds provenant d\u2019un crime d\u2019extorsion en bande organis\u00e9e\u00bb, comme l\u2019indique le site <a href=\"https:\/\/www.interpol.int\/How-we-work\/Notices\/Red-Notices\/View-Red-Notices#2023-76039\" target=\"_blank\" rel=\"noreferrer noopener\" title=\"https:\/\/www.interpol.int\/How-we-work\/Notices\/Red-Notices\/View-Red-Notices#2023-76039\">d\u2019Interpol<\/a>.<\/p>\n<p class=\"sc-ksZaOG ehjQrN text-element\">En revanche, rien ne dit que le suspect pourra \u00eatre extrad\u00e9 par le Maroc vers la France, aucun accord n\u2019existant sur ce sujet entre les deux pays.<\/p>\n<p class=\"sc-ksZaOG ehjQrN text-element\"><b>Mise \u00e0 jour <\/b>\u00e0 14 h 27 avec le communiqu\u00e9 de la Direction g\u00e9n\u00e9rale de la S\u00fbret\u00e9 nationale (DGSN) du Maroc<\/p>\n","protected":false},"excerpt":{"rendered":"Il est suspect\u00e9 d\u2019\u00eatre derri\u00e8re une grande partie des enl\u00e8vements qui font trembler le milieu de la cryptomonnaie&hellip;\n","protected":false},"author":2,"featured_media":151470,"comment_status":"","ping_status":"","sticky":false,"template":"","format":"standard","meta":{"footnotes":""},"categories":[4],"tags":[11,5392,1011,27,2223,12,25],"class_list":{"0":"post-151469","1":"post","2":"type-post","3":"status-publish","4":"format-standard","5":"has-post-thumbnail","7":"category-france","8":"tag-actualites","9":"tag-cryptomonnaies","10":"tag-fr","11":"tag-france","12":"tag-maroc","13":"tag-news","14":"tag-republique-francaise"},"share_on_mastodon":{"url":"https:\/\/pubeurope.com\/@fr\/114625236417388158","error":""},"_links":{"self":[{"href":"https:\/\/www.europesays.com\/fr\/wp-json\/wp\/v2\/posts\/151469","targetHints":{"allow":["GET"]}}],"collection":[{"href":"https:\/\/www.europesays.com\/fr\/wp-json\/wp\/v2\/posts"}],"about":[{"href":"https:\/\/www.europesays.com\/fr\/wp-json\/wp\/v2\/types\/post"}],"author":[{"embeddable":true,"href":"https:\/\/www.europesays.com\/fr\/wp-json\/wp\/v2\/users\/2"}],"replies":[{"embeddable":true,"href":"https:\/\/www.europesays.com\/fr\/wp-json\/wp\/v2\/comments?post=151469"}],"version-history":[{"count":0,"href":"https:\/\/www.europesays.com\/fr\/wp-json\/wp\/v2\/posts\/151469\/revisions"}],"wp:featuredmedia":[{"embeddable":true,"href":"https:\/\/www.europesays.com\/fr\/wp-json\/wp\/v2\/media\/151470"}],"wp:attachment":[{"href":"https:\/\/www.europesays.com\/fr\/wp-json\/wp\/v2\/media?parent=151469"}],"wp:term":[{"taxonomy":"category","embeddable":true,"href":"https:\/\/www.europesays.com\/fr\/wp-json\/wp\/v2\/categories?post=151469"},{"taxonomy":"post_tag","embeddable":true,"href":"https:\/\/www.europesays.com\/fr\/wp-json\/wp\/v2\/tags?post=151469"}],"curies":[{"name":"wp","href":"https:\/\/api.w.org\/{rel}","templated":true}]}}