{"id":151473,"date":"2025-06-04T13:05:09","date_gmt":"2025-06-04T13:05:09","guid":{"rendered":"https:\/\/www.europesays.com\/fr\/151473\/"},"modified":"2025-06-04T13:05:09","modified_gmt":"2025-06-04T13:05:09","slug":"meteo-la-loire-en-alerte-orange-aux-orages-et-fortes-pluies-les-zones-a-risque","status":"publish","type":"post","link":"https:\/\/www.europesays.com\/fr\/151473\/","title":{"rendered":"M\u00e9t\u00e9o. La Loire en alerte orange aux orages et fortes pluies : les zones \u00e0 risque"},"content":{"rendered":"<p>            Par<br \/>\n        <strong><br \/>\n            <a href=\"https:\/\/actu.fr\/auteur\/mathias-souteyrat\" title=\"Consulter tous les articles de Mathias Souteyrat\" target=\"_blank\" rel=\"noopener\">Mathias Souteyrat<\/a><br \/>\n        <\/strong><\/p>\n<p>        Publi\u00e9 le<\/p>\n<p>            4 juin 2025 \u00e0 5h10<br \/>\n        ; mis \u00e0 jour le 4 juin 2025 \u00e0 14h35    <\/p>\n<p><strong>Mise \u00e0 jour.<\/strong> Le 4 juin \u00e0 14h. Depuis ce mercredi matin le SDIS est intervenu \u00e0 trois reprises dans le cadre des intemp\u00e9ries qui touchent le d\u00e9partement : <\/p>\n<ul class=\" wall-content\">\n<li>1 intervention sur une maison touch\u00e9e hier : Mise en place d\u2019une b\u00e2che sur le toit.<\/li>\n<li>1 intervention \u00e0 l\u2019\u00e9cole de Saint Etienne Villeboeuf : une classe inond\u00e9e, les \u00e9l\u00e8ves ont \u00e9t\u00e9 \u00e9vacu\u00e9s.<\/li>\n<li>1 intervention \u00e0 Carrefour Market Veauche : inondation. Fermeture de l\u2019\u00e9tablissement de leur propre chef.<\/li>\n<\/ul>\n<p class=\" wall-content\">M\u00e9t\u00e9o France place la <a href=\"https:\/\/actu.fr\/auvergne-rhone-alpes\/roche_42188\/loire-un-orage-supercellulaire-frappe-ces-secteurs-des-maisons-detruites_62715159.html\" target=\"_blank\" rel=\"noopener\">Loire<\/a> en alerte orange pluie-inondation et <a href=\"https:\/\/actu.fr\/auvergne-rhone-alpes\/saint-etienne_42218\/meteo-de-violents-orages-de-grele-arrivent-dans-quelques-heures-la-loire-en-alerte-orange_62719967.html\" target=\"_blank\" rel=\"noopener\">orages<\/a> ce mercredi 4 juin 2025. Une perturbation orageuse et fortement pluvieuse, concerne l\u2019est du Massif central et la r\u00e9gion Rh\u00f4ne-Alpes. Le d\u00e9but d\u2019\u00e9v\u00e9nement est pr\u00e9vu \u00e0 10 jusqu\u2019\u00e0 16 heures.<\/p>\n<p>Jusqu\u2019\u00e0 70 mm de pluie sur le Pilat \/ 30 mm sur le bassin st\u00e9phanois\u00a0<\/p>\n<p class=\" wall-content\">Voici les pr\u00e9visions donn\u00e9es par la pr\u00e9fecture :<\/p>\n<ul class=\" wall-content\">\n<li>Des orages violents sont attendus dans le sud du d\u00e9partement.\u00a0<\/li>\n<li>Jusqu\u2019\u00e0 70 mm de pluie sur le Pilat \/ 30 mm sur le bassin st\u00e9phanois\u00a0<\/li>\n<li>Rafales de vent jusqu\u2019\u00e0 80 km\/h<\/li>\n<li>Gr\u00eale (taille moyenne)<\/li>\n<li>Forte activit\u00e9 \u00e9lectrique<\/li>\n<\/ul>\n<p class=\" wall-content\">Zones les plus concern\u00e9es :<\/p>\n<p>Vid\u00e9os : en ce moment sur Actu<\/p>\n<ul class=\" wall-content\">\n<li>Pilat : jusqu\u2019\u00e0 20 mm\/h<\/li>\n<li>Bassin st\u00e9phanois : 5 \u00e0 15 mm\/h<\/li>\n<\/ul>\n<p>On attend localement 50 \u00e0 70 mm au sud de la Loire<\/p>\n<p class=\" wall-content\">Passage aussi en vigilance orange aux fortes pluies pour l\u2019Ard\u00e8che, la Dr\u00f4me, l\u2019Is\u00e8re, la Haute-Loire et le Rh\u00f4ne.<\/p>\n<p class=\" wall-content\">Cette perturbation s\u2019accompagne d\u2019orages mais aussi de fortes pluies en quelques heures.<\/p>\n<blockquote class=\"ac-article-quote wall-content\">\n<p>On attend ainsi localement 50 \u00e0 70 mm en 6 heures sur l&rsquo;est de la Haute-Loire, le sud de la Loire et du Rh\u00f4ne ainsi que sur les deux tiers ouest du d\u00e9partement de l&rsquo;Is\u00e8re sur des secteurs d\u00e9j\u00e0 r\u00e9cemment touch\u00e9s par des intemp\u00e9ries.<\/p>\n<p>    <strong>M\u00e9t\u00e9o France<\/strong>\n            <\/p><\/blockquote>\n<p class=\" wall-content\">Sur l\u2019Ard\u00e8che et la Dr\u00f4me, on peut avoir 50 \u00e0 80 mm localement en moins de six heures, en particulier sur le nord de ces d\u00e9partements.<\/p>\n<p class=\" wall-content\">Suivez toute l\u2019actualit\u00e9 de vos villes et m\u00e9dias favoris en vous inscrivant \u00e0 <a href=\"https:\/\/moncompte.actu.fr\" title=\"D\u00e9couvez Mon Actu\" rel=\"nofollow noopener\" data-trk=\"{&quot;cta&quot;:{&quot;action&quot;:&quot;https:\\\/\\\/moncompte.actu.fr&quot;,&quot;category&quot;:&quot;mon compte&quot;,&quot;from&quot;:&quot;article footer&quot;,&quot;name&quot;:&quot;Mon actu&quot;,&quot;type&quot;:&quot;cta&quot;}}\" target=\"_blank\">Mon Actu<\/a>.<\/p>\n","protected":false},"excerpt":{"rendered":"Par Mathias Souteyrat Publi\u00e9 le 4 juin 2025 \u00e0 5h10 ; mis \u00e0 jour le 4 juin 2025&hellip;\n","protected":false},"author":2,"featured_media":145759,"comment_status":"","ping_status":"","sticky":false,"template":"","format":"standard","meta":{"footnotes":""},"categories":[9653],"tags":[1111,11,2430,1777,674,1011,27,2839,2487,2357,12,4594,25,4001],"class_list":{"0":"post-151473","1":"post","2":"type-post","3":"status-publish","4":"format-standard","5":"has-post-thumbnail","7":"category-saint-etienne","8":"tag-actu","9":"tag-actualites","10":"tag-auvergne-rhone-alpes","11":"tag-eu","12":"tag-europe","13":"tag-fr","14":"tag-france","15":"tag-inondations","16":"tag-meteo","17":"tag-meteo-france","18":"tag-news","19":"tag-orages","20":"tag-republique-francaise","21":"tag-saint-etienne"},"share_on_mastodon":{"url":"https:\/\/pubeurope.com\/@fr\/114625244275476044","error":""},"_links":{"self":[{"href":"https:\/\/www.europesays.com\/fr\/wp-json\/wp\/v2\/posts\/151473","targetHints":{"allow":["GET"]}}],"collection":[{"href":"https:\/\/www.europesays.com\/fr\/wp-json\/wp\/v2\/posts"}],"about":[{"href":"https:\/\/www.europesays.com\/fr\/wp-json\/wp\/v2\/types\/post"}],"author":[{"embeddable":true,"href":"https:\/\/www.europesays.com\/fr\/wp-json\/wp\/v2\/users\/2"}],"replies":[{"embeddable":true,"href":"https:\/\/www.europesays.com\/fr\/wp-json\/wp\/v2\/comments?post=151473"}],"version-history":[{"count":0,"href":"https:\/\/www.europesays.com\/fr\/wp-json\/wp\/v2\/posts\/151473\/revisions"}],"wp:featuredmedia":[{"embeddable":true,"href":"https:\/\/www.europesays.com\/fr\/wp-json\/wp\/v2\/media\/145759"}],"wp:attachment":[{"href":"https:\/\/www.europesays.com\/fr\/wp-json\/wp\/v2\/media?parent=151473"}],"wp:term":[{"taxonomy":"category","embeddable":true,"href":"https:\/\/www.europesays.com\/fr\/wp-json\/wp\/v2\/categories?post=151473"},{"taxonomy":"post_tag","embeddable":true,"href":"https:\/\/www.europesays.com\/fr\/wp-json\/wp\/v2\/tags?post=151473"}],"curies":[{"name":"wp","href":"https:\/\/api.w.org\/{rel}","templated":true}]}}