{"id":151474,"date":"2025-06-04T13:06:15","date_gmt":"2025-06-04T13:06:15","guid":{"rendered":"https:\/\/www.europesays.com\/fr\/151474\/"},"modified":"2025-06-04T13:06:15","modified_gmt":"2025-06-04T13:06:15","slug":"saint-etienne-trois-motos-volees-retrouvees-dans-un-garage-deux-individus-interpelles","status":"publish","type":"post","link":"https:\/\/www.europesays.com\/fr\/151474\/","title":{"rendered":"Saint-Etienne. Trois motos vol\u00e9es retrouv\u00e9es dans un garage, deux individus interpell\u00e9s"},"content":{"rendered":"<p>C\u2019est une belle affaire que viennent de r\u00e9soudre les policiers de la Brigade sp\u00e9cialis\u00e9e de terrain. Le lundi 2\u00a0juin, en fin de journ\u00e9e, un \u00e9quipage en faction dans le quartier de Montreynaud rep\u00e8re le comportement suspect de plusieurs individus \u00e0 l\u2019entr\u00e9e d\u2019un garage souterrain.<\/p>\n<p>Les policiers d\u00e9cident de mettre discr\u00e8tement en place un dispositif de surveillance avant d\u2019intervenir quelques minutes plus tard. Sur place, ils vont d\u00e9couvrir deux jeunes hommes, mais aussi trois motocross ainsi qu\u2019un quad.<\/p>\n<p>  Les engins devraient \u00eatre restitu\u00e9s<\/p>\n<p>Si les trois premiers engins sont d\u00e9clar\u00e9s vol\u00e9s, des investigations restent ouvertes pour tenter de d\u00e9terminer la provenance du dernier. Mais selon une source polici\u00e8re, l\u2019origine serait \u00ab\u00a0pour le moins douteuse\u00a0\u00bb. Reste que les deux jeunes hommes, \u00e2g\u00e9s de 16 et 18 ans, ont \u00e9t\u00e9 interpell\u00e9s et plac\u00e9s en garde \u00e0 vue.<\/p>\n<p>Quant aux v\u00e9hicules retrouv\u00e9s, si leur \u00e9tat de fonctionnement le permet, ils devraient \u00eatre restitu\u00e9s \u00e0 leurs propri\u00e9taires respectifs.<\/p>\n<p class=\"note\">\u00c0 la suite de ces interpellations, les services de la police nationale ne manquent pas de rappeler que \u00ab\u00a0les citoyens, victimes de troubles de leur tranquillit\u00e9 ou t\u00e9moins d\u2019activit\u00e9s suspectes, peuvent effectuer des signalements en appelant le 17 <a href=\"https:\/\/www.masecurite.interieur.gouv.fr\/fr\" target=\"_blank\" rel=\"nofollow noopener\">ou via la plateforme masecurite.fr<\/a> \u00bb.<\/p>\n","protected":false},"excerpt":{"rendered":"C\u2019est une belle affaire que viennent de r\u00e9soudre les policiers de la Brigade sp\u00e9cialis\u00e9e de terrain. Le lundi&hellip;\n","protected":false},"author":2,"featured_media":151475,"comment_status":"","ping_status":"","sticky":false,"template":"","format":"standard","meta":{"footnotes":""},"categories":[9653],"tags":[1111,11,2430,271,272,7539,1777,674,274,1011,27,3367,12,25,4001,7538],"class_list":{"0":"post-151474","1":"post","2":"type-post","3":"status-publish","4":"format-standard","5":"has-post-thumbnail","7":"category-saint-etienne","8":"tag-actu","9":"tag-actualites","10":"tag-auvergne-rhone-alpes","11":"tag-crime","12":"tag-delit-et-contravention","13":"tag-edition-loire-sud","14":"tag-eu","15":"tag-europe","16":"tag-faits-divers-justice","17":"tag-fr","18":"tag-france","19":"tag-loire","20":"tag-news","21":"tag-republique-francaise","22":"tag-saint-etienne","23":"tag-saint-etienne-ville"},"share_on_mastodon":{"url":"https:\/\/pubeurope.com\/@fr\/114625248382854072","error":""},"_links":{"self":[{"href":"https:\/\/www.europesays.com\/fr\/wp-json\/wp\/v2\/posts\/151474","targetHints":{"allow":["GET"]}}],"collection":[{"href":"https:\/\/www.europesays.com\/fr\/wp-json\/wp\/v2\/posts"}],"about":[{"href":"https:\/\/www.europesays.com\/fr\/wp-json\/wp\/v2\/types\/post"}],"author":[{"embeddable":true,"href":"https:\/\/www.europesays.com\/fr\/wp-json\/wp\/v2\/users\/2"}],"replies":[{"embeddable":true,"href":"https:\/\/www.europesays.com\/fr\/wp-json\/wp\/v2\/comments?post=151474"}],"version-history":[{"count":0,"href":"https:\/\/www.europesays.com\/fr\/wp-json\/wp\/v2\/posts\/151474\/revisions"}],"wp:featuredmedia":[{"embeddable":true,"href":"https:\/\/www.europesays.com\/fr\/wp-json\/wp\/v2\/media\/151475"}],"wp:attachment":[{"href":"https:\/\/www.europesays.com\/fr\/wp-json\/wp\/v2\/media?parent=151474"}],"wp:term":[{"taxonomy":"category","embeddable":true,"href":"https:\/\/www.europesays.com\/fr\/wp-json\/wp\/v2\/categories?post=151474"},{"taxonomy":"post_tag","embeddable":true,"href":"https:\/\/www.europesays.com\/fr\/wp-json\/wp\/v2\/tags?post=151474"}],"curies":[{"name":"wp","href":"https:\/\/api.w.org\/{rel}","templated":true}]}}