{"id":151486,"date":"2025-06-04T13:12:09","date_gmt":"2025-06-04T13:12:09","guid":{"rendered":"https:\/\/www.europesays.com\/fr\/151486\/"},"modified":"2025-06-04T13:12:09","modified_gmt":"2025-06-04T13:12:09","slug":"linfluenceur-ayant-questionne-lexistence-des-chambres-a-gaz-sur-tiktok-condamne-a-6-mois-de-prison-avec-sursis","status":"publish","type":"post","link":"https:\/\/www.europesays.com\/fr\/151486\/","title":{"rendered":"l\u2019influenceur ayant questionn\u00e9 l\u2019existence des chambres \u00e0 gaz sur TikTok, condamn\u00e9 \u00e0 6 mois de prison avec sursis"},"content":{"rendered":"<p>Les propos tenus par Yann L. dans une vid\u00e9o, devenue virale, avaient \u00e9t\u00e9 signal\u00e9s au procureur de la R\u00e9publique par le maire PS de Montpellier. Il a \u00e9cop\u00e9 de 6 mois d\u2019emprisonnement avec sursis et 2000 \u20ac d\u2019amende.<\/p>\n<p class=\"fig-paragraph\">Yann L., Tiktokeur h\u00e9raultais de 43 ans,\u00a0<a href=\"http:\/\/www.lefigaro.fr\/faits-divers\/a-son-proces-l-influenceur-qui-expliquait-qu-on-n-avait-jamais-retrouve-de-chambres-a-gaz-defend-ses-analyses-geopolitiques-20250428\" data-fig-type=\"Article\" data-gtm-custom-categorie=\"navigation\" data-gtm-custom-action=\"crossclick\" data-gtm-custom-label=\"Contextuel\" data-gtm-event=\"customEventSPE\" data-fig-domain=\"LEFIGARO\" rel=\"nofollow noopener\" target=\"_blank\">jug\u00e9 le 28 avril dernier par le tribunal correctionnel de Montpellier<\/a>\u00a0pour contestation de crime contre l\u2019humanit\u00e9 et provocation \u00e0 la haine, a \u00e9t\u00e9 condamn\u00e9 ce mercredi \u00e0 six mois d\u2019emprisonnement avec sursis et 2000 euros d\u2019amende. Le verdict final est align\u00e9 sur les r\u00e9quisitions du procureur de la R\u00e9publique.<\/p>\n<p class=\"fig-paragraph\">Les vid\u00e9os publi\u00e9es sur TikTok par cet ancien directeur d\u2019une \u00e9cole de jeux vid\u00e9o, d\u00e9sormais au ch\u00f4mage, avaient \u00e9t\u00e9 signal\u00e9es en janvier dernier par\u00a0<a href=\"https:\/\/www.lefigaro.fr\/politique\/michael-delafosse-l-atypique-maire-de-montpellier-qui-veut-compter-a-gauche-20230321\" data-fig-type=\"Article\" data-gtm-custom-categorie=\"navigation\" data-gtm-custom-action=\"crossclick\" data-gtm-custom-label=\"Contextuel\" data-gtm-event=\"customEventSPE\" data-fig-domain=\"LEFIGARO\" rel=\"nofollow noopener\" target=\"_blank\">Micha\u00ebl Delafosse<\/a>, le maire PS de Montpellier. Dans l\u2019une d\u2019elles, le quadrag\u00e9naire estimait que la population fran\u00e7aise avait \u00e9t\u00e9 \u00abculpabilis\u00e9e par rapport \u00e0 39-45 et ce qui est arriv\u00e9 \u00e0 la communaut\u00e9 juive\u00bb. Plus pr\u00e9cis\u00e9ment, il s\u2019en prenait aux chambres \u00e0 gaz \u00abque l\u2019on n\u2019a jamais retrouv\u00e9es\u00bb. \u00abToutes les chambres \u00e0 gaz \u00e9taient du c\u00f4t\u00e9 russe, qui a \u00e9t\u00e9 lib\u00e9r\u00e9 par les Russes, et les Russes n\u2019ont jamais parl\u00e9 de chambre \u00e0 gaz\u00bb, affirmait-il.<\/p>\n<p class=\"fig-paragraph\">Plus tard dans la s\u00e9quence, vue 270.000 fois, Yann L. s\u2019en prenait \u00e0 la religion juive \u00abtr\u00e8s supr\u00e9maciste\u00bb et critiquait \u00abcette histoire qu\u2019on nous a vendue o\u00f9 le juif est le gentil qui s\u2019est fait pers\u00e9cuter par le m\u00e9chant Allemand\u00bb. Un d\u00e9veloppement tr\u00e8s mal per\u00e7u par la juge de Montpellier, estimant lors du proc\u00e8s que \u00abla loi vient poser un cadre sur l\u2019expression de certaines pens\u00e9es\u00bb et \u00ablimiter le droit de parole\u00bb. Alors que le pr\u00e9venu, assurant seul sa d\u00e9fense, insistait sur la v\u00e9racit\u00e9 factuelle de ce qu\u2019il avan\u00e7ait, l\u2019ambigu\u00eft\u00e9 de son discours et ses raccourcis historiques lui ont \u00e9t\u00e9 reproch\u00e9s.<\/p>\n<p>\u00abJe vis d\u2019amour, d\u2019eau fra\u00eeche et d\u2019intellectualit\u00e9\u00bb<\/p>\n<p class=\"fig-paragraph\">Lors de son r\u00e9quisitoire, le procureur de la R\u00e9publique avait invoqu\u00e9 la loi Gayssot et affirm\u00e9 que les propos tenus \u00aben soi condamnables\u00bb facilitaient par leur diffusion \u00abune culture naus\u00e9abonde et des passages \u00e0 l\u2019acte\u00bb. Pour sa part, l\u2019avocat de la Licra, partie civile dans cette affaire, avait per\u00e7u dans les extraits visionn\u00e9s un \u00abantis\u00e9mitisme politique et \u00e9conomique caract\u00e9ris\u00e9\u00bb. Il d\u00e9veloppait\u00a0: \u00abOn observe toujours le proc\u00e9d\u00e9\u00a0: un apparat pseudoscientifique qui aboutit \u00e0 une impossibilit\u00e9 technique des chambres \u00e0 gaz et conclut \u00e0 un mythe cr\u00e9e pour contraindre les \u00c9tats occidentaux \u00e0 financer et soutenir l\u2019\u00c9tat d\u2019Isra\u00ebl.\u00bb<\/p>\n<p class=\"fig-paragraph\">Le pr\u00e9venu qui d\u00e9plorait dans sa plaidoirie que \u00abla pression politique descende jusque dans les tribunaux\u00bb se pr\u00e9sentait comme un \u00absolitaire p\u00e8re de famille\u00bb vivant \u00abd\u2019amour, d\u2019eau fra\u00eeche et d\u2019intellectualit\u00e9\u00bb. \u00abJe n\u2019ai pas fait de n\u00e9gationnisme et je ne suis pas antis\u00e9mite\u00bb, s\u2019est-il d\u00e9fendu, jugeant \u00abscandaleux\u00bb d\u2019\u00eatre jug\u00e9 seulement sur des extraits de sa vid\u00e9o (2 minutes republi\u00e9es par le compte \u00abJug\u00e9 Coupable\u00bb sur le r\u00e9seau X) et non son int\u00e9gralit\u00e9. Depuis le proc\u00e8s, Yann L. dit Anoss, a publi\u00e9 plusieurs dizaines de nouvelles vid\u00e9os, dont une pour s\u2019insurger du d\u00e9roulement de l\u2019audience et son traitement m\u00e9diatique. \u00abMon argumentaire \u00e9tait bon, personne ne m\u2019a contredit l\u00e0-dessus\u00bb, insiste-t-il, estimant que les journalistes lui ont \u00abch*** \u00e0 la g****\u00bb.<\/p>\n","protected":false},"excerpt":{"rendered":"Les propos tenus par Yann L. dans une vid\u00e9o, devenue virale, avaient \u00e9t\u00e9 signal\u00e9s au procureur de la&hellip;\n","protected":false},"author":2,"featured_media":151487,"comment_status":"","ping_status":"","sticky":false,"template":"","format":"standard","meta":{"footnotes":""},"categories":[9599],"tags":[328,1111,47,3132,259,11,33,1777,674,1011,27,1110,2208,12,2680,25,517,2439,3131],"class_list":{"0":"post-151486","1":"post","2":"type-post","3":"status-publish","4":"format-standard","5":"has-post-thumbnail","7":"category-montpellier","8":"tag-a-la-une","9":"tag-actu","10":"tag-actualite","11":"tag-actualite-francaise","12":"tag-actualite-internationale","13":"tag-actualites","14":"tag-economie","15":"tag-eu","16":"tag-europe","17":"tag-fr","18":"tag-france","19":"tag-informations","20":"tag-montpellier","21":"tag-news","22":"tag-occitanie","23":"tag-republique-francaise","24":"tag-sport","25":"tag-tiktok","26":"tag-titres"},"share_on_mastodon":{"url":"https:\/\/pubeurope.com\/@fr\/114625271916363000","error":""},"_links":{"self":[{"href":"https:\/\/www.europesays.com\/fr\/wp-json\/wp\/v2\/posts\/151486","targetHints":{"allow":["GET"]}}],"collection":[{"href":"https:\/\/www.europesays.com\/fr\/wp-json\/wp\/v2\/posts"}],"about":[{"href":"https:\/\/www.europesays.com\/fr\/wp-json\/wp\/v2\/types\/post"}],"author":[{"embeddable":true,"href":"https:\/\/www.europesays.com\/fr\/wp-json\/wp\/v2\/users\/2"}],"replies":[{"embeddable":true,"href":"https:\/\/www.europesays.com\/fr\/wp-json\/wp\/v2\/comments?post=151486"}],"version-history":[{"count":0,"href":"https:\/\/www.europesays.com\/fr\/wp-json\/wp\/v2\/posts\/151486\/revisions"}],"wp:featuredmedia":[{"embeddable":true,"href":"https:\/\/www.europesays.com\/fr\/wp-json\/wp\/v2\/media\/151487"}],"wp:attachment":[{"href":"https:\/\/www.europesays.com\/fr\/wp-json\/wp\/v2\/media?parent=151486"}],"wp:term":[{"taxonomy":"category","embeddable":true,"href":"https:\/\/www.europesays.com\/fr\/wp-json\/wp\/v2\/categories?post=151486"},{"taxonomy":"post_tag","embeddable":true,"href":"https:\/\/www.europesays.com\/fr\/wp-json\/wp\/v2\/tags?post=151486"}],"curies":[{"name":"wp","href":"https:\/\/api.w.org\/{rel}","templated":true}]}}