{"id":151488,"date":"2025-06-04T13:13:09","date_gmt":"2025-06-04T13:13:09","guid":{"rendered":"https:\/\/www.europesays.com\/fr\/151488\/"},"modified":"2025-06-04T13:13:09","modified_gmt":"2025-06-04T13:13:09","slug":"cest-bientot-le-retour-du-festival-rush-a-rouen","status":"publish","type":"post","link":"https:\/\/www.europesays.com\/fr\/151488\/","title":{"rendered":"c&rsquo;est bient\u00f4t le retour du festival Rush \u00e0 Rouen"},"content":{"rendered":"<p>            Par<br \/>\n        <strong><br \/>\n            <a href=\"https:\/\/actu.fr\/auteur\/thierrychion\" title=\"Consulter tous les articles de Thierry Chion\" rel=\"nofollow noopener\" target=\"_blank\">Thierry Chion<\/a><br \/>\n        <\/strong><\/p>\n<p>        Publi\u00e9 le<\/p>\n<p>            4 juin 2025 \u00e0 14h32        <\/p>\n<p>La nouvelle \u00e9dition du <strong>festival Rush<\/strong> pr\u00e8s de <a href=\"https:\/\/actu.fr\/normandie\/rouen_76540\" rel=\"nofollow noopener\" target=\"_blank\">Rouen<\/a> est fin pr\u00eate. Le 5 juin 2025 sera le top d\u00e9part de ce rendez-vous musical qui invite \u00e0 la fl\u00e2nerie et \u00e0 la red\u00e9couverte de l\u2019espace quotidien. \u00ab\u2009C\u2019est la troisi\u00e8me \u00e9dition sous ce format l\u00e0 c\u2019est-\u00e0-dire itin\u00e9rant\u2009\u00bb, rappelle Jean-Christophe Aplincourt, patron du 106 et du festival.<\/p>\n<p>\u00ab\u2009Un \u00e9v\u00e9nement qui fait bouger le quotidien\u2009\u00bb<\/p>\n<p class=\" wall-content\">Et de rappeler les valeurs de Rush\u2009: \u00ab\u2009On entend tellement de choses diff\u00e9rentes par la notion de \u2018Festival\u2019\u2026 Il y a la version industrielle des gros rendez-vous nationaux, mais nous nous sommes \u00e0 c\u00f4t\u00e9 de cette id\u00e9e. Nous restaurons la notion de festival au sens d\u2019un \u00e9v\u00e9nement qui fait bouger le quotidien. Rush a une force parmi d\u2019autres, celle de <strong>toucher des personnes qui ne sont pas au 106 habituellement<\/strong>, cela permet d\u2019\u00e9largir l\u2019audience\u2009\u00bb.<\/p>\n<p class=\" wall-content\">Mais pas que\u2009:\u00a0<\/p>\n<blockquote class=\"ac-article-quote wall-content\">\n<p>Etre exigeant sur la musique pr\u00e9sent\u00e9e. Nous voulons emmener les gens loin du main-stream habituel.<\/p>\n<p>    <strong>Christophe Aplincourt<\/strong><br \/>\n        Patron du festival    <\/p><\/blockquote>\n<p>    <img   decoding=\"async\" loading=\"lazy\" src=\"https:\/\/www.europesays.com\/fr\/wp-content\/uploads\/2025\/06\/247062b70f286f770db706v-07847850-960x640.jpg\" alt=\"La programmation est riche.\" width=\"960\" height=\"640\"\/><br \/>\n    La programmation est riche. (\u00a9Documents transmis\/Le 106 \u2013 Montage JL\/76actu)<\/p>\n<p class=\" wall-content\">Deux marqueurs du festival ne changent pas\u2009: la soir\u00e9e d\u2019ouverture a lieu dans les jardins de l\u2019h\u00f4tel de ville et celle de fin au Parc des Bruy\u00e8res. \u00ab\u2009Au milieu, les endroits retenus changent\u2009\u00bb.<\/p>\n<p>Vid\u00e9os : en ce moment sur ActuQuel est le programme ?\u00a0<\/p>\n<p class=\" wall-content\">\u2022 <strong>Jeudi 5 juin<\/strong>, de 18h \u00e0 22h, les jardins de l\u2019h\u00f4tel de ville vont accueillir trois artistes. Tout d\u2019abord la Rouennaise <strong>Louise Charbonnel<\/strong> qui a su se faire rep\u00e9rer lors de l\u2019\u00e9dition 2025 des Inou\u00efs du Printemps de Bourges. Issu de la sc\u00e8ne punk de Gand (Belgique), Jan Verstraeten, le flamand d\u00e9cal\u00e9, prendra le relais. Enfin, le James Hunter six viendra clore la soir\u00e9e.\u00a0<\/p>\n<p class=\" wall-content\">\u2022 <strong>Vendredi 6\u00a0juin<\/strong>, la sc\u00e8ne se d\u00e9place <a href=\"https:\/\/actu.fr\/normandie\/roncherolles-sur-le-vivier_76536\/de-la-friche-a-lhabitat-participatif-un-projet-prend-forme-dans-le-village-de-roncherolles-sur-le-vivier_61711411.html\" rel=\"nofollow noopener\" target=\"_blank\">\u00e0 Roncherolles-sur-le-Vivier<\/a>, aux Ronches et \u00e0 la Halle plus pr\u00e9cis\u00e9ment. \u00ab\u2009Nous marquons notre soutien aux Ronches, nous aimons ce qu\u2019ils font et nous les mettons en lumi\u00e8re.\u2009\u00bb Au programme\u2009: L\u00e9on L\u00e9on et le bal de Papanosh.<\/p>\n<p class=\" wall-content\">\u2022 <strong>Le lendemain, 7\u00a0juin<\/strong>, rendez-vous \u00e0 Canteleu, au c\u0153ur de la <strong>for\u00eat monumentale<\/strong>. Au programme <strong>cinq formations folk<\/strong>. \u00ab\u2009On pourra tous les voir en se baladant sur quatre sites diff\u00e9rents\u2009\u00bb. Les sites retenus sont La cath\u00e9drale de vert, La for\u00eat sacr\u00e9e, le Compluvium et Les Chaumes. Les artistes pr\u00e9sents sont\u2009: Petite sorci\u00e8re, Limbo, Raoul Vignal, Rich (ard) Dawson et Nadia Reid.<\/p>\n<p class=\" wall-content\">\u2022 <strong>Jeudi 12\u00a0juin<\/strong>, le public sortira de Rouen pour se retrouver <a href=\"https:\/\/actu.fr\/normandie\/la-bouille_76131\/d-ou-vient-le-nom-de-la-bouille-l-un-des-villages-preferes-des-francais_59861912.html\" rel=\"nofollow noopener\" target=\"_blank\">\u00e0 La Bouille<\/a>. \u00ab\u2009C\u2019est comme un petit lieu de vill\u00e9giature pour les Rouennais, c\u2019est un peu Rouen \u00e0 la plage. C\u2019est une commune qui a plein de ressources locales \u00bb. En cons\u00e9quence, Jake la Botz (folk caboss\u00e9) et Lola Sauvageot (pop-rock) qui se produiront sur la place Saint-Michel. Fin de soir\u00e9e \u00e0 21h30.\u00a0<\/p>\n<p class=\" wall-content\">\u2022<strong> Vendredi 13 juin.<\/strong> C\u2019est dans le cadre industriel du mus\u00e9e Expotec 103 que le festival propose un autre rendez-vous . \u00ab\u2009Nous y avions tent\u00e9 notre chance l\u2019ann\u00e9e derni\u00e8re, mais nous avons \u00e9t\u00e9 victimes des intemp\u00e9ries. Tant qu\u2019on n\u2019a pas r\u00e9ussi \u00e0 offrir un rendez-vous qui se passe bien on y retourne\u2009\u00bb, rappelle Jean-Christophe Aplincourt. Pr\u00e9parez-vous au voyage puisque deux groupes vous feront franchir des milliers de kilom\u00e8tres. En premier lieu C.O.F.F.I.N., des Australiens qui jouent le rock dans la plus pure des traditions de leur \u00eele. En second lieu, le groupe n\u00e9erlandais Yin-Yin proposera une musique psych\u00e9d\u00e9lique asiatique des ann\u00e9es 1970.\u00a0<\/p>\n<p class=\" wall-content\">\u2022 <strong>14\u00a0juin, clap de fin<\/strong> pour le festival au Parc des Bruy\u00e8res. \u00ab\u2009C\u2019est un des endroits les plus multiculturels de l\u2019agglom\u00e9ration rouennaise, c\u2019est un endroit o\u00f9 il se passe d\u00e9j\u00e0 plein de choses. Rush g\u00e9n\u00e8re son propre public, mais l\u2019id\u00e9e est d\u2019y associer tous les gens qui sont dans le parc. Nous voulons f\u00e9d\u00e9rer, cr\u00e9er <strong>une f\u00eate collective<\/strong>\u2009\u00bb.<\/p>\n<p class=\" wall-content\">\u00c0 l\u2019affiche de cette derni\u00e8re soir\u00e9e\u2009: <a href=\"https:\/\/actu.fr\/normandie\/le-havre_76351\/le-havre-lotti-sort-son-premier-album-je-m-affirme-en-tant-que-meuf-independante-et-libre_61095616.html\" rel=\"nofollow noopener\" target=\"_blank\">Lotti, venue du\u00a0Havre<\/a>, DJ Lag, venue d\u2019Afrique du Sud, et Gnawa diffusion, groupe fran\u00e7ais de la g\u00e9n\u00e9ration Zebda qui a toujours \u00e9t\u00e9 \u00e0 la crois\u00e9e des cultures fran\u00e7aises et m\u00e9diterran\u00e9ennes.<\/p>\n<p>Rendez-vous gratuit, sans r\u00e9servation, m\u00eame si certaines jauges peuvent \u00eatre limit\u00e9es. <a href=\"https:\/\/rush.le106.com\/\" rel=\"nofollow noopener\" target=\"_blank\">rush.le106.com<\/a>Suivez l\u2019actualit\u00e9 de Rouen <a href=\"https:\/\/www.whatsapp.com\/channel\/0029VaKfnf99hXF2ddApFB1D\" rel=\"nofollow noopener\" target=\"_blank\">sur notre cha\u00eene WhatsApp<\/a> et <a href=\"https:\/\/www.tiktok.com\/@76actu.fr?lang=fr\" rel=\"nofollow noopener\" target=\"_blank\">sur notre compte TikTok<\/a><\/p>\n<p class=\" wall-content\">Suivez toute l\u2019actualit\u00e9 de vos villes et m\u00e9dias favoris en vous inscrivant \u00e0 <a href=\"https:\/\/moncompte.actu.fr\" title=\"D\u00e9couvez Mon Actu\" rel=\"nofollow noopener\" data-trk=\"{&quot;cta&quot;:{&quot;action&quot;:&quot;https:\\\/\\\/moncompte.actu.fr&quot;,&quot;category&quot;:&quot;mon compte&quot;,&quot;from&quot;:&quot;article footer&quot;,&quot;name&quot;:&quot;Mon actu&quot;,&quot;type&quot;:&quot;cta&quot;}}\" target=\"_blank\">Mon Actu<\/a>.<\/p>\n<p>                    <script async src=\"\/\/www.tiktok.com\/embed.js\"><\/script><\/p>\n","protected":false},"excerpt":{"rendered":"Par Thierry Chion Publi\u00e9 le 4 juin 2025 \u00e0 14h32 La nouvelle \u00e9dition du festival Rush pr\u00e8s de&hellip;\n","protected":false},"author":2,"featured_media":151489,"comment_status":"","ping_status":"","sticky":false,"template":"","format":"standard","meta":{"footnotes":""},"categories":[9587],"tags":[1111,11,1063,9086,1777,674,1011,27,1652,873,12,5161,25,9590],"class_list":{"0":"post-151488","1":"post","2":"type-post","3":"status-publish","4":"format-standard","5":"has-post-thumbnail","7":"category-rouen","8":"tag-actu","9":"tag-actualites","10":"tag-animations","11":"tag-bon-plan-a-rouen","12":"tag-eu","13":"tag-europe","14":"tag-fr","15":"tag-france","16":"tag-loisirs-culture","17":"tag-musique","18":"tag-news","19":"tag-normandie","20":"tag-republique-francaise","21":"tag-rouen"},"share_on_mastodon":{"url":"https:\/\/pubeurope.com\/@fr\/114625275791665548","error":""},"_links":{"self":[{"href":"https:\/\/www.europesays.com\/fr\/wp-json\/wp\/v2\/posts\/151488","targetHints":{"allow":["GET"]}}],"collection":[{"href":"https:\/\/www.europesays.com\/fr\/wp-json\/wp\/v2\/posts"}],"about":[{"href":"https:\/\/www.europesays.com\/fr\/wp-json\/wp\/v2\/types\/post"}],"author":[{"embeddable":true,"href":"https:\/\/www.europesays.com\/fr\/wp-json\/wp\/v2\/users\/2"}],"replies":[{"embeddable":true,"href":"https:\/\/www.europesays.com\/fr\/wp-json\/wp\/v2\/comments?post=151488"}],"version-history":[{"count":0,"href":"https:\/\/www.europesays.com\/fr\/wp-json\/wp\/v2\/posts\/151488\/revisions"}],"wp:featuredmedia":[{"embeddable":true,"href":"https:\/\/www.europesays.com\/fr\/wp-json\/wp\/v2\/media\/151489"}],"wp:attachment":[{"href":"https:\/\/www.europesays.com\/fr\/wp-json\/wp\/v2\/media?parent=151488"}],"wp:term":[{"taxonomy":"category","embeddable":true,"href":"https:\/\/www.europesays.com\/fr\/wp-json\/wp\/v2\/categories?post=151488"},{"taxonomy":"post_tag","embeddable":true,"href":"https:\/\/www.europesays.com\/fr\/wp-json\/wp\/v2\/tags?post=151488"}],"curies":[{"name":"wp","href":"https:\/\/api.w.org\/{rel}","templated":true}]}}