{"id":151490,"date":"2025-06-04T13:14:14","date_gmt":"2025-06-04T13:14:14","guid":{"rendered":"https:\/\/www.europesays.com\/fr\/151490\/"},"modified":"2025-06-04T13:14:14","modified_gmt":"2025-06-04T13:14:14","slug":"en-fuite-apres-avoir-cambriole-un-kebab-il-est-trahi-par-ses-chaussures-luminescentes","status":"publish","type":"post","link":"https:\/\/www.europesays.com\/fr\/151490\/","title":{"rendered":"en fuite apr\u00e8s avoir cambriol\u00e9 un kebab, il est trahi par ses chaussures luminescentes"},"content":{"rendered":"<p>            Par<br \/>\n        <strong><br \/>\n            <a href=\"https:\/\/actu.fr\/auteur\/aurelien-delavaud\" title=\"Consulter tous les articles de Aur\u00e9lien Delavaud\" rel=\"nofollow noopener\" target=\"_blank\">Aur\u00e9lien Delavaud<\/a><br \/>\n        <\/strong><\/p>\n<p>        Publi\u00e9 le<\/p>\n<p>            4 juin 2025 \u00e0 13h35        <\/p>\n<p>Une fois son m\u00e9fait accompli, sa <b>fuite<\/b> n\u2019aurait pas pu se passer plus mal.<\/p>\n<p class=\" wall-content\">Il est pr\u00e8s de 4\u2009h du matin, dans la nuit du lundi\u00a02 au mardi 3\u00a0juin 2025, lorsqu\u2019un \u00e9quipage de <b>police<\/b> rep\u00e8re une camionnette Peugeot suspecte, dans la rue des Martyrs, \u00e0 <a href=\"https:\/\/actu.fr\/normandie\/elbeuf_76231\" rel=\"nofollow noopener\" target=\"_blank\">Elbeuf (Seine-Maritime)<\/a>.<\/p>\n<p>Des allures de cambrioleurs<\/p>\n<p class=\" wall-content\">Arriv\u00e9 \u00e0 un carrefour, son conducteur grille un feu rouge, \u00e0 une vitesse excessive et sans clignotant. Les policiers d\u00e9cident alors de suivre le v\u00e9hicule. Arriv\u00e9s sur les hauteurs du centre-ville, juste \u00e0 c\u00f4t\u00e9 de l\u2019ancienne gare, ils voient deux hommes en descendre.<\/p>\n<p class=\" wall-content\">Ils portent tous les deux des masques chirurgicaux, des gants et des capuches. Tout l\u2019attirail du parfait petit <b>cambrioleur<\/b>.<\/p>\n<p class=\" wall-content\">D\u00e8s qu\u2019ils remarquent les forces de l\u2019ordre, les deux hommes remontent dans leur camionnette et <b>prennent la fuite<\/b>. Mais ils abandonnent vite leur v\u00e9hicule, apr\u00e8s avoir cal\u00e9.<\/p>\n<p>Vid\u00e9os : en ce moment sur Actu<\/p>\n<p class=\" wall-content\">Ils tentent alors leur chance \u00e0 pied et escaladent le mur d\u2019un parking d\u2019une r\u00e9sidence priv\u00e9e.<\/p>\n<p>Trahi par\u2026 ses chaussures\u2009!<\/p>\n<p class=\" wall-content\">C\u2019est ici que les policiers retrouvent l\u2019un des deux individus, qui <b>tente de se cacher sous une voiture<\/b>, mais est <b>trahi par ses chaussures luminescentes<\/b>.<\/p>\n<p class=\" wall-content\">Selon la police, il s\u2019est \u00e9galement bless\u00e9 en escaladant le mur et pr\u00e9sente une plaie \u00e0 la t\u00eate et des douleurs aux poignets.<\/p>\n<p class=\" wall-content\">Dans la voiture, les enqu\u00eateurs retrouvent un tiroir-caisse, qui correspond \u00e0 <b>un vol commis un peu plus t\u00f4t dans un kebab<\/b> du centre-ville.<\/p>\n<p class=\" wall-content\">N\u00e9 en 2007 et originaire du Neubourg, le jeune homme est arr\u00eat\u00e9 et plac\u00e9 en garde \u00e0 vue pour vol par effraction, <b>non-respect de son contr\u00f4le judiciaire<\/b> qui lui interdit de sortir de chez lui la nuit et d\u00e9faut de permis.<\/p>\n<p class=\" wall-content\">L\u2019autre individu, lui, n\u2019a pas \u00e9t\u00e9 retrouv\u00e9.<\/p>\n<p class=\" wall-content\">Suivez toute l\u2019actualit\u00e9 de vos villes et m\u00e9dias favoris en vous inscrivant \u00e0 <a href=\"https:\/\/moncompte.actu.fr\" title=\"D\u00e9couvez Mon Actu\" rel=\"nofollow noopener\" data-trk=\"{&quot;cta&quot;:{&quot;action&quot;:&quot;https:\\\/\\\/moncompte.actu.fr&quot;,&quot;category&quot;:&quot;mon compte&quot;,&quot;from&quot;:&quot;article footer&quot;,&quot;name&quot;:&quot;Mon actu&quot;,&quot;type&quot;:&quot;cta&quot;}}\" target=\"_blank\">Mon Actu<\/a>.<\/p>\n","protected":false},"excerpt":{"rendered":"Par Aur\u00e9lien Delavaud Publi\u00e9 le 4 juin 2025 \u00e0 13h35 Une fois son m\u00e9fait accompli, sa fuite n\u2019aurait&hellip;\n","protected":false},"author":2,"featured_media":151491,"comment_status":"","ping_status":"","sticky":false,"template":"","format":"standard","meta":{"footnotes":""},"categories":[9587],"tags":[1111,11,1174,1777,674,118,1011,27,12,5161,1072,25,9590],"class_list":{"0":"post-151490","1":"post","2":"type-post","3":"status-publish","4":"format-standard","5":"has-post-thumbnail","7":"category-rouen","8":"tag-actu","9":"tag-actualites","10":"tag-cambriolage","11":"tag-eu","12":"tag-europe","13":"tag-faits-divers","14":"tag-fr","15":"tag-france","16":"tag-news","17":"tag-normandie","18":"tag-police","19":"tag-republique-francaise","20":"tag-rouen"},"share_on_mastodon":{"url":"https:\/\/pubeurope.com\/@fr\/114625279590761780","error":""},"_links":{"self":[{"href":"https:\/\/www.europesays.com\/fr\/wp-json\/wp\/v2\/posts\/151490","targetHints":{"allow":["GET"]}}],"collection":[{"href":"https:\/\/www.europesays.com\/fr\/wp-json\/wp\/v2\/posts"}],"about":[{"href":"https:\/\/www.europesays.com\/fr\/wp-json\/wp\/v2\/types\/post"}],"author":[{"embeddable":true,"href":"https:\/\/www.europesays.com\/fr\/wp-json\/wp\/v2\/users\/2"}],"replies":[{"embeddable":true,"href":"https:\/\/www.europesays.com\/fr\/wp-json\/wp\/v2\/comments?post=151490"}],"version-history":[{"count":0,"href":"https:\/\/www.europesays.com\/fr\/wp-json\/wp\/v2\/posts\/151490\/revisions"}],"wp:featuredmedia":[{"embeddable":true,"href":"https:\/\/www.europesays.com\/fr\/wp-json\/wp\/v2\/media\/151491"}],"wp:attachment":[{"href":"https:\/\/www.europesays.com\/fr\/wp-json\/wp\/v2\/media?parent=151490"}],"wp:term":[{"taxonomy":"category","embeddable":true,"href":"https:\/\/www.europesays.com\/fr\/wp-json\/wp\/v2\/categories?post=151490"},{"taxonomy":"post_tag","embeddable":true,"href":"https:\/\/www.europesays.com\/fr\/wp-json\/wp\/v2\/tags?post=151490"}],"curies":[{"name":"wp","href":"https:\/\/api.w.org\/{rel}","templated":true}]}}