{"id":151500,"date":"2025-06-04T13:21:10","date_gmt":"2025-06-04T13:21:10","guid":{"rendered":"https:\/\/www.europesays.com\/fr\/151500\/"},"modified":"2025-06-04T13:21:10","modified_gmt":"2025-06-04T13:21:10","slug":"strasbourg-antoine-de-caunes-en-dedicace-a-la-librairie-kleber-ce-jeudi-5-juin","status":"publish","type":"post","link":"https:\/\/www.europesays.com\/fr\/151500\/","title":{"rendered":"Strasbourg. Antoine de Caunes en d\u00e9dicace \u00e0 la librairie Kl\u00e9ber ce jeudi 5\u00a0juin"},"content":{"rendered":"<p>Antoine de Caunes et le dessinateur Xavier Coste viendront pr\u00e9senter ce jeudi 5\u00a0juin \u00e0 17\u00a0h \u00e0 la librairie Kl\u00e9ber \u00e0 Strasbourg le touchant propos et les tr\u00e8s vives couleurs de la bande dessin\u00e9e \u00cele d\u00e9serte. Elle retrace l\u2019aventure de Georges de Caunes qui, apr\u00e8s la lecture de Robinson Cruso\u00e9 (Daniel Defoe), part vivre avec son chien en 1962 sur une \u00eele d\u00e9serte des Marquises, laissant son fils (Antoine), \u00e2g\u00e9 alors de 8 ans. Un r\u00e9cit intime m\u00ealant chroniques et souvenirs qui fait le focus sur cet appel journalistique de l\u2019ailleurs tout en interrogeant la relation p\u00e8re-fils.<\/p>\n<p class=\"note\">Jeudi 5\u00a0juin \u00e0 17\u00a0h \u00e0 la librairie Kl\u00e9ber \u00e0 Strasbourg. Une rencontre suivie d\u2019une s\u00e9ance de d\u00e9dicaces d\u2019 \u00cele d\u00e9serte,  \u00e9ditions Dargaud, 208 pages, 30\u00a0\u20ac. Entr\u00e9e libre. R\u00e9servation conseill\u00e9e sur <a href=\"https:\/\/www.librairie-kleber.com\/\" target=\"_blank\" rel=\"nofollow noopener\">www.librairie-kleber.com<\/a><\/p>\n","protected":false},"excerpt":{"rendered":"Antoine de Caunes et le dessinateur Xavier Coste viendront pr\u00e9senter ce jeudi 5\u00a0juin \u00e0 17\u00a0h \u00e0 la librairie&hellip;\n","protected":false},"author":2,"featured_media":151501,"comment_status":"","ping_status":"","sticky":false,"template":"","format":"standard","meta":{"footnotes":""},"categories":[2820],"tags":[1111,11,2389,1687,2880,1777,674,107,1011,27,775,2410,12,25,640,2879],"class_list":{"0":"post-151500","1":"post","2":"type-post","3":"status-publish","4":"format-standard","5":"has-post-thumbnail","7":"category-strasbourg","8":"tag-actu","9":"tag-actualites","10":"tag-alsace","11":"tag-culture-loisirs","12":"tag-edition-strasbourg","13":"tag-eu","14":"tag-europe","15":"tag-fil-info","16":"tag-fr","17":"tag-france","18":"tag-grand-est","19":"tag-livres-bd","20":"tag-news","21":"tag-republique-francaise","22":"tag-strasbourg","23":"tag-strasbourg-ville"},"share_on_mastodon":{"url":"https:\/\/pubeurope.com\/@fr\/114625307144976183","error":""},"_links":{"self":[{"href":"https:\/\/www.europesays.com\/fr\/wp-json\/wp\/v2\/posts\/151500","targetHints":{"allow":["GET"]}}],"collection":[{"href":"https:\/\/www.europesays.com\/fr\/wp-json\/wp\/v2\/posts"}],"about":[{"href":"https:\/\/www.europesays.com\/fr\/wp-json\/wp\/v2\/types\/post"}],"author":[{"embeddable":true,"href":"https:\/\/www.europesays.com\/fr\/wp-json\/wp\/v2\/users\/2"}],"replies":[{"embeddable":true,"href":"https:\/\/www.europesays.com\/fr\/wp-json\/wp\/v2\/comments?post=151500"}],"version-history":[{"count":0,"href":"https:\/\/www.europesays.com\/fr\/wp-json\/wp\/v2\/posts\/151500\/revisions"}],"wp:featuredmedia":[{"embeddable":true,"href":"https:\/\/www.europesays.com\/fr\/wp-json\/wp\/v2\/media\/151501"}],"wp:attachment":[{"href":"https:\/\/www.europesays.com\/fr\/wp-json\/wp\/v2\/media?parent=151500"}],"wp:term":[{"taxonomy":"category","embeddable":true,"href":"https:\/\/www.europesays.com\/fr\/wp-json\/wp\/v2\/categories?post=151500"},{"taxonomy":"post_tag","embeddable":true,"href":"https:\/\/www.europesays.com\/fr\/wp-json\/wp\/v2\/tags?post=151500"}],"curies":[{"name":"wp","href":"https:\/\/api.w.org\/{rel}","templated":true}]}}