{"id":151502,"date":"2025-06-04T13:22:09","date_gmt":"2025-06-04T13:22:09","guid":{"rendered":"https:\/\/www.europesays.com\/fr\/151502\/"},"modified":"2025-06-04T13:22:09","modified_gmt":"2025-06-04T13:22:09","slug":"la-securisation-des-lieux-de-culte-est-une-priorite-le-prefet-reagit-a-lintrusion-signalee-dans-une-mosquee-a-nice","status":"publish","type":"post","link":"https:\/\/www.europesays.com\/fr\/151502\/","title":{"rendered":"\u00ab\u00a0La s\u00e9curisation des lieux de culte est une priorit\u00e9\u00a0\u00bb: le pr\u00e9fet r\u00e9agit \u00e0 l\u2019intrusion signal\u00e9e dans une mosqu\u00e9e \u00e0 Nice"},"content":{"rendered":"<p>Le sommet de l\u2019Oc\u00e9an ne sera pas l\u2019unique centre d\u2019attention des forces de l\u2019ordre, au cours des prochains jours. Les autorit\u00e9s entendent garder un oeil attentif aux lieux de culte. \u00ab\u00a0L\u2019UNOC est \u00e9videmment une priorit\u00e9, mais les lieux de culte le sont aussi pour le ministre de l\u2019Int\u00e9rieur\u00a0\u00bb, soulignent les services du nouveau pr\u00e9fet des Alpes-Maritimes, Laurent Hottiaux.<\/p>\n<p>Lundi soir dans la mosqu\u00e9e de la Madeleine \u00e0 Nice, n\u2019a pas \u00e9chapp\u00e9 \u00e0 la pr\u00e9fecture. Pas plus que l\u2019appel de l\u2019UMAM \u00e0 renforcer la s\u00e9curit\u00e9, relay\u00e9 par le premier adjoint au maire de Nice. \u00ab\u00a0Un dispositif de s\u00e9curisation des lieux de culte est d\u00e9j\u00e0 mis en place pour l\u2019ensemble des d\u00e9partements, indiquent les services du pr\u00e9fet. Ils sont une priorit\u00e9 de la s\u00e9curisation du quotidien. Tous les faits signal\u00e9s actuellement sont pris en compte de mani\u00e8re tr\u00e8s s\u00e9rieuse par les services de police et de gendarmerie.\u00a0\u00bb<\/p>\n<p>La pr\u00e9fecture rappelle l\u2019existence \u00ab\u00a0d\u2019\u00e9changes r\u00e9guliers entre les repr\u00e9sentants de l\u2019Etat et les repr\u00e9sentants des cultes\u00a0\u00bb. Sans \u00eatre clairement \u00e9voqu\u00e9es, les patrouilles ont d\u00e9j\u00e0 \u00e9t\u00e9 renforc\u00e9es \u00e0 la demande de Bruno Retailleau depuis l\u2019assassinat d\u2019Aboubakar Ciss\u00e9, le 25 avril, dans une mosqu\u00e9e du Gard. Synagogues et \u00e9glises font aussi l\u2019objet d\u2019une surveillance renforc\u00e9e, depuis les attaques terroristes du 7 octobre 2023 en Isra\u00ebl et de la basilique Notre-dame \u00e0 Nice le 29 octobre 2020.<\/p>\n","protected":false},"excerpt":{"rendered":"Le sommet de l\u2019Oc\u00e9an ne sera pas l\u2019unique centre d\u2019attention des forces de l\u2019ordre, au cours des prochains&hellip;\n","protected":false},"author":2,"featured_media":151503,"comment_status":"","ping_status":"","sticky":false,"template":"","format":"standard","meta":{"footnotes":""},"categories":[2819],"tags":[1111,11,1777,674,118,1011,27,12,2401,882,4020,25,656],"class_list":{"0":"post-151502","1":"post","2":"type-post","3":"status-publish","4":"format-standard","5":"has-post-thumbnail","7":"category-nice","8":"tag-actu","9":"tag-actualites","10":"tag-eu","11":"tag-europe","12":"tag-faits-divers","13":"tag-fr","14":"tag-france","15":"tag-news","16":"tag-nice","17":"tag-provence-alpes-cote-dazur","18":"tag-religion","19":"tag-republique-francaise","20":"tag-securite"},"share_on_mastodon":{"url":"https:\/\/pubeurope.com\/@fr\/114625311120427348","error":""},"_links":{"self":[{"href":"https:\/\/www.europesays.com\/fr\/wp-json\/wp\/v2\/posts\/151502","targetHints":{"allow":["GET"]}}],"collection":[{"href":"https:\/\/www.europesays.com\/fr\/wp-json\/wp\/v2\/posts"}],"about":[{"href":"https:\/\/www.europesays.com\/fr\/wp-json\/wp\/v2\/types\/post"}],"author":[{"embeddable":true,"href":"https:\/\/www.europesays.com\/fr\/wp-json\/wp\/v2\/users\/2"}],"replies":[{"embeddable":true,"href":"https:\/\/www.europesays.com\/fr\/wp-json\/wp\/v2\/comments?post=151502"}],"version-history":[{"count":0,"href":"https:\/\/www.europesays.com\/fr\/wp-json\/wp\/v2\/posts\/151502\/revisions"}],"wp:featuredmedia":[{"embeddable":true,"href":"https:\/\/www.europesays.com\/fr\/wp-json\/wp\/v2\/media\/151503"}],"wp:attachment":[{"href":"https:\/\/www.europesays.com\/fr\/wp-json\/wp\/v2\/media?parent=151502"}],"wp:term":[{"taxonomy":"category","embeddable":true,"href":"https:\/\/www.europesays.com\/fr\/wp-json\/wp\/v2\/categories?post=151502"},{"taxonomy":"post_tag","embeddable":true,"href":"https:\/\/www.europesays.com\/fr\/wp-json\/wp\/v2\/tags?post=151502"}],"curies":[{"name":"wp","href":"https:\/\/api.w.org\/{rel}","templated":true}]}}