{"id":151504,"date":"2025-06-04T13:23:08","date_gmt":"2025-06-04T13:23:08","guid":{"rendered":"https:\/\/www.europesays.com\/fr\/151504\/"},"modified":"2025-06-04T13:23:08","modified_gmt":"2025-06-04T13:23:08","slug":"nice-la-police-fait-une-razzia-dans-cette-rue-quatre-commerces-fermes-durgence","status":"publish","type":"post","link":"https:\/\/www.europesays.com\/fr\/151504\/","title":{"rendered":"Nice. La police fait une razzia dans cette rue : quatre commerces ferm\u00e9s d&rsquo;urgence"},"content":{"rendered":"<p>            Par<br \/>\n        <strong><br \/>\n            <a href=\"https:\/\/actu.fr\/auteur\/ugo-maillard\" title=\"Consulter tous les articles de Ugo Maillard\" rel=\"nofollow noopener\" target=\"_blank\">Ugo Maillard<\/a><br \/>\n        <\/strong><\/p>\n<p>        Publi\u00e9 le<\/p>\n<p>            4 juin 2025 \u00e0 15h00        <\/p>\n<p>Des effectifs de police municipale de <a href=\"https:\/\/actu.fr\/nice\/\" rel=\"nofollow noopener\" target=\"_blank\">Nice<\/a> se sont d\u00e9ploy\u00e9s massivement le mardi 3\u00a0juin 2025 pour proc\u00e9der \u00e0 des<strong> contr\u00f4les dans des commerces<\/strong> d\u2019un secteur \u00e0 proximit\u00e9 de la gare SNCF de Nice (<a href=\"https:\/\/actu.fr\/provence-alpes-cote-d-azur\/alpes-maritimes_06\" rel=\"nofollow noopener\" target=\"_blank\">Alpes-Maritimes<\/a>).<\/p>\n<p>    <a href=\"https:\/\/www.google.com\/maps\/embed?pb=!1m18!1m12!1m3!1d6111.5029383810115!2d7.269232600457981!3d43.70544987988585!2m3!1f0!2f0!3f0!3m2!1i1024!2i768!4f13.1!3m3!1m2!1s0x12cddaa9bc891a17%3A0x5a798ab8a53fdd20!2sBd%20Raimbaldi%2C%2006000%20Nice!5e0!3m2!1sfr!2sfr!4v1749039340995!5m2!1sfr!2sfr\" title=\"Ouvrie le lien\" rel=\"nofollow noopener\" target=\"_blank\">Cliquez ici pour visualiser le contenu<\/a><\/p>\n<p class=\" wall-content\">Au regard des infractions constat\u00e9es par les forces de l\u2019ordre, quatre <strong>fermetures administratives<\/strong> imm\u00e9diates ont \u00e9t\u00e9 prononc\u00e9es.<\/p>\n<p>Un restaurant et trois commerces<\/p>\n<p class=\" wall-content\">L\u2019op\u00e9ration suivie par nos confr\u00e8res de <a href=\"https:\/\/nicepresse.com\/un-danger-immediat-pour-les-clients-ces-commerces-de-nice-fermes-en-urgence-par-la-police-municipale-apres-de-graves-irregularites\/\" rel=\"nofollow noopener\" target=\"_blank\">Nice Press<\/a> a permis \u00e0 la Cellule d\u2019Intervention Sp\u00e9cialis\u00e9e de la police municipale de <strong>prot\u00e9ger les consommateurs<\/strong> face aux infractions commises par les propri\u00e9taires des \u00e9tablissements.<\/p>\n<p class=\" wall-content\">Les <strong>commerces ferm\u00e9s<\/strong>\u2009:<\/p>\n<p>Vid\u00e9os : en ce moment sur Actu<\/p>\n<ul class=\" wall-content\">\n<li>Un restaurant, rue de L\u00e9pante<\/li>\n<li>Un coiffeur, boulevard Raimbaldi<\/li>\n<li>Un commerce d\u2019alimentation, boulevard Raimbaldi<\/li>\n<li>Un commerce d\u2019alimentation, boulevard Raimbaldi<\/li>\n<\/ul>\n<p class=\" wall-content\">\n<p class=\" wall-content\">Pour toutes ces enseignes, la r\u00e9ouverture sera conditionn\u00e9e \u00e0 la r\u00e9gularisation des points soulev\u00e9s par les policiers.<\/p>\n<p class=\" wall-content\">Pr\u00e9sent lors des contr\u00f4les, Anthony Borr\u00e9, 1er adjoint \u00e0 la mairie de Nice, \u00e9voque sur X une prochaine \u00e9tape\u2009: \u00ab\u2009le lancement de l\u2019appel \u00e0 manifestation d\u2019int\u00e9r\u00eat\u2009\u00bb. Comprenez la <strong>fermeture d\u00e9finitive<\/strong> et un changement d\u2019enseigne.<\/p>\n<p class=\" wall-content\">Suivez toute l\u2019actualit\u00e9 de vos villes et m\u00e9dias favoris en vous inscrivant \u00e0 <a href=\"https:\/\/moncompte.actu.fr\" title=\"D\u00e9couvez Mon Actu\" rel=\"nofollow noopener\" data-trk=\"{&quot;cta&quot;:{&quot;action&quot;:&quot;https:\\\/\\\/moncompte.actu.fr&quot;,&quot;category&quot;:&quot;mon compte&quot;,&quot;from&quot;:&quot;article footer&quot;,&quot;name&quot;:&quot;Mon actu&quot;,&quot;type&quot;:&quot;cta&quot;}}\" target=\"_blank\">Mon Actu<\/a>.<\/p>\n","protected":false},"excerpt":{"rendered":"Par Ugo Maillard Publi\u00e9 le 4 juin 2025 \u00e0 15h00 Des effectifs de police municipale de Nice se&hellip;\n","protected":false},"author":2,"featured_media":111967,"comment_status":"","ping_status":"","sticky":false,"template":"","format":"standard","meta":{"footnotes":""},"categories":[2819],"tags":[1111,11,215,33,1777,674,1011,27,12,2401,1072,882,25,71],"class_list":{"0":"post-151504","1":"post","2":"type-post","3":"status-publish","4":"format-standard","5":"has-post-thumbnail","7":"category-nice","8":"tag-actu","9":"tag-actualites","10":"tag-commerce","11":"tag-economie","12":"tag-eu","13":"tag-europe","14":"tag-fr","15":"tag-france","16":"tag-news","17":"tag-nice","18":"tag-police","19":"tag-provence-alpes-cote-dazur","20":"tag-republique-francaise","21":"tag-sante"},"share_on_mastodon":{"url":"https:\/\/pubeurope.com\/@fr\/114625315066693792","error":""},"_links":{"self":[{"href":"https:\/\/www.europesays.com\/fr\/wp-json\/wp\/v2\/posts\/151504","targetHints":{"allow":["GET"]}}],"collection":[{"href":"https:\/\/www.europesays.com\/fr\/wp-json\/wp\/v2\/posts"}],"about":[{"href":"https:\/\/www.europesays.com\/fr\/wp-json\/wp\/v2\/types\/post"}],"author":[{"embeddable":true,"href":"https:\/\/www.europesays.com\/fr\/wp-json\/wp\/v2\/users\/2"}],"replies":[{"embeddable":true,"href":"https:\/\/www.europesays.com\/fr\/wp-json\/wp\/v2\/comments?post=151504"}],"version-history":[{"count":0,"href":"https:\/\/www.europesays.com\/fr\/wp-json\/wp\/v2\/posts\/151504\/revisions"}],"wp:featuredmedia":[{"embeddable":true,"href":"https:\/\/www.europesays.com\/fr\/wp-json\/wp\/v2\/media\/111967"}],"wp:attachment":[{"href":"https:\/\/www.europesays.com\/fr\/wp-json\/wp\/v2\/media?parent=151504"}],"wp:term":[{"taxonomy":"category","embeddable":true,"href":"https:\/\/www.europesays.com\/fr\/wp-json\/wp\/v2\/categories?post=151504"},{"taxonomy":"post_tag","embeddable":true,"href":"https:\/\/www.europesays.com\/fr\/wp-json\/wp\/v2\/tags?post=151504"}],"curies":[{"name":"wp","href":"https:\/\/api.w.org\/{rel}","templated":true}]}}