{"id":151506,"date":"2025-06-04T13:25:21","date_gmt":"2025-06-04T13:25:21","guid":{"rendered":"https:\/\/www.europesays.com\/fr\/151506\/"},"modified":"2025-06-04T13:25:21","modified_gmt":"2025-06-04T13:25:21","slug":"mercato-lom-fonce-sur-une-star-du-fc-nantes-tres-prisee","status":"publish","type":"post","link":"https:\/\/www.europesays.com\/fr\/151506\/","title":{"rendered":"Mercato : L\u2019OM fonce sur une star du FC Nantes tr\u00e8s pris\u00e9e"},"content":{"rendered":"<p data-testid=\"article-teaser\">Un jeune attaquant en feu, des clubs \u00e0 l\u2019aff\u00fbt, un Euro en ligne de mire&#8230; et l\u2019OM pr\u00eat \u00e0 d\u00e9gainer. Nantes retient son souffle.<\/p>\n<p>Le mercato s\u2019emballe et Matthis Abline, 22 ans, cristallise les convoitises. Auteur d\u2019une saison prometteuse sous les couleurs du FC Nantes, l\u2019attaquant form\u00e9 au Stade Rennais attire les regards. Plusieurs formations de Ligue 1 s\u2019activent d\u00e9j\u00e0 en coulisses pour tenter de s\u2019offrir ses services cet \u00e9t\u00e9. Et d\u00e9sormais, un cador du championnat vient grossir les rangs des pr\u00e9tendants.<\/p>\n<p>L&rsquo;article continue ci-dessous<\/p>\n","protected":false},"excerpt":{"rendered":"Un jeune attaquant en feu, des clubs \u00e0 l\u2019aff\u00fbt, un Euro en ligne de mire&#8230; et l\u2019OM pr\u00eat&hellip;\n","protected":false},"author":2,"featured_media":151507,"comment_status":"","ping_status":"","sticky":false,"template":"","format":"standard","meta":{"footnotes":""},"categories":[2818],"tags":[1111,11,1777,674,1011,27,4253,66,1307,28082,884,1434,766,12,445,2636,7329,25,640],"class_list":{"0":"post-151506","1":"post","2":"type-post","3":"status-publish","4":"format-standard","5":"has-post-thumbnail","7":"category-nantes","8":"tag-actu","9":"tag-actualites","10":"tag-eu","11":"tag-europe","12":"tag-fr","13":"tag-france","14":"tag-lens","15":"tag-ligue-1","16":"tag-lille","17":"tag-m-abline","18":"tag-marseille","19":"tag-mercato","20":"tag-nantes","21":"tag-news","22":"tag-paris-fc","23":"tag-pays-de-la-loire","24":"tag-r-de-zerbi","25":"tag-republique-francaise","26":"tag-strasbourg"},"share_on_mastodon":{"url":"https:\/\/pubeurope.com\/@fr\/114625322905162814","error":""},"_links":{"self":[{"href":"https:\/\/www.europesays.com\/fr\/wp-json\/wp\/v2\/posts\/151506","targetHints":{"allow":["GET"]}}],"collection":[{"href":"https:\/\/www.europesays.com\/fr\/wp-json\/wp\/v2\/posts"}],"about":[{"href":"https:\/\/www.europesays.com\/fr\/wp-json\/wp\/v2\/types\/post"}],"author":[{"embeddable":true,"href":"https:\/\/www.europesays.com\/fr\/wp-json\/wp\/v2\/users\/2"}],"replies":[{"embeddable":true,"href":"https:\/\/www.europesays.com\/fr\/wp-json\/wp\/v2\/comments?post=151506"}],"version-history":[{"count":0,"href":"https:\/\/www.europesays.com\/fr\/wp-json\/wp\/v2\/posts\/151506\/revisions"}],"wp:featuredmedia":[{"embeddable":true,"href":"https:\/\/www.europesays.com\/fr\/wp-json\/wp\/v2\/media\/151507"}],"wp:attachment":[{"href":"https:\/\/www.europesays.com\/fr\/wp-json\/wp\/v2\/media?parent=151506"}],"wp:term":[{"taxonomy":"category","embeddable":true,"href":"https:\/\/www.europesays.com\/fr\/wp-json\/wp\/v2\/categories?post=151506"},{"taxonomy":"post_tag","embeddable":true,"href":"https:\/\/www.europesays.com\/fr\/wp-json\/wp\/v2\/tags?post=151506"}],"curies":[{"name":"wp","href":"https:\/\/api.w.org\/{rel}","templated":true}]}}