{"id":151520,"date":"2025-06-04T13:32:08","date_gmt":"2025-06-04T13:32:08","guid":{"rendered":"https:\/\/www.europesays.com\/fr\/151520\/"},"modified":"2025-06-04T13:32:08","modified_gmt":"2025-06-04T13:32:08","slug":"une-femme-meurt-heurtee-par-un-train-pres-de-marseille-le-conducteur-choque","status":"publish","type":"post","link":"https:\/\/www.europesays.com\/fr\/151520\/","title":{"rendered":"Une femme meurt heurt\u00e9e par un train pr\u00e8s de Marseille, le conducteur \u00ab\u00a0choqu\u00e9\u00a0\u00bb"},"content":{"rendered":"<p>            Par<br \/>\n        <strong><br \/>\n            <a href=\"https:\/\/actu.fr\/auteur\/thibault-nadal-actu-fr\" title=\"Consulter tous les articles de Thibault Nadal\" rel=\"nofollow noopener\" target=\"_blank\">Thibault Nadal<\/a><br \/>\n        <\/strong><\/p>\n<p>        Publi\u00e9 le<\/p>\n<p>            4 juin 2025 \u00e0 15h13        <\/p>\n<p>Dramatique <a href=\"https:\/\/actu.fr\/tag\/accident\" rel=\"nofollow noopener\" target=\"_blank\">accident<\/a> pr\u00e8s de <a href=\"https:\/\/actu.fr\/marseille\/\" rel=\"nofollow noopener\" target=\"_blank\">Marseille<\/a>. Ce mercredi 4\u00a0juin 2025, une femme est morte <strong>percut\u00e9e par un train<\/strong> sur la commune <a href=\"https:\/\/actu.fr\/provence-alpes-cote-d-azur\/istres_13047\" rel=\"nofollow noopener\" target=\"_blank\">d\u2019Istres<\/a> (<a href=\"https:\/\/actu.fr\/provence-alpes-cote-d-azur\/bouches-du-rhone_13\" rel=\"nofollow noopener\" target=\"_blank\">Bouches-du-Rh\u00f4ne<\/a>), a appris actu Marseille aupr\u00e8s des <a href=\"https:\/\/actu.fr\/tag\/pompiers\" rel=\"nofollow noopener\" target=\"_blank\">pompiers<\/a>.<\/p>\n<p>La victime heurt\u00e9e par un train de marchandises<\/p>\n<p class=\" wall-content\">Les secours r\u00e9v\u00e8lent avoir \u00e9t\u00e9 appel\u00e9s pour \u00ab\u2009un accident, <strong>mettant en cause un pi\u00e9ton et un train de marchandises<\/strong> au niveau du chemin de Bel air sur Istres\u2009\u00bb.<\/p>\n<p class=\" wall-content\">Sur place, les pompiers ont constat\u00e9 qu\u2019une femme de 48\u00a0ans \u00e9tait morte. <strong>Le chauffeur est, lui, \u00ab\u2009choqu\u00e9\u2009\u00bb<\/strong>, rapportent encore les secours.<\/p>\n<p class=\" wall-content\">Pour le moment, les circonstances de cet accident sont floues. Des <a href=\"https:\/\/actu.fr\/tag\/police\" rel=\"nofollow noopener\" target=\"_blank\">policiers<\/a> nationaux et municipaux ainsi qu\u2019un agent de la <a href=\"https:\/\/actu.fr\/tag\/sncf\" rel=\"nofollow noopener\" target=\"_blank\">SNCF<\/a> se trouvent sur place. Une dizaine de pompiers ont \u00e9t\u00e9 mobilis\u00e9s.<\/p>\n<p>La circulation des trains interrompue<\/p>\n<p class=\" wall-content\">Cet accident a provoqu\u00e9 une interruption de la circulation des trains <strong>entre Miramas et Martigues<\/strong>.<\/p>\n<p>Vid\u00e9os : en ce moment sur Actu<\/p>\n<p class=\" wall-content\">\n<p class=\" wall-content\">\u00ab\u2009Des retards, des suppressions et des changements d\u2019itin\u00e9raire sont \u00e0 pr\u00e9voir\u2009\u00bb, pr\u00e9cise la SNCF.<\/p>\n<p class=\" wall-content\">La reprise du trafic est pour le moment pr\u00e9vue \u00e0 <strong>15h30<\/strong>.<\/p>\n<p class=\" wall-content\">Suivez toute l\u2019actualit\u00e9 de vos villes et m\u00e9dias favoris en vous inscrivant \u00e0 <a href=\"https:\/\/moncompte.actu.fr\" title=\"D\u00e9couvez Mon Actu\" rel=\"nofollow noopener\" data-trk=\"{&quot;cta&quot;:{&quot;action&quot;:&quot;https:\\\/\\\/moncompte.actu.fr&quot;,&quot;category&quot;:&quot;mon compte&quot;,&quot;from&quot;:&quot;article footer&quot;,&quot;name&quot;:&quot;Mon actu&quot;,&quot;type&quot;:&quot;cta&quot;}}\" target=\"_blank\">Mon Actu<\/a>.<\/p>\n","protected":false},"excerpt":{"rendered":"Par Thibault Nadal Publi\u00e9 le 4 juin 2025 \u00e0 15h13 Dramatique accident pr\u00e8s de Marseille. Ce mercredi 4\u00a0juin&hellip;\n","protected":false},"author":2,"featured_media":151521,"comment_status":"","ping_status":"","sticky":false,"template":"","format":"standard","meta":{"footnotes":""},"categories":[2814],"tags":[1111,11,1777,674,1011,27,884,12,1311,882,25,2215,104],"class_list":{"0":"post-151520","1":"post","2":"type-post","3":"status-publish","4":"format-standard","5":"has-post-thumbnail","7":"category-marseille","8":"tag-actu","9":"tag-actualites","10":"tag-eu","11":"tag-europe","12":"tag-fr","13":"tag-france","14":"tag-marseille","15":"tag-news","16":"tag-pompiers","17":"tag-provence-alpes-cote-dazur","18":"tag-republique-francaise","19":"tag-sncf","20":"tag-societe"},"share_on_mastodon":{"url":"https:\/\/pubeurope.com\/@fr\/114625350534450923","error":""},"_links":{"self":[{"href":"https:\/\/www.europesays.com\/fr\/wp-json\/wp\/v2\/posts\/151520","targetHints":{"allow":["GET"]}}],"collection":[{"href":"https:\/\/www.europesays.com\/fr\/wp-json\/wp\/v2\/posts"}],"about":[{"href":"https:\/\/www.europesays.com\/fr\/wp-json\/wp\/v2\/types\/post"}],"author":[{"embeddable":true,"href":"https:\/\/www.europesays.com\/fr\/wp-json\/wp\/v2\/users\/2"}],"replies":[{"embeddable":true,"href":"https:\/\/www.europesays.com\/fr\/wp-json\/wp\/v2\/comments?post=151520"}],"version-history":[{"count":0,"href":"https:\/\/www.europesays.com\/fr\/wp-json\/wp\/v2\/posts\/151520\/revisions"}],"wp:featuredmedia":[{"embeddable":true,"href":"https:\/\/www.europesays.com\/fr\/wp-json\/wp\/v2\/media\/151521"}],"wp:attachment":[{"href":"https:\/\/www.europesays.com\/fr\/wp-json\/wp\/v2\/media?parent=151520"}],"wp:term":[{"taxonomy":"category","embeddable":true,"href":"https:\/\/www.europesays.com\/fr\/wp-json\/wp\/v2\/categories?post=151520"},{"taxonomy":"post_tag","embeddable":true,"href":"https:\/\/www.europesays.com\/fr\/wp-json\/wp\/v2\/tags?post=151520"}],"curies":[{"name":"wp","href":"https:\/\/api.w.org\/{rel}","templated":true}]}}