{"id":151522,"date":"2025-06-04T13:33:09","date_gmt":"2025-06-04T13:33:09","guid":{"rendered":"https:\/\/www.europesays.com\/fr\/151522\/"},"modified":"2025-06-04T13:33:09","modified_gmt":"2025-06-04T13:33:09","slug":"le-phare-de-banksy-illumine-une-rue-peu-frequentee-de-marseille-et-dechaine-les-passions","status":"publish","type":"post","link":"https:\/\/www.europesays.com\/fr\/151522\/","title":{"rendered":"Le phare de Banksy illumine une rue peu fr\u00e9quent\u00e9e de Marseille et d\u00e9cha\u00eene les passions"},"content":{"rendered":"<p class=\"paragraph text_align_left\">Graff\u00e9e, d\u00e9j\u00e0 vandalis\u00e9e, restaur\u00e9e et d\u00e9sormais prot\u00e9g\u00e9e\u2026 <a href=\"https:\/\/www.leparisien.fr\/bouches-du-rhone-13\/banksy-une-nouvelle-oeuvre-du-mysterieux-artiste-decouverte-a-marseille-30-05-2025-BMQP346JORHZZKXS3VCKNDMLK4.php\" target=\"_blank\" rel=\"noreferrer noopener\">L\u2019\u0153uvre du myst\u00e9rieux street artiste britannique Banksy<\/a>, un phare portant la phrase en anglais \u00ab Je veux \u00eatre ce que tu as vu en moi \u00bb, d\u00e9couverte il y a moins d\u2019une semaine sur un mur dans une rue tr\u00e8s peu fr\u00e9quent\u00e9e de Marseille (<a href=\"https:\/\/www.leparisien.fr\/bouches-du-rhone-13\/\" target=\"_blank\" rel=\"noreferrer noopener\">Bouches-du-Rh\u00f4ne<\/a>) continue de cr\u00e9er l\u2019\u00e9v\u00e9nement.<\/p>\n<p class=\"paragraph text_align_left\">D\u2019autant que, authentifi\u00e9e sur le compte Instagram de Banksy, elle rompt une longue p\u00e9riode d\u2019inactivit\u00e9 d\u2019un des artistes contemporains les plus connus et les plus c\u00f4t\u00e9s.<\/p>\n<p class=\"paragraph text_align_left\">Depuis, Marseillais et touristes viennent en masse se prendre en photo devant ce graff d\u00e9sormais recouvert de couches de vernis anti-tag, la pose d\u2019un Plexiglas \u00e9tant \u00e0 l\u2019\u00e9tude. Deux jours apr\u00e8s sa d\u00e9couverte sous ce court tunnel de la rue F\u00e9lix Fr\u00e9gier, <a href=\"https:\/\/www.leparisien.fr\/culture-loisirs\/le-banksy-a-marseille-brievement-degrade-puis-remis-en-etat-01-06-2025-XNUK6OSVT5BU3IXVYOQTXYCC3I.php\" target=\"_blank\" rel=\"noreferrer noopener\">le phare avait en effet \u00e9t\u00e9 d\u00e9grad\u00e9<\/a>, dot\u00e9 d\u2019une paire de testicules mauves, avant que des sp\u00e9cialistes ne la restaurent dans la foul\u00e9e.<\/p>\n<p class=\"paragraph text_align_left\">\u00ab D\u2019habitude, on ne voit que des photos, c\u2019est assez incroyable d\u2019en d\u00e9couvrir un en vrai, surtout dans un endroit pas tr\u00e8s passant comme \u00e7a, r\u00e9sume Fanny, venue avant d\u2019aller \u00e0 la plage des Catalans toute proche. On se demande comment il a trouv\u00e9 cette rue mais en tout cas il est pass\u00e9 par l\u00e0. \u00bb<\/p>\n<p>\u00ab La libert\u00e9 de cr\u00e9er dans l\u2019espace public est quelque chose que l\u2019on d\u00e9fend \u00bb<\/p>\n<p class=\"paragraph text_align_left\">\u00ab Nous sommes tr\u00e8s honor\u00e9s qu\u2019un artiste d\u2019une telle envergure ait choisi Marseille pour s\u2019exprimer et y laisser sa trace, s\u2019enthousiasme l\u2019adjoint \u00e0 la culture Jean-Marc Coppola qui pr\u00e9cise que la ville est pr\u00eate \u00e0 soutenir financi\u00e8rement la copropri\u00e9t\u00e9 concern\u00e9e pour la protection de l\u2019\u0153uvre. La libert\u00e9 de cr\u00e9er dans l\u2019espace public est quelque chose que l\u2019on d\u00e9fend. \u00bb<\/p>\n<p class=\"paragraph text_align_left\">Le sud de la France sourit \u00e0 Banksy puisqu\u2019u<a href=\"https:\/\/www.montpellier-tourisme.fr\/agenda\/tout-l-agenda\/exposition-banksy-modeste-collection-montpellier-fr-5594976\/\" target=\"_blank\" rel=\"noreferrer noopener\">ne exposition lui est consacr\u00e9e \u00e0 Montpellier (H\u00e9rault)<\/a> jusqu\u2019au 15 juin et que du 14 juin au 5 octobre, <a href=\"https:\/\/www.provencemed.com\/agenda\/exposition-banksy-avant-apres-une-revolution\/\" target=\"_blank\" rel=\"noreferrer noopener\">le mus\u00e9e d\u2019art de Toulon exposera 80 de ses \u0153uvres<\/a> sous le titre \u00ab Une (R) \u00e9volution \u00bb.<\/p>\n","protected":false},"excerpt":{"rendered":"Graff\u00e9e, d\u00e9j\u00e0 vandalis\u00e9e, restaur\u00e9e et d\u00e9sormais prot\u00e9g\u00e9e\u2026 L\u2019\u0153uvre du myst\u00e9rieux street artiste britannique Banksy, un phare portant la&hellip;\n","protected":false},"author":2,"featured_media":151523,"comment_status":"","ping_status":"","sticky":false,"template":"","format":"standard","meta":{"footnotes":""},"categories":[2814],"tags":[1111,11,11004,459,1777,674,1011,27,884,12,882,25,2955],"class_list":{"0":"post-151522","1":"post","2":"type-post","3":"status-publish","4":"format-standard","5":"has-post-thumbnail","7":"category-marseille","8":"tag-actu","9":"tag-actualites","10":"tag-bouches-du-rhone-13","11":"tag-departements-horsidfo","12":"tag-eu","13":"tag-europe","14":"tag-fr","15":"tag-france","16":"tag-marseille","17":"tag-news","18":"tag-provence-alpes-cote-dazur","19":"tag-republique-francaise","20":"tag-videos"},"share_on_mastodon":{"url":"https:\/\/pubeurope.com\/@fr\/114625354368187240","error":""},"_links":{"self":[{"href":"https:\/\/www.europesays.com\/fr\/wp-json\/wp\/v2\/posts\/151522","targetHints":{"allow":["GET"]}}],"collection":[{"href":"https:\/\/www.europesays.com\/fr\/wp-json\/wp\/v2\/posts"}],"about":[{"href":"https:\/\/www.europesays.com\/fr\/wp-json\/wp\/v2\/types\/post"}],"author":[{"embeddable":true,"href":"https:\/\/www.europesays.com\/fr\/wp-json\/wp\/v2\/users\/2"}],"replies":[{"embeddable":true,"href":"https:\/\/www.europesays.com\/fr\/wp-json\/wp\/v2\/comments?post=151522"}],"version-history":[{"count":0,"href":"https:\/\/www.europesays.com\/fr\/wp-json\/wp\/v2\/posts\/151522\/revisions"}],"wp:featuredmedia":[{"embeddable":true,"href":"https:\/\/www.europesays.com\/fr\/wp-json\/wp\/v2\/media\/151523"}],"wp:attachment":[{"href":"https:\/\/www.europesays.com\/fr\/wp-json\/wp\/v2\/media?parent=151522"}],"wp:term":[{"taxonomy":"category","embeddable":true,"href":"https:\/\/www.europesays.com\/fr\/wp-json\/wp\/v2\/categories?post=151522"},{"taxonomy":"post_tag","embeddable":true,"href":"https:\/\/www.europesays.com\/fr\/wp-json\/wp\/v2\/tags?post=151522"}],"curies":[{"name":"wp","href":"https:\/\/api.w.org\/{rel}","templated":true}]}}