{"id":151524,"date":"2025-06-04T13:34:08","date_gmt":"2025-06-04T13:34:08","guid":{"rendered":"https:\/\/www.europesays.com\/fr\/151524\/"},"modified":"2025-06-04T13:34:08","modified_gmt":"2025-06-04T13:34:08","slug":"un-automobiliste-de-26-ans-perd-la-vie-sur-la-d118","status":"publish","type":"post","link":"https:\/\/www.europesays.com\/fr\/151524\/","title":{"rendered":"un automobiliste de 26 ans perd la vie sur la D118"},"content":{"rendered":"<p>Accident mortel pr\u00e8s de Lyon : un automobiliste de 26 ans perd la vie sur la D118 &#8211; LyonMag<\/p>\n<p itemprop=\"description\"><strong>Un dramatique accident de la circulation s\u2019est produit mercredi matin \u00e0 Bully, dans le Rh\u00f4ne, au nord de L\u2019Arbresle.<\/strong><\/p>\n<p>Peu apr\u00e8s 9h20, une voiture et un poids lourd sont entr\u00e9s en collision, route des Places-du-Lac, sur la d\u00e9partementale 118.<\/p>\n<p>Les sapeurs-pompiers, rapidement intervenus, n\u2019ont pas pu r\u00e9animer le conducteur de la voiture, un homme de 26 ans. Ce dernier est d\u00e9c\u00e9d\u00e9 sur les lieux. Le chauffeur du camion a quant \u00e0 lui \u00e9t\u00e9 l\u00e9g\u00e8rement bless\u00e9 et pris en charge en urgence relative.<\/p>\n<p>Une enqu\u00eate a \u00e9t\u00e9 ouverte pour d\u00e9terminer les circonstances pr\u00e9cises du choc.<\/p>\n","protected":false},"excerpt":{"rendered":"Accident mortel pr\u00e8s de Lyon : un automobiliste de 26 ans perd la vie sur la D118 &#8211;&hellip;\n","protected":false},"author":2,"featured_media":151525,"comment_status":"","ping_status":"","sticky":false,"template":"","format":"standard","meta":{"footnotes":""},"categories":[1889],"tags":[1111,11,2813,2190,2430,1109,251,1112,2811,1777,674,118,1011,27,1922,1110,1114,2428,2810,12,241,316,25,2812,517,800],"class_list":{"0":"post-151524","1":"post","2":"type-post","3":"status-publish","4":"format-standard","5":"has-post-thumbnail","7":"category-lyon","8":"tag-actu","9":"tag-actualites","10":"tag-article","11":"tag-asvel","12":"tag-auvergne-rhone-alpes","13":"tag-breves","14":"tag-culture","15":"tag-depeches","16":"tag-economique","17":"tag-eu","18":"tag-europe","19":"tag-faits-divers","20":"tag-fr","21":"tag-france","22":"tag-info","23":"tag-informations","24":"tag-infos","25":"tag-lyon","26":"tag-lyonmag","27":"tag-news","28":"tag-ol","29":"tag-politique","30":"tag-republique-francaise","31":"tag-sociale","32":"tag-sport","33":"tag-transports"},"share_on_mastodon":{"url":"https:\/\/pubeurope.com\/@fr\/114625358321135716","error":""},"_links":{"self":[{"href":"https:\/\/www.europesays.com\/fr\/wp-json\/wp\/v2\/posts\/151524","targetHints":{"allow":["GET"]}}],"collection":[{"href":"https:\/\/www.europesays.com\/fr\/wp-json\/wp\/v2\/posts"}],"about":[{"href":"https:\/\/www.europesays.com\/fr\/wp-json\/wp\/v2\/types\/post"}],"author":[{"embeddable":true,"href":"https:\/\/www.europesays.com\/fr\/wp-json\/wp\/v2\/users\/2"}],"replies":[{"embeddable":true,"href":"https:\/\/www.europesays.com\/fr\/wp-json\/wp\/v2\/comments?post=151524"}],"version-history":[{"count":0,"href":"https:\/\/www.europesays.com\/fr\/wp-json\/wp\/v2\/posts\/151524\/revisions"}],"wp:featuredmedia":[{"embeddable":true,"href":"https:\/\/www.europesays.com\/fr\/wp-json\/wp\/v2\/media\/151525"}],"wp:attachment":[{"href":"https:\/\/www.europesays.com\/fr\/wp-json\/wp\/v2\/media?parent=151524"}],"wp:term":[{"taxonomy":"category","embeddable":true,"href":"https:\/\/www.europesays.com\/fr\/wp-json\/wp\/v2\/categories?post=151524"},{"taxonomy":"post_tag","embeddable":true,"href":"https:\/\/www.europesays.com\/fr\/wp-json\/wp\/v2\/tags?post=151524"}],"curies":[{"name":"wp","href":"https:\/\/api.w.org\/{rel}","templated":true}]}}