{"id":151526,"date":"2025-06-04T13:35:08","date_gmt":"2025-06-04T13:35:08","guid":{"rendered":"https:\/\/www.europesays.com\/fr\/151526\/"},"modified":"2025-06-04T13:35:08","modified_gmt":"2025-06-04T13:35:08","slug":"un-patient-terrorise-tout-un-service-des-hcl","status":"publish","type":"post","link":"https:\/\/www.europesays.com\/fr\/151526\/","title":{"rendered":"un patient terrorise tout un service des HCL"},"content":{"rendered":"<p>            Par<br \/>\n        <strong><br \/>\n            <a href=\"https:\/\/actu.fr\/auteur\/anthony-soudani\" title=\"Consulter tous les articles de Anthony Soudani\" target=\"_blank\" rel=\"noopener\">Anthony Soudani<\/a><br \/>\n        <\/strong><\/p>\n<p>        Publi\u00e9 le<\/p>\n<p>            4 juin 2025 \u00e0 15h18        <\/p>\n<p><strong>INFO ACTU LYON.<\/strong> Le syndicat FA-FPH a d\u00e9pos\u00e9 samedi 31 mai \u00e0 21h00 une alerte \u00ab\u00a0danger grave et imminent\u00a0\u00bb pour les personnels soignants du service de m\u00e9decine interne O2 situ\u00e9 au pavillon O de l\u2019h\u00f4pital \u00c9douard Herriot. <strong>Un patient violent leur fait subir un enfer<\/strong>\u00a0depuis plus d\u2019un an. Mercredi 28 mai, il a m\u00eame cass\u00e9 le bras d\u2019un membre du personnel des <a href=\"https:\/\/actu.fr\/tag\/hospices-civils-de-lyon-hcl\" target=\"_blank\" rel=\"noopener\">Hospices civils de Lyon (HCL)<\/a>. Les soignants de ce service sont \u00e0 bout, selon le syndicat et une lettre qu\u2019actu Lyon a pu consulter.<\/p>\n<p class=\" wall-content\">\u00ab\u00a0Aide-soignants et infirmiers voulaient faire valoir leur droit un retrait concernant ce patient violent, qui a <strong>cass\u00e9 le bras de l\u2019une de leur coll\u00e8gue<\/strong> mercredi. C\u2019est la goutte d\u2019eau qui a fait d\u00e9border le vase\u00a0\u00bb, raconte Cha\u00efbia Khaif-Janssen, du syndicat FA-FPH.<\/p>\n<p>\u00ab\u00a0Il a failli fracasser le cr\u00e2ne d\u2019une coll\u00e8gue\u00a0\u00bb<\/p>\n<p class=\" wall-content\">Dans le courrier que nous avons pu lire, les membres du personnel expliquent \u00ab\u00a0des errances administratives\u00a0\u00bb depuis un an. \u00ab\u00a0Il a failli fracasser le cr\u00e2ne d\u2019une coll\u00e8gue qui lui remontait son pantalon\u00a0\u00bb, ajoute l\u2019\u00e9lue syndicale.\u00a0<\/p>\n<p class=\" wall-content\">Une enqu\u00eate diligent\u00e9e avec la direction a d\u00e9montr\u00e9 que les soignants sont cat\u00e9goriques : ils ne peuvent plus s\u2019occuper du patient. Menaces d\u2019\u00eatre \u00e9gorg\u00e9s, menaces d\u2019\u00eatre viol\u00e9es, insultes r\u00e9p\u00e9t\u00e9es (\u00ab\u00a0Je vais te niquer\u00a0\u00bb, \u00ab\u00a0Ferme ta gueule\u00a0\u00bb, \u00ab\u00a0Je vais tous vous tuer\u00a0\u00bb\u2026), surtout vis-\u00e0-vis des femmes\u2026 \u00ab\u00a0Il a m\u00eame <strong>couru avec une fourchette<\/strong> apr\u00e8s le personnel.\u00a0\u00bb<\/p>\n<p class=\" wall-content\">Cha\u00efbia Khaif-Janssen d\u00e9nonce \u00ab\u00a0qu\u2019aucun accompagnement n\u2019a \u00e9t\u00e9 propos\u00e9 \u00e0 l\u2019\u00e9quipe par la direction\u00a0\u00bb. \u00ab\u00a0Or cette \u00e9quipe crie son d\u00e9sarroi depuis plus d\u2019un an \u00e0 l\u2019aide de fiches de violences r\u00e9p\u00e9t\u00e9es. La lenteur administrative ne justifie pas l\u2019abandon de cette \u00e9quipe et l\u2019absence d\u2019action de pr\u00e9vention de la direction.\u00a0\u00bb<\/p>\n<p>Des mesures pour \u00ab\u00a0r\u00e9duire les contacts\u00a0\u00bb avec ce patient bient\u00f4t transf\u00e9r\u00e9<\/p>\n<p class=\" wall-content\">Le comportement d\u2019un patient actuellement hospitalis\u00e9 au sein du service de m\u00e9decine interne de l\u2019<a href=\"https:\/\/actu.fr\/auvergne-rhone-alpes\/lyon_69123\/lyon-une-coupure-informatique-geante-a-l-hopital-edouard-herriot-ce-que-l-on-sait_62668571.html\" target=\"_blank\" rel=\"noopener\">h\u00f4pital Edouard Herriot<\/a> a \u00e9t\u00e9 \u00ab\u00a0signal\u00e9 comme inadapt\u00e9 \u00e0 la suite de <strong>plusieurs acc\u00e8s de violence aupr\u00e8s du personnel soignant<\/strong>, li\u00e9s \u00e0 des troubles cognitifs\u00a0\u00bb, reconnaissent les Hospices Civils de Lyon.<\/p>\n<p class=\" wall-content\">Contact\u00e9e par notre r\u00e9daction, la direction des HCL explique que ce dernier \u00ab\u00a0fait, \u00e0 cet effet, l\u2019objet d\u2019un suivi particulier et <strong>un transfert de service est pr\u00e9vu<\/strong> cette semaine dans une unit\u00e9 plus adapt\u00e9e \u00e0 son \u00e9tat de sant\u00e9.\u00a0\u00bb<\/p>\n<p class=\" wall-content\">Dans l\u2019intervalle, des mesures conservatoires ont \u00e9t\u00e9 prises pour \u00ab\u00a0r\u00e9duire les contacts entre ce patient et les professionnels et la pr\u00e9sence des agents de s\u00e9curit\u00e9 de l\u2019h\u00f4pital a \u00e9t\u00e9 renforc\u00e9e dans l\u2019unit\u00e9\u00a0\u00bb.<\/p>\n<p class=\" wall-content\">La direction du groupement hospitalier Centre se dit \u00ab\u00a0tr\u00e8s mobilis\u00e9e sur cette situation pour apporter tout le soutien n\u00e9cessaire aux \u00e9quipes soignantes du service, dans l\u2019exercice de leurs fonctions de soins aupr\u00e8s d\u2019un patient difficile\u00a0\u00bb.<\/p>\n<p>Un autre patient se suicide, un climat toujours plus lourd<\/p>\n<p class=\" wall-content\">L\u2019alerte pour danger grave et imminent, qui avait \u00e9t\u00e9 d\u00e9pos\u00e9e par le syndicat FA-FPH, a \u00e9t\u00e9 lev\u00e9e. Mais cela n\u2019emp\u00eache que le climat au sein du service de m\u00e9decine interne O2 de l\u2019h\u00f4pital \u00c9douard Herriot est toujours pesant.<\/p>\n<p class=\" wall-content\">Il est m\u00eame d\u2019autant plus lourd ces derniers jours alors qu\u2019un <strong>jeune patient s\u2019est suicid\u00e9 dans la nuit du dimanche 1er au lundi 2 juin<\/strong>, dans des conditions dramatiques. \u00ab\u00a0Il s\u2019est jet\u00e9 dans le vide\u00a0\u00bb, nous pr\u00e9cise-t-on. Une grande partie de l\u2019\u00e9quipe a \u00e9t\u00e9 choqu\u00e9e par cet \u00e9v\u00e9nement.\u00a0<\/p>\n<p class=\" wall-content\">\u00ab\u00a0Une prise en charge psychologique a \u00e9t\u00e9 propos\u00e9e \u00e0 l\u2019\u00e9quipe de m\u00e9decine interne. La direction de l\u2019h\u00f4pital se tient \u00e0 leur \u00e9coute\u00a0\u00bb, pr\u00e9cisent les HCL.<\/p>\n<p class=\" wall-content\">L\u2019\u00e9v\u00e8nement a \u00e9t\u00e9 d\u00e9clar\u00e9 \u00e0 l\u2019Agence r\u00e9gionale de sant\u00e9 selon les proc\u00e9dures pr\u00e9vues et une enqu\u00eate judiciaire est en cours. Une instance extraordinaire du comit\u00e9 social d\u2019\u00e9tablissement local a eu lieu mardi 3 juin, pour \u00e9changer sur ces deux situations avec les repr\u00e9sentants du personnel.<\/p>\n<p class=\" wall-content\">Suivez toute l\u2019actualit\u00e9 de vos villes et m\u00e9dias favoris en vous inscrivant \u00e0 <a href=\"https:\/\/moncompte.actu.fr\" title=\"D\u00e9couvez Mon Actu\" rel=\"nofollow noopener\" data-trk=\"{&quot;cta&quot;:{&quot;action&quot;:&quot;https:\\\/\\\/moncompte.actu.fr&quot;,&quot;category&quot;:&quot;mon compte&quot;,&quot;from&quot;:&quot;article footer&quot;,&quot;name&quot;:&quot;Mon actu&quot;,&quot;type&quot;:&quot;cta&quot;}}\" target=\"_blank\">Mon Actu<\/a>.<\/p>\n","protected":false},"excerpt":{"rendered":"Par Anthony Soudani Publi\u00e9 le 4 juin 2025 \u00e0 15h18 INFO ACTU LYON. Le syndicat FA-FPH a d\u00e9pos\u00e9&hellip;\n","protected":false},"author":2,"featured_media":151527,"comment_status":"","ping_status":"","sticky":false,"template":"","format":"standard","meta":{"footnotes":""},"categories":[1889],"tags":[1111,11,2430,1777,674,1011,27,100,23742,2428,12,25,104,3427],"class_list":{"0":"post-151526","1":"post","2":"type-post","3":"status-publish","4":"format-standard","5":"has-post-thumbnail","7":"category-lyon","8":"tag-actu","9":"tag-actualites","10":"tag-auvergne-rhone-alpes","11":"tag-eu","12":"tag-europe","13":"tag-fr","14":"tag-france","15":"tag-hopital","16":"tag-hospices-civils-de-lyon-hcl","17":"tag-lyon","18":"tag-news","19":"tag-republique-francaise","20":"tag-societe","21":"tag-syndicats"},"share_on_mastodon":{"url":"https:\/\/pubeurope.com\/@fr\/114625362203089396","error":""},"_links":{"self":[{"href":"https:\/\/www.europesays.com\/fr\/wp-json\/wp\/v2\/posts\/151526","targetHints":{"allow":["GET"]}}],"collection":[{"href":"https:\/\/www.europesays.com\/fr\/wp-json\/wp\/v2\/posts"}],"about":[{"href":"https:\/\/www.europesays.com\/fr\/wp-json\/wp\/v2\/types\/post"}],"author":[{"embeddable":true,"href":"https:\/\/www.europesays.com\/fr\/wp-json\/wp\/v2\/users\/2"}],"replies":[{"embeddable":true,"href":"https:\/\/www.europesays.com\/fr\/wp-json\/wp\/v2\/comments?post=151526"}],"version-history":[{"count":0,"href":"https:\/\/www.europesays.com\/fr\/wp-json\/wp\/v2\/posts\/151526\/revisions"}],"wp:featuredmedia":[{"embeddable":true,"href":"https:\/\/www.europesays.com\/fr\/wp-json\/wp\/v2\/media\/151527"}],"wp:attachment":[{"href":"https:\/\/www.europesays.com\/fr\/wp-json\/wp\/v2\/media?parent=151526"}],"wp:term":[{"taxonomy":"category","embeddable":true,"href":"https:\/\/www.europesays.com\/fr\/wp-json\/wp\/v2\/categories?post=151526"},{"taxonomy":"post_tag","embeddable":true,"href":"https:\/\/www.europesays.com\/fr\/wp-json\/wp\/v2\/tags?post=151526"}],"curies":[{"name":"wp","href":"https:\/\/api.w.org\/{rel}","templated":true}]}}