{"id":151536,"date":"2025-06-04T13:41:08","date_gmt":"2025-06-04T13:41:08","guid":{"rendered":"https:\/\/www.europesays.com\/fr\/151536\/"},"modified":"2025-06-04T13:41:08","modified_gmt":"2025-06-04T13:41:08","slug":"le-rer-e-reste-interrompu-a-paris-pas-de-train-jusqua-la-fin-du-service","status":"publish","type":"post","link":"https:\/\/www.europesays.com\/fr\/151536\/","title":{"rendered":"le RER E reste interrompu \u00e0 Paris, pas de train jusqu&rsquo;\u00e0 la fin du service"},"content":{"rendered":"<p>            Par<br \/>\n        <strong><br \/>\n            <a href=\"https:\/\/actu.fr\/auteur\/redaction-paris\" title=\"Consulter tous les articles de R\u00e9daction Paris\" target=\"_blank\" rel=\"noopener\">R\u00e9daction Paris<\/a><br \/>\n        <\/strong><\/p>\n<p>        Publi\u00e9 le<\/p>\n<p>            4 juin 2025 \u00e0 10h16<br \/>\n        ; mis \u00e0 jour le 4 juin 2025 \u00e0 15h39    <\/p>\n<p>[MAJ 15h30 : le trafic est interrompu entre Magenta et Rosa Parks jusqu\u2019\u00e0 13 heures et perturb\u00e9 sur le reste de la ligne jusqu\u2019\u00e0 la fin du service entre les stations Magenta et Rosa Parks]<\/p>\n<p class=\" wall-content\">D\u00e9but de journ\u00e9e chaotique pour les usagers des transports franciliens. Apr\u00e8s une <a href=\"https:\/\/actu.fr\/ile-de-france\/paris_75056\/sncf-grosse-panne-sur-une-partie-du-rer-c-la-circulation-interrompue-jusqu-en-fin-de-matinee-a-paris_62725813.html\" target=\"_blank\" rel=\"noopener\">panne \u00e9lectrique sur le RER C<\/a>, c\u2019est au tour du <a href=\"https:\/\/actu.fr\/tag\/rer-e\" target=\"_blank\" rel=\"noopener\">RER E<\/a> d\u2019\u00eatre impact\u00e9 par un incident \u00e9lectrique, ce mercredi 4\u00a0juin 2025. Selon le compte X de la ligne, <strong>\u00ab\u2009les premiers \u00e9l\u00e9ments confirment bien une explosion sur une cat\u00e9naire\u2009\u00bb<\/strong> dans le secteur de Magenta (<a href=\"https:\/\/actu.fr\/paris\/\" target=\"_blank\" rel=\"noopener\">Paris<\/a>, 10e). La circulation est interrompue pendant plusieurs heures. Dans la matin\u00e9e, \u00ab\u00a0une entreprise de forage intervenant sur un chantier de BTP dans le 10e arrondissement a <strong>perc\u00e9 une canalisation d\u2019eau au dessus de la gare<\/strong> Magenta du RER E, pr\u00e9cise la <a href=\"https:\/\/actu.fr\/tag\/sncf\" target=\"_blank\" rel=\"noopener\">SNCF<\/a> aupr\u00e8s d\u2019actu Paris. La fuite d\u2019eau a provoqu\u00e9 un incident \u00e9lectrique sur les installations SNCF\u00a0\u00bb.<\/p>\n<p>Les voyageurs de la gare Magenta \u00e9vacu\u00e9s<\/p>\n<p class=\" wall-content\">D\u2019apr\u00e8s le RER E, le trafic est interrompu entre les stations Magenta et Rosa Parks jusqu\u2019\u00e0 la fin du service. En milieu de matin\u00e9e, pour des mesures de s\u00e9curit\u00e9, <strong>la gare de Magenta est ferm\u00e9e<\/strong> et les voyageurs \u00e9vacu\u00e9s de la gare. Tous les trains sont mis \u00e0 quai dans les gares respectives.<\/p>\n<p class=\" wall-content\">\n<p class=\" wall-content\">Selon la SNCF, \u00ab\u2009les premi\u00e8res constatations font \u00e9tat <strong>d\u2019une d\u00e9tonation sur une cat\u00e9naire<\/strong> provoquant une coupure d\u2019alimentation \u00e9lectrique sur l\u2019ensemble de la ligne\u2009\u00bb.<\/p>\n<p class=\" wall-content\">Plus d\u2019informations \u00e0 venir\u2026<\/p>\n<p class=\" wall-content\">Suivez toute l\u2019actualit\u00e9 de vos villes et m\u00e9dias favoris en vous inscrivant \u00e0 <a href=\"https:\/\/moncompte.actu.fr\" title=\"D\u00e9couvez Mon Actu\" rel=\"nofollow noopener\" data-trk=\"{&quot;cta&quot;:{&quot;action&quot;:&quot;https:\\\/\\\/moncompte.actu.fr&quot;,&quot;category&quot;:&quot;mon compte&quot;,&quot;from&quot;:&quot;article footer&quot;,&quot;name&quot;:&quot;Mon actu&quot;,&quot;type&quot;:&quot;cta&quot;}}\" target=\"_blank\">Mon Actu<\/a>.<\/p>\n","protected":false},"excerpt":{"rendered":"Par R\u00e9daction Paris Publi\u00e9 le 4 juin 2025 \u00e0 10h16 ; mis \u00e0 jour le 4 juin 2025&hellip;\n","protected":false},"author":2,"featured_media":151537,"comment_status":"","ping_status":"","sticky":false,"template":"","format":"standard","meta":{"footnotes":""},"categories":[1888],"tags":[11,1777,674,1011,27,12,626,25,8691,2215,104],"class_list":{"0":"post-151536","1":"post","2":"type-post","3":"status-publish","4":"format-standard","5":"has-post-thumbnail","7":"category-paris","8":"tag-actualites","9":"tag-eu","10":"tag-europe","11":"tag-fr","12":"tag-france","13":"tag-news","14":"tag-paris","15":"tag-republique-francaise","16":"tag-rer-e","17":"tag-sncf","18":"tag-societe"},"share_on_mastodon":{"url":"https:\/\/pubeurope.com\/@fr\/114625385920671312","error":""},"_links":{"self":[{"href":"https:\/\/www.europesays.com\/fr\/wp-json\/wp\/v2\/posts\/151536","targetHints":{"allow":["GET"]}}],"collection":[{"href":"https:\/\/www.europesays.com\/fr\/wp-json\/wp\/v2\/posts"}],"about":[{"href":"https:\/\/www.europesays.com\/fr\/wp-json\/wp\/v2\/types\/post"}],"author":[{"embeddable":true,"href":"https:\/\/www.europesays.com\/fr\/wp-json\/wp\/v2\/users\/2"}],"replies":[{"embeddable":true,"href":"https:\/\/www.europesays.com\/fr\/wp-json\/wp\/v2\/comments?post=151536"}],"version-history":[{"count":0,"href":"https:\/\/www.europesays.com\/fr\/wp-json\/wp\/v2\/posts\/151536\/revisions"}],"wp:featuredmedia":[{"embeddable":true,"href":"https:\/\/www.europesays.com\/fr\/wp-json\/wp\/v2\/media\/151537"}],"wp:attachment":[{"href":"https:\/\/www.europesays.com\/fr\/wp-json\/wp\/v2\/media?parent=151536"}],"wp:term":[{"taxonomy":"category","embeddable":true,"href":"https:\/\/www.europesays.com\/fr\/wp-json\/wp\/v2\/categories?post=151536"},{"taxonomy":"post_tag","embeddable":true,"href":"https:\/\/www.europesays.com\/fr\/wp-json\/wp\/v2\/tags?post=151536"}],"curies":[{"name":"wp","href":"https:\/\/api.w.org\/{rel}","templated":true}]}}