{"id":151538,"date":"2025-06-04T13:42:12","date_gmt":"2025-06-04T13:42:12","guid":{"rendered":"https:\/\/www.europesays.com\/fr\/151538\/"},"modified":"2025-06-04T13:42:12","modified_gmt":"2025-06-04T13:42:12","slug":"en-direct-ukraine-pour-zelensky-continuer-les-pourparlers-a-istanbul-na-pas-de-sens","status":"publish","type":"post","link":"https:\/\/www.europesays.com\/fr\/151538\/","title":{"rendered":"EN DIRECT &#8211; Ukraine : pour Zelensky, continuer les pourparlers \u00e0 Istanbul n&rsquo;a \u00ab\u00a0pas de sens\u00a0\u00bb"},"content":{"rendered":"<ul class=\"jsx-862013697 ArticleChapo__List\">\n<li class=\"jsx-862013697 ArticleChapo__List_Item flex\">Le pr\u00e9sident ukrainien Volodymyr Zelensky a jug\u00e9 mercredi que continuer les pourparlers Russie-Ukraine \u00e0 Istanbul avec les d\u00e9l\u00e9gations actuelles n&rsquo;aurait \u00ab\u00a0pas de sens\u00a0\u00bb, apr\u00e8s deux cycles de n\u00e9gociations peu fructueux.<\/li>\n<li class=\"jsx-862013697 ArticleChapo__List_Item flex\">Suivez les derni\u00e8res informations.<\/li>\n<\/ul>\n<p><a href=\"https:\/\/www.tf1info.fr\/actualite\/invasion-de-l-ukraine-par-la-russie-une-guerre-qui-dure-12951\/\" rel=\"noopener\" class=\"jsx-484472199 Link jsx-1428418400 jsx-554215408\" target=\"_blank\"><\/p>\n<p style=\"font-weight:400\" class=\"jsx-1837267516\">Suivez la couverture compl\u00e8te<\/p>\n<p style=\"font-weight:800\" class=\"jsx-1837267516\">Ukraine : 4\u1d49 ann\u00e9e de guerre<\/p>\n<p><\/a>Les \u00e9l\u00e9ments marquants15:23&Prime;PAS DE SENS\u00a0\u00bb<\/p>\n<p>Le pr\u00e9sident ukrainien Volodymyr Zelensky a jug\u00e9 mercredi que continuer les pourparlers Russie-Ukraine \u00e0 Istanbul avec les d\u00e9l\u00e9gations actuelles n&rsquo;aurait \u00ab\u00a0pas de sens\u00a0\u00bb, apr\u00e8s deux cycles de n\u00e9gociations peu fructueux.<\/p>\n<p>Volodymyr Zelensky a dit penser que la Russie \u00e9tait \u00ab\u00a0pr\u00eate\u00a0\u00bb \u00e0 continuer \u00e0 \u00e9changer des prisonniers de guerre mais que la d\u00e9l\u00e9gation russe actuelle, men\u00e9e par un conseiller pr\u00e9sidentiel de second rang, n&rsquo;avait pas le \u00ab\u00a0niveau\u00a0\u00bb pour d\u00e9cider un cessez-le-feu, que Kiev r\u00e9clame. \u00ab\u00a0Poursuivre les r\u00e9unions diplomatiques \u00e0 Istanbul \u00e0 un niveau qui ne permet pas de r\u00e9gler quoi que ce soit n&rsquo;a pas de sens\u00a0\u00bb, a-t-il estim\u00e9 lors d&rsquo;une conf\u00e9rence de presse.<\/p>\n<p>Minute par minute15:23&Prime;PAS DE SENS\u00a0\u00bb<\/p>\n<p>Le pr\u00e9sident ukrainien Volodymyr Zelensky a jug\u00e9 mercredi que continuer les pourparlers Russie-Ukraine \u00e0 Istanbul avec les d\u00e9l\u00e9gations actuelles n&rsquo;aurait \u00ab\u00a0pas de sens\u00a0\u00bb, apr\u00e8s deux cycles de n\u00e9gociations peu fructueux.<\/p>\n<p>Volodymyr Zelensky a dit penser que la Russie \u00e9tait \u00ab\u00a0pr\u00eate\u00a0\u00bb \u00e0 continuer \u00e0 \u00e9changer des prisonniers de guerre mais que la d\u00e9l\u00e9gation russe actuelle, men\u00e9e par un conseiller pr\u00e9sidentiel de second rang, n&rsquo;avait pas le \u00ab\u00a0niveau\u00a0\u00bb pour d\u00e9cider un cessez-le-feu, que Kiev r\u00e9clame. \u00ab\u00a0Poursuivre les r\u00e9unions diplomatiques \u00e0 Istanbul \u00e0 un niveau qui ne permet pas de r\u00e9gler quoi que ce soit n&rsquo;a pas de sens\u00a0\u00bb, a-t-il estim\u00e9 lors d&rsquo;une conf\u00e9rence de presse.<\/p>\n<p>15:09VERS UN SOMMET TRUMP-POUTINE-ZELENSKY ?<\/p>\n<p>Le pr\u00e9sident ukrainien Volodymyr Zelensky se dit \u00ab\u00a0pr\u00eat\u00a0\u00bb \u00e0 un sommet avec ses homologues russe Vladimir Poutine, am\u00e9ricain Donald Trump et turc Recep Tayyip Erdogan, pour faire avancer les pourparlers de paix avec Moscou. \u00ab\u00a0Nous sommes pr\u00eats \u00e0 une telle r\u00e9union n&rsquo;importe quand\u00a0\u00bb, d\u00e9clare-t-il, lors d&rsquo;une conf\u00e9rence de presse, affirmant \u00ab\u00a0proposer aux Russes un cessez-le-feu avant que les dirigeants ne se rencontrent\u00a0\u00bb.\u00a0<\/p>\n<p>14:49\u00c9CHANGES DE PRISONNIERS <\/p>\n<p>L&rsquo;Ukraine et la Russie sont pr\u00eates \u00e0 \u00e9changer 500 prisonniers de guerre de chaque camp ce week-end, annonce le pr\u00e9sident Volodymyr Zelensky, quelques jours apr\u00e8s un nouveau cycle de pourparlers avec Moscou \u00e0 Istanbul. \u00ab\u00a0La partie russe a fait savoir que ce week-end, samedi et dimanche, elle serait en mesure de transf\u00e9rer 500 personnes\u00a0\u00bb et l&rsquo;Ukraine sera pr\u00eate \u00e0 faire de m\u00eame, indique-t-il.\u00a0<\/p>\n<p>14:44&Prime;RETARDER\u00a0\u00bb LES SANCTIONS<\/p>\n<p>La Russie m\u00e8ne des pourparlers avec Kiev uniquement pour \u00ab\u00a0retarder\u00a0\u00bb de nouvelles sanctions, accuse Volodymyr Zelensky.\u00a0\u00ab\u00a0Ils l&rsquo;ont fait pour montrer aux \u00c9tats-Unis qu&rsquo;ils peuvent \u00eatre constructifs. Pourquoi ? Pour obtenir un d\u00e9lai, qui d\u00e9pend personnellement du pr\u00e9sident Trump, pour savoir s&rsquo;il va ou non retarder la mise en place de sanctions\u00a0\u00bb, affirme le pr\u00e9sident ukrainien.\u00a0<\/p>\n<p>Les conditions de paix propos\u00e9es par Moscou lors des discussions de lundi \u00e0 Istanbul sont des \u00ab\u00a0ultimatums\u00a0\u00bb inacceptables pour Kiev, mart\u00e8le le dirigeant. \u00ab\u00a0C&rsquo;est un ultimatum que la partie russe nous adresse. Donc, \u00e0 mon avis, je pense qu&rsquo;ils (les Russes) ne l&rsquo;ont pas envoy\u00e9 (avant les discussions) car ils comprenaient que si \u00e7a devenait public, l&rsquo;Ukraine aurait eu pleinement le droit de ne pas venir \u00e0 cette rencontre\u00a0\u00bb \u00e0 Istanbul, ajoute-t-il.\u00a0<\/p>\n<blockquote data-testid=\"EmbedTwitter\" id=\"tweet-1930236370884112840-:R3j24qqb6ij9n79m:\" class=\"jsx-aeff1a1c40f54d7a twitter-tweet flex justify-center items-center\"><p>Ukraine has never wanted war \u2013 but it has every right to defend itself, its independence, and its people. And that is exactly what we are doing \u2013 by all means available to us. This right is guaranteed to Ukraine by international law, by the UN Charter, and by simple human common\u2026  pic.twitter.com\/muclcfyuQR \u2014 Volodymyr Zelenskyy \/ \u0412\u043e\u043b\u043e\u0434\u0438\u043c\u0438\u0440 \u0417\u0435\u043b\u0435\u043d\u0441\u044c\u043a\u0438\u0439 (@ZelenskyyUa)  June 4, 2025<\/p><\/blockquote>\n<p>14:36ENTRETIEN \u00c0 PYONGYANG<\/p>\n<p>Le secr\u00e9taire du Conseil de s\u00e9curit\u00e9 russe Sergue\u00ef Cho\u00efgou a discut\u00e9, lors d&rsquo;une visite mercredi \u00e0 Pyongyang, du conflit en Ukraine avec le dirigeant nord-cor\u00e9en Kim-Jong Un, dont le pays aide Moscou pour son effort militaire. \u00ab\u00a0Les parties ont discut\u00e9 de questions de coop\u00e9ration dans divers domaines et ont \u00e9chang\u00e9 leurs points de vue sur la situation autour de la crise ukrainienne et dans la p\u00e9ninsule cor\u00e9enne\u00a0\u00bb, indique l&rsquo;ambassade russe \u00e0 Pyongyang sur Telegram.<\/p>\n<p>14:22UN ACCORD POUR LES R\u00c9FUGI\u00c9S <\/p>\n<p>La Commission europ\u00e9enne propose de prolonger d&rsquo;un an, jusqu&rsquo;en mars 2027, la protection accord\u00e9e aux r\u00e9fugi\u00e9s ukrainiens dans l&rsquo;UE.\u00a0<\/p>\n<p>Pour rappel, les Ukrainiens fuyant le conflit avec la Russie b\u00e9n\u00e9ficient depuis 2022 d&rsquo;un statut unique leur permettant de s\u00e9journer, de travailler et d&rsquo;acc\u00e9der \u00e0 des aides dans l&rsquo;Union europ\u00e9enne.<\/p>\n<p>14:18FORCE DE L&rsquo;OTAN <\/p>\n<p>\u00ab\u00a0Nous voyons d\u00e9j\u00e0 que le Kremlin vise \u00e0 reconstruire son arm\u00e9e. Les alli\u00e9s (au sein) de l&rsquo;Otan doivent devancer la Russie\u00a0\u00bb, affirme l&rsquo;ambassadeur des \u00c9tats-Unis aupr\u00e8s de l&rsquo;Alliance Matthew Whitaker. \u00ab\u00a0Moscou pr\u00e9pare d\u00e9j\u00e0 son prochain coup\u00a0\u00bb, ajoute-t-il, soulignant que, face \u00e0 ces menaces russes, les pays de l&rsquo;Otan n&rsquo;avaient \u00ab\u00a0pas le choix\u00a0\u00bb. \u00ab\u00a0Soyons clairs, le moment est venu\u00a0\u00bb d&rsquo;accro\u00eetre les d\u00e9penses militaires, \u00ab\u00a0la menace russe existe et elle est l\u00e0 pour longtemps\u00a0\u00bb, conclut-il.\u00a0<\/p>\n<p>13:01UN RISQUE D&rsquo;ESCALADE <\/p>\n<p>L&rsquo;attaque de drones ukrainiens contre les bombardiers strat\u00e9giques russes du weekend dernier accro\u00eet le niveau de risque d&rsquo;erreur de calcul et d&rsquo;escalade, estime l&rsquo;\u00e9missaire am\u00e9ricain pour l&rsquo;Ukraine, le g\u00e9n\u00e9ral Keith Kellogg. \u00ab\u00a0Les niveaux de risque augmentent consid\u00e9rablement. Lorsque vous attaquez une partie du syst\u00e8me de survie national d&rsquo;un adversaire, \u00e0 savoir sa triade nucl\u00e9aire. Cela signifie que votre niveau de risque augmente parce que vous ne savez pas ce que l&rsquo;autre partie va faire\u00a0\u00bb, souligne l&rsquo;officier.\u00a0<\/p>\n<p>12:58LA RUSSIE REVENDIQUE LA PRIE D&rsquo;UN NOUVEAU VILLAGE <\/p>\n<p>L&rsquo;arm\u00e9e russe affirme s&rsquo;\u00eatre empar\u00e9e du village de Kindrativka, dans la r\u00e9gion ukrainienne de Soumy (nord-est), frontali\u00e8re de la Russie et o\u00f9 elle revendique des avanc\u00e9es depuis une dizaine de jours. Selon Moscou, cette commune situ\u00e9e environ trois kilom\u00e8tres au sud de la fronti\u00e8re russe a \u00e9t\u00e9 \u00ab\u00a0lib\u00e9r\u00e9e\u00a0\u00bb.<\/p>\n<p>11:33ENFANTS TU\u00c9S PAR LA RUSSIE<\/p>\n<p>\u00ab\u00a0Ces enfants ont \u00e9t\u00e9 tu\u00e9s par la Russie \u2013 par sa guerre. Des gar\u00e7ons et des filles dont la vie a \u00e9t\u00e9 fauch\u00e9e par les frappes et les bombardements russes, par des hostilit\u00e9s que l&rsquo;Ukraine n&rsquo;a jamais voulues, m\u00eame pas une seconde, mais contre lesquelles nous sommes contraints de nous d\u00e9fendre depuis des ann\u00e9es d\u00e9j\u00e0\u00a0\u00bb, d\u00e9nonce Volodymyr Zelensky, en publiant une vid\u00e9o sur X. \u00ab\u00a0Le 4 juin, nous honorons la m\u00e9moire de tous ces enfants\u00a0\u00bb, ajoute le pr\u00e9sident ukrainien, qui rappelle que de nombreuses victimes &#8211; dont le nombre est encore inconnu &#8211; se trouvent toujours \u00ab\u00a0dans des fosses communes pr\u00e8s de Marioupol et d&rsquo;autres villes et villages d\u00e9truits par la Russie\u00a0\u00bb.\u00a0<\/p>\n<blockquote data-testid=\"EmbedTwitter\" id=\"tweet-1930163699668386057-:R3j54qqb6ij9n79m:\" class=\"jsx-aeff1a1c40f54d7a twitter-tweet flex justify-center items-center\"><p>These children were killed by Russia \u2013 by its war. Boys and girls whose lives were cut short by Russian strikes and shelling, by hostilities that Ukraine never wanted for even a second \u2013 but from which we have been forced to defend ourselves for years already. It is on June 4\u2026  pic.twitter.com\/ZkQBkosw7Q \u2014 Volodymyr Zelenskyy \/ \u0412\u043e\u043b\u043e\u0434\u0438\u043c\u0438\u0440 \u0417\u0435\u043b\u0435\u043d\u0441\u044c\u043a\u0438\u0439 (@ZelenskyyUa)  June 4, 2025<\/p><\/blockquote>\n<p>08:59ENJEU STRAT\u00c9GIQUE ET SYMBOLIQUE<\/p>\n<p>Jusqu&rsquo;o\u00f9 ira l&rsquo;Ukraine pour affaiblir et d\u00e9stabiliser l&rsquo;envahisseur russe ? Les services de s\u00e9curit\u00e9 ukrainiens ont revendiqu\u00e9 ce mardi une nouvelle attaque contre le pont de Crim\u00e9e. Un lieu embl\u00e9matique puisqu&rsquo;il repr\u00e9sente pour le Kremlin l&rsquo;un des symboles de l&rsquo;annexion de la p\u00e9ninsule ukrainienne en 2014.<\/p>\n<p>International<img decoding=\"async\" src=\"https:\/\/www.europesays.com\/fr\/wp-content\/uploads\/2025\/06\/capjta-pont-de-crimee-explosion-6567b8-1@1x.jpeg\" alt=\"&quot;Important sur le plan militaire&quot; : l'attaque contre le pont de Crim\u00e9e, un enjeu symbolique et strat\u00e9gique\" loading=\"lazy\" importance=\"low\" fetchpriority=\"low\" class=\"\" aria-hidden=\"true\"\/>Publi\u00e9 aujourd&rsquo;hui \u00e0 7h3007:50&Prime;DES SANCTIONS PLUS S\u00c9V\u00c8RES\u00a0\u00bb<\/p>\n<p>\u00ab\u00a0Il n&rsquo;y a pratiquement pas eu de journ\u00e9es sans tueries depuis que les \u00c9tats-Unis, l&rsquo;Europe et d&rsquo;autres acteurs internationaux exhortent la Russie \u00e0 accepter un cessez-le-feu et des n\u00e9gociations pour mettre fin \u00e0 la guerre\u00a0\u00bb, d\u00e9nonce Volodymyr Zelensky apr\u00e8s de nouvelles frappes russes meurtri\u00e8res sur Soumy. \u00ab\u00a0La Russie reste pleinement engag\u00e9e dans la guerre, et le prouve par ses frappes et ses d\u00e9clarations. Tout cela plaide en faveur de nouvelles sanctions plus s\u00e9v\u00e8res contre Moscou\u00a0\u00bb, appelle le pr\u00e9sident ukrainien. \u00ab\u00a0La Russie doit comprendre ce que signifie vraiment la guerre\u00a0\u00bb, mart\u00e8le-t-il.\u00a0<\/p>\n<blockquote data-testid=\"EmbedTwitter\" id=\"tweet-1929997646175056204-:R3j64qqb6ij9n79m:\" class=\"jsx-aeff1a1c40f54d7a twitter-tweet flex justify-center items-center\"><p>Right now in Sumy region, doctors are providing all necessary assistance to those wounded by a Russian strike. The Russians struck right on the street, hitting ordinary residential buildings. Sleazebags. There have been virtually no days without killings during this whole time,\u2026  pic.twitter.com\/55ElFJ8ETJ \u2014 Volodymyr Zelenskyy \/ \u0412\u043e\u043b\u043e\u0434\u0438\u043c\u0438\u0440 \u0417\u0435\u043b\u0435\u043d\u0441\u044c\u043a\u0438\u0439 (@ZelenskyyUa)  June 3, 2025<\/p><\/blockquote>\n<p>06:53LE POINT SUR LA DERNI\u00c8RE ATTAQUE EN CRIM\u00c9E<\/p>\n<p>Les services de s\u00e9curit\u00e9 ukrainiens (SBU) ont revendiqu\u00e9 mardi une nouvelle attaque contre le pont de Crim\u00e9e. Un pilier de l&rsquo;\u00e9difice a \u00e9t\u00e9 la cible d&rsquo;explosifs install\u00e9s sous l&rsquo;eau. Le pont a d\u00e9j\u00e0 \u00e9t\u00e9 vis\u00e9 \u00e0 deux reprises par Kiev depuis l&rsquo;invasion de 2022.<\/p>\n<p>International<img decoding=\"async\" src=\"https:\/\/www.europesays.com\/fr\/wp-content\/uploads\/2025\/06\/pont-de-kerch-en-crimee-94e085-0@1x.jpeg\" alt=\"EN BREF - Guerre en Ukraine : ce que l'on sait apr\u00e8s la nouvelle attaque contre le pont de Crim\u00e9e\" loading=\"lazy\" importance=\"low\" fetchpriority=\"low\" class=\"\" aria-hidden=\"true\"\/>06:36DES \u00ab\u00a0ULTIMATUMS\u00a0\u00bb IRR\u00c9ALISTES<\/p>\n<p>L&rsquo;Ukraine a d\u00e9nonc\u00e9 mardi les conditions de paix pr\u00e9sent\u00e9es la veille par la Russie lors de n\u00e9gociations \u00e0 Istanbul, estimant qu&rsquo;il s&rsquo;agissait d'\u00a0\u00bbultimatums\u00a0\u00bb irr\u00e9alistes qui ne permettront pas de mettre fin \u00e0 la guerre.<\/p>\n<p>\u00ab\u00a0Au lieu de r\u00e9pondre \u00e0 nos propositions constructives \u00e0 Istanbul, la partie russe a pr\u00e9sent\u00e9 une s\u00e9rie d&rsquo;ultimatums d\u00e9j\u00e0 connus qui ne font pas avancer la situation vers une paix v\u00e9ritable\u00a0\u00bb, a affirm\u00e9 sur X le chef de la diplomatie ukrainienne, Andri\u00ef Sybiga.<\/p>\n<p>06:24SERGUE\u00cf CHO\u00cfGOU EN COR\u00c9E DU NORD<\/p>\n<p>Le secr\u00e9taire du Conseil de s\u00e9curit\u00e9 russe Sergue\u00ef Cho\u00efgou est arriv\u00e9 \u00e0 Pyongyang pour rencontrer le dirigeant nord-cor\u00e9en Kim Jong Un et discuter du partenariat entre les deux pays qui se sont rapproch\u00e9s sur fond d&rsquo;offensive russe en Ukraine, ont annonc\u00e9 mercredi les agences russes.<\/p>\n<p>\u00ab\u00a0Les discussions devraient porter sur la mise en \u0153uvre de certaines clauses du trait\u00e9 de partenariat strat\u00e9gique global entre la F\u00e9d\u00e9ration de Russie et la RPDC (R\u00e9publique populaire d\u00e9mocratique de Cor\u00e9e, ndlr), ainsi que sur la comm\u00e9moration des combattants cor\u00e9ens qui ont particip\u00e9 \u00e0 la lib\u00e9ration de la r\u00e9gion de Koursk\u00a0\u00bb, frontali\u00e8re de l&rsquo;Ukraine, selon l&rsquo;agence Ria Novosti, qui cite le service presse du Conseil de s\u00e9curit\u00e9 russe.<\/p>\n<p>06:20&Prime;DU TERRORISME\u00a0\u00bb, DIT LE V\u00c9N\u00c9ZU\u00c9LA<\/p>\n<p>Le pr\u00e9sident v\u00e9n\u00e9zu\u00e9lien Nicolas Maduro a qualifi\u00e9 mardi de \u00ab\u00a0terroristes\u00a0\u00bb les r\u00e9centes attaques ukrainiennes en Russie apr\u00e8s que Moscou a accus\u00e9 Kiev d&rsquo;\u00eatre \u00e0 l&rsquo;origine d&rsquo;explosions ferroviaires sur son territoire.<\/p>\n<p>\u00ab\u00a0La Russie recherche la paix (&#8230;) Alors qu&rsquo;avance l&rsquo;arm\u00e9e russe, h\u00e9riti\u00e8re de l&rsquo;Arm\u00e9e rouge contre les nazis en Ukraine, que fait l&rsquo;Ukraine ? Du terrorisme, ce sont des nazis, ils font sauter des ponts, des voies ferr\u00e9es, attaquent les civils\u00a0\u00bb, a affirm\u00e9 M. Maduro \u00e0 la t\u00e9l\u00e9vision.<\/p>\n<p>Moscou a accus\u00e9 mardi l&rsquo;Ukraine d&rsquo;\u00eatre \u00e0 l&rsquo;origine des explosions ayant provoqu\u00e9 dans la nuit de samedi \u00e0 dimanche l&rsquo;effondrement de deux ponts et des accidents de trains dans les r\u00e9gions de Koursk et de Briansk, qui ont fait sept morts et plus d&rsquo;une centaine de bless\u00e9s.<\/p>\n<p>06:17BONJOUR<\/p>\n<p>Bienvenue dans ce direct consacr\u00e9 \u00e0 l&rsquo;actualit\u00e9 de la guerre en Ukraine, conflit initi\u00e9 il y a plus de trois ans apr\u00e8s l&rsquo;invasion des troupes russes de Vladimir Poutine. Suivez ici, tout au long de la journ\u00e9e, les derni\u00e8res informations, mais aussi les d\u00e9cryptages de nos experts et envoy\u00e9s sp\u00e9ciaux.<\/p>\n<p data-module=\"article-paragraph\" class=\"jsx-3046738180 Paragraph\">Le Kremlin a \u00e9cart\u00e9, mardi 3 juin, tout r\u00e8glement \u00e0 court terme du conflit arm\u00e9 en Ukraine, au lendemain de nouveaux pourparlers russo-ukrainiens peu fructueux \u00e0 Istanbul. \u00ab\u00a0Il serait erron\u00e9 d&rsquo;attendre des d\u00e9cisions et des avanc\u00e9es imm\u00e9diates\u00a0\u00bb, a d\u00e9clar\u00e9 le porte-parole de la pr\u00e9sidence russe, Dmitri Peskov. \u00ab\u00a0La question du r\u00e8glement est extr\u00eamement complexe et comporte de nombreuses nuances\u00a0\u00bb, a-t-il ajout\u00e9, rappelant que Moscou souhaitait avant tout \u00ab\u00a0\u00e9liminer les causes profondes du conflit\u00a0\u00bb pour parvenir \u00e0 la paix.<\/p>\n<p data-module=\"article-paragraph\" class=\"jsx-3046738180 Paragraph Paragraph__End\">De son c\u00f4t\u00e9, l&rsquo;Ukraine a d\u00e9nonc\u00e9 dans la soir\u00e9e les conditions de paix pr\u00e9sent\u00e9es lundi par la Russie, estimant qu&rsquo;il s&rsquo;agissait d'\u00a0\u00bbultimatums\u00a0\u00bb irr\u00e9alistes qui ne permettront pas de mettre fin \u00e0 la guerre. \u00ab\u00a0Au lieu de r\u00e9pondre \u00e0 nos propositions constructives \u00e0 Istanbul, la partie russe a pr\u00e9sent\u00e9 une s\u00e9rie d&rsquo;ultimatums d\u00e9j\u00e0 connus qui ne font pas avancer la situation vers une paix v\u00e9ritable\u00a0\u00bb, a affirm\u00e9 sur X le chef de la diplomatie ukrainienne, Andri\u00ef Sybiga.<\/p>\n<p data-module=\"article-paragraph\" class=\"jsx-3046738180 Paragraph\">Une d\u00e9l\u00e9gation de hauts responsables ukrainiens est arriv\u00e9e mardi \u00e0 Washington pour discuter avec l&rsquo;administration Trump du \u00ab\u00a0soutien \u00e0 la d\u00e9fense\u00a0\u00bb de leur pays et de dossiers \u00e9conomiques, notamment le renforcement des sanctions contre Moscou, a annonc\u00e9 Kiev.<\/p>\n<p data-module=\"article-paragraph\" class=\"jsx-3046738180 Paragraph Paragraph__End\">Selon les autorit\u00e9s ukrainiennes, un bombardement russe a tu\u00e9 mardi deux civils dans un village de la r\u00e9gion de Kharkiv (nord-est), tandis qu&rsquo;au moins quatre autres sont morts lors d&rsquo;une frappe de roquettes sur la ville de Soumy (nord), qui a fait au moins 20 bless\u00e9s. De son c\u00f4t\u00e9, l&rsquo;arm\u00e9e russe a revendiqu\u00e9 mardi dans la r\u00e9gion de <a href=\"https:\/\/www.tf1info.fr\/international\/guerre-en-ukraine-russie-nouvelles-evacuations-dans-la-region-de-soumy-la-menace-russe-de-plus-en-plus-forte-2374196.html\" target=\"_blank\" rel=\"noopener\">Soumy<\/a> la prise d&rsquo;une nouvelle localit\u00e9.<\/p>\n<p><a href=\"https:\/\/www.tf1info.fr\/international\/en-bref-guerre-en-ukraine-russie-ce-que-l-on-sait-apres-la-nouvelle-attaque-contre-le-pont-de-crimee-kertch-2374754.html\" rel=\"noopener\" class=\"jsx-3308031228 Link flex\" target=\"_blank\"><img decoding=\"async\" src=\"https:\/\/www.europesays.com\/fr\/wp-content\/uploads\/2025\/06\/pont-de-kerch-en-crimee-0ed339-0@1x.jpeg\" alt=\"Handout \/ UKRAINIAN SECURITY SERVICE \/ AFP\" loading=\"lazy\" importance=\"low\" fetchpriority=\"low\" class=\"\"\/><\/p>\n<p class=\"jsx-3657663356 ReadMoreArticle__Title\">Lire aussi<\/p>\n<p class=\"jsx-3657663356\">EN BREF &#8211; Guerre en Ukraine : ce que l&rsquo;on sait apr\u00e8s la nouvelle attaque contre le pont de Crim\u00e9e<\/p>\n<p><\/a><\/p>\n<p data-module=\"article-paragraph\" class=\"jsx-3046738180 Paragraph Paragraph__End\">Mardi, l&rsquo;Ukraine a revendiqu\u00e9 une attaque \u00e0 l&rsquo;explosif contre le pont de Crim\u00e9e, ouvrage gigantesque d\u00e9j\u00e0 vis\u00e9 \u00e0 deux reprises par Kiev. Dans la journ\u00e9e, Moscou a aussi accus\u00e9 l&rsquo;Ukraine d&rsquo;\u00eatre \u00e0 l&rsquo;origine des explosions qui ont provoqu\u00e9 le week-end dernier l&rsquo;effondrement de deux ponts et des accidents de trains en Russie, qui ont fait sept morts et 113 bless\u00e9s, dont des enfants.<\/p>\n<p>La r\u00e9daction de TF1info<\/p>\n<p><script async src=\"https:\/\/platform.twitter.com\/widgets.js\" charset=\"utf-8\"><\/script><\/p>\n","protected":false},"excerpt":{"rendered":"Le pr\u00e9sident ukrainien Volodymyr Zelensky a jug\u00e9 mercredi que continuer les pourparlers Russie-Ukraine \u00e0 Istanbul avec les d\u00e9l\u00e9gations&hellip;\n","protected":false},"author":2,"featured_media":151539,"comment_status":"","ping_status":"","sticky":false,"template":"","format":"standard","meta":{"footnotes":""},"categories":[1591],"tags":[1111,11,1921,1887,28083,1922,1916,12,1885,1886,132,220,1917,133,1920],"class_list":{"0":"post-151538","1":"post","2":"type-post","3":"status-publish","4":"format-standard","5":"has-post-thumbnail","7":"category-russie","8":"tag-actu","9":"tag-actualites","10":"tag-article-video","11":"tag-federation-de-russie","12":"tag-guerre-en-ukraine-une-treve-sera-t-elle-possible","13":"tag-info","14":"tag-moscou","15":"tag-news","16":"tag-russia","17":"tag-russian-federation","18":"tag-russie","19":"tag-ukraine","20":"tag-ukraine-4-annee-de-guerre","21":"tag-video","22":"tag-video-international"},"share_on_mastodon":{"url":"https:\/\/pubeurope.com\/@fr\/114625389908168312","error":""},"_links":{"self":[{"href":"https:\/\/www.europesays.com\/fr\/wp-json\/wp\/v2\/posts\/151538","targetHints":{"allow":["GET"]}}],"collection":[{"href":"https:\/\/www.europesays.com\/fr\/wp-json\/wp\/v2\/posts"}],"about":[{"href":"https:\/\/www.europesays.com\/fr\/wp-json\/wp\/v2\/types\/post"}],"author":[{"embeddable":true,"href":"https:\/\/www.europesays.com\/fr\/wp-json\/wp\/v2\/users\/2"}],"replies":[{"embeddable":true,"href":"https:\/\/www.europesays.com\/fr\/wp-json\/wp\/v2\/comments?post=151538"}],"version-history":[{"count":0,"href":"https:\/\/www.europesays.com\/fr\/wp-json\/wp\/v2\/posts\/151538\/revisions"}],"wp:featuredmedia":[{"embeddable":true,"href":"https:\/\/www.europesays.com\/fr\/wp-json\/wp\/v2\/media\/151539"}],"wp:attachment":[{"href":"https:\/\/www.europesays.com\/fr\/wp-json\/wp\/v2\/media?parent=151538"}],"wp:term":[{"taxonomy":"category","embeddable":true,"href":"https:\/\/www.europesays.com\/fr\/wp-json\/wp\/v2\/categories?post=151538"},{"taxonomy":"post_tag","embeddable":true,"href":"https:\/\/www.europesays.com\/fr\/wp-json\/wp\/v2\/tags?post=151538"}],"curies":[{"name":"wp","href":"https:\/\/api.w.org\/{rel}","templated":true}]}}