{"id":151540,"date":"2025-06-04T13:43:14","date_gmt":"2025-06-04T13:43:14","guid":{"rendered":"https:\/\/www.europesays.com\/fr\/151540\/"},"modified":"2025-06-04T13:43:14","modified_gmt":"2025-06-04T13:43:14","slug":"guerre-en-ukraine-zelensky-pret-a-rencontrer-poutine-trump-et-erdogan-nimporte-quand","status":"publish","type":"post","link":"https:\/\/www.europesays.com\/fr\/151540\/","title":{"rendered":"Guerre en Ukraine. Zelensky \u00ab pr\u00eat \u00bb \u00e0 rencontrer Poutine, Trump et Erdogan \u00ab n&rsquo;importe quand \u00bb"},"content":{"rendered":"<p>Le pr\u00e9sident ukrainien <a href=\"https:\/\/www.ledauphine.com\/p\/volodymyr-zelensky\" target=\"_blank\" rel=\"nofollow noopener\">Volodymyr Zelensky<\/a> s&rsquo;est dit ce mercredi \u00ab pr\u00eat \u00bb \u00e0 un sommet avec ses homologues russe <a href=\"https:\/\/www.ledauphine.com\/p\/vladimir-poutine\" target=\"_blank\" rel=\"nofollow noopener\">Vladimir Poutine<\/a>, am\u00e9ricain <a href=\"https:\/\/www.ledauphine.com\/p\/donald-trump\" target=\"_blank\" rel=\"nofollow noopener\">Donald Trump<\/a> et turc <a href=\"https:\/\/www.ledauphine.com\/p\/recep-tayyip-erdogan\" target=\"_blank\" rel=\"nofollow noopener\">Recep Tayyip Erdogan<\/a>, pour faire avancer les pourparlers de paix avec Moscou.<\/p>\n<p>\u00ab Nous sommes pr\u00eats \u00e0 une telle r\u00e9union n&rsquo;importe quand \u00bb<\/p>\n<p>\u00ab Nous sommes pr\u00eats \u00e0 une telle r\u00e9union n&rsquo;importe quand \u00bb, a-t-il d\u00e9clar\u00e9 lors d&rsquo;une conf\u00e9rence de presse \u00e0 Kiev, disant \u00ab proposer aux Russes un cessez-le-feu avant que les dirigeants ne se rencontrent \u00bb. Le Kremlin a toutefois dit conditionner une rencontre entre MM. Poutine et Zelensky \u00e0 l&rsquo;obtention d&rsquo;\u00ab accords \u00bb entre Moscou et Kiev.<\/p>\n<p>Le pr\u00e9sident ukrainien a par ailleurs jug\u00e9 ce mercredi que continuer les pourparlers Russie-Ukraine \u00e0 Istanbul avec les d\u00e9l\u00e9gations actuelles n&rsquo;aurait \u00ab pas de sens \u00bb, apr\u00e8s <a href=\"https:\/\/www.ledauphine.com\/defense-guerre-conflit\/2025\/06\/02\/negociations-a-istanbul-de-nouveaux-echanges-de-prisonniers-prevus-mais-pas-de-cessez-le-feu-inconditionnel\" target=\"_blank\" rel=\"nofollow noopener\">deux cycles de n\u00e9gociations peu fructueux<\/a>. Il a estim\u00e9 que la d\u00e9l\u00e9gation russe actuelle, men\u00e9e par un conseiller pr\u00e9sidentiel de second rang, n&rsquo;avait pas le \u00ab niveau \u00bb pour d\u00e9cider un cessez-le-feu, que Kiev r\u00e9clame. \u00ab Poursuivre les r\u00e9unions diplomatiques \u00e0 Istanbul \u00e0 un niveau qui ne permet pas de r\u00e9gler quoi que ce soit n&rsquo;a pas de sens \u00bb, a-t-il estim\u00e9 lors d&rsquo;une conf\u00e9rence de presse.<\/p>\n<p>Pour Volodymyr Zelensky, les conditions de paix propos\u00e9es par Moscou lors des discussions de lundi \u00e0 Istanbul constituent par ailleurs des \u00ab ultimatums\u00a0\u00bb inacceptables pour l&rsquo;Ukraine. La Russie a notamment exig\u00e9 que Kiev retire ses troupes des quatre r\u00e9gions ukrainiennes dont elle revendique l&rsquo;annexion. \u00a0<\/p>\n","protected":false},"excerpt":{"rendered":"Le pr\u00e9sident ukrainien Volodymyr Zelensky s&rsquo;est dit ce mercredi \u00ab pr\u00eat \u00bb \u00e0 un sommet avec ses homologues&hellip;\n","protected":false},"author":2,"featured_media":151541,"comment_status":"","ping_status":"","sticky":false,"template":"","format":"standard","meta":{"footnotes":""},"categories":[1590],"tags":[11,3206,1777,674,107,329,12,220],"class_list":{"0":"post-151540","1":"post","2":"type-post","3":"status-publish","4":"format-standard","5":"has-post-thumbnail","7":"category-ukraine","8":"tag-actualites","9":"tag-defense-guerre-conflit","10":"tag-eu","11":"tag-europe","12":"tag-fil-info","13":"tag-france-monde","14":"tag-news","15":"tag-ukraine"},"share_on_mastodon":{"url":"https:\/\/pubeurope.com\/@fr\/114625393780013893","error":""},"_links":{"self":[{"href":"https:\/\/www.europesays.com\/fr\/wp-json\/wp\/v2\/posts\/151540","targetHints":{"allow":["GET"]}}],"collection":[{"href":"https:\/\/www.europesays.com\/fr\/wp-json\/wp\/v2\/posts"}],"about":[{"href":"https:\/\/www.europesays.com\/fr\/wp-json\/wp\/v2\/types\/post"}],"author":[{"embeddable":true,"href":"https:\/\/www.europesays.com\/fr\/wp-json\/wp\/v2\/users\/2"}],"replies":[{"embeddable":true,"href":"https:\/\/www.europesays.com\/fr\/wp-json\/wp\/v2\/comments?post=151540"}],"version-history":[{"count":0,"href":"https:\/\/www.europesays.com\/fr\/wp-json\/wp\/v2\/posts\/151540\/revisions"}],"wp:featuredmedia":[{"embeddable":true,"href":"https:\/\/www.europesays.com\/fr\/wp-json\/wp\/v2\/media\/151541"}],"wp:attachment":[{"href":"https:\/\/www.europesays.com\/fr\/wp-json\/wp\/v2\/media?parent=151540"}],"wp:term":[{"taxonomy":"category","embeddable":true,"href":"https:\/\/www.europesays.com\/fr\/wp-json\/wp\/v2\/categories?post=151540"},{"taxonomy":"post_tag","embeddable":true,"href":"https:\/\/www.europesays.com\/fr\/wp-json\/wp\/v2\/tags?post=151540"}],"curies":[{"name":"wp","href":"https:\/\/api.w.org\/{rel}","templated":true}]}}