{"id":151542,"date":"2025-06-04T13:44:09","date_gmt":"2025-06-04T13:44:09","guid":{"rendered":"https:\/\/www.europesays.com\/fr\/151542\/"},"modified":"2025-06-04T13:44:09","modified_gmt":"2025-06-04T13:44:09","slug":"usa-le-secteur-prive-a-cree-beaucoup-moins-demplois-que-prevu-en-mai-adp-04-06-2025-a-1537","status":"publish","type":"post","link":"https:\/\/www.europesays.com\/fr\/151542\/","title":{"rendered":"USA-Le secteur priv\u00e9 a cr\u00e9\u00e9 beaucoup moins d&#8217;emplois que pr\u00e9vu en mai-ADP &#8211; 04\/06\/2025 \u00e0 15:37"},"content":{"rendered":"<p>\n (Actualis\u00e9 avec contexte)\n<\/p>\n<p>\n Le secteur priv\u00e9 aux<br \/>\nEtats-Unis a cr\u00e9\u00e9 moins d&#8217;emplois qu&rsquo;attendu en mai, montre<br \/>\nmercredi l&rsquo;enqu\u00eate mensuelle du cabinet ADP.\n<\/p>\n<p>\n L&rsquo;enqu\u00eate a recens\u00e9 37.000 cr\u00e9ations de postes en mai,<br \/>\ncontre 60.000 en avril (r\u00e9vis\u00e9 de 62.000), alors que les<br \/>\n\u00e9conomistes interrog\u00e9s par Reuters en pr\u00e9voyaient en moyenne<br \/>\n110.000.\n<\/p>\n<p>\n La publication des r\u00e9sultats de l&rsquo;enqu\u00eate ADP pr\u00e9c\u00e8de la<br \/>\nparution vendredi du rapport officiel sur l&#8217;emploi du<br \/>\nd\u00e9partement du Travail.\n<\/p>\n<p>\n Apr\u00e8s la publication de cette statistique, les futures sur<br \/>\nindices new-yorkais ont acc\u00e9l\u00e9r\u00e9 leur hausse avec une ouverture<br \/>\nde Wall Street attendue en progression de 0,18% pour le Dow<br \/>\nJones<br \/>\n <a href=\"https:\/\/www.boursorama.com\/cours\/%24INDU\/\" rel=\"nofollow noopener\" target=\"_blank\"><br \/>\n  .DJI<br \/>\n <\/a><br \/>\n , de 0,24% pour le Standard &amp; Poor&rsquo;s 500<br \/>\n <a href=\"https:\/\/www.boursorama.com\/cours\/%24INX\/\" rel=\"nofollow noopener\" target=\"_blank\"><br \/>\n  .SPX<br \/>\n <\/a><br \/>\n et<br \/>\nde 0,26% pour le Nasdaq<br \/>\n <a href=\"https:\/\/www.boursorama.com\/cours\/%24COMPX\/\" rel=\"nofollow noopener\" target=\"_blank\"><br \/>\n  .IXIC<br \/>\n <\/a><br \/>\n .\n<\/p>\n<p>\n Le rendement des Treasuries \u00e0 dix ans<br \/>\n <a href=\"https:\/\/www.boursorama.com\/cours\/2xUSABM10A\/\" rel=\"nofollow noopener\" target=\"_blank\"><br \/>\n  US10YT=RR<br \/>\n <\/a><br \/>\n qui \u00e9tait<br \/>\ninitialement stable, perd d\u00e9sormais trois points de base, \u00e0<br \/>\n4,428%, tandis que le dollar c\u00e8de 0,03% face \u00e0 un panier de<br \/>\ndevises de r\u00e9f\u00e9rence.\n<\/p>\n<p>\n Quelques minutes apr\u00e8s la publication de l&rsquo;enqu\u00eate ADP, le<br \/>\npr\u00e9sident am\u00e9ricain, Donald Trump, a appel\u00e9 mercredi le<br \/>\npr\u00e9sident de la R\u00e9serve f\u00e9d\u00e9rale am\u00e9ricaine (Fed), Jerome<br \/>\nPowell, \u00e0 baisser les taux directeurs.\n<\/p>\n<p>\n \u00ab\u00a0Les chiffres de l&rsquo;ADP sont sortis. Powell &lsquo;Trop tard&rsquo; doit<br \/>\nmaintenant baisser les taux. C&rsquo;est inconcevable. L&rsquo;Europe a<br \/>\nbaiss\u00e9 neuf fois\u00a0\u00bb, a-t-il \u00e9crit dans un message publi\u00e9 sur son<br \/>\nr\u00e9seau social Truth Social.\n<\/p>\n<p>\n Donald Trump a r\u00e9guli\u00e8rement critiqu\u00e9 ces derniers mois<br \/>\nle pr\u00e9sident de la R\u00e9serve F\u00e9d\u00e9rale, Jerome Powell, lui<br \/>\nreprochant de ne pas baisser les taux d&rsquo;int\u00e9r\u00eat et faisant<br \/>\nplaner la menace d&rsquo;une \u00e9viction.\n<\/p>\n<p>\n La Banque centrale europ\u00e9enne (\n<\/p>\n<p>\n BCE\n<\/p>\n<p>\n ) a pour le moment abaiss\u00e9 ses taux directeurs \u00e0 sept<br \/>\nreprises depuis le d\u00e9but du cycle d&rsquo;assouplissement mon\u00e9taire<br \/>\nentam\u00e9 en juin 2024. Elle tiendra jeudi une r\u00e9union de politique<br \/>\nmon\u00e9taire. La Fed se r\u00e9unira pour sa part les 17 et 18 juin.\n<\/p>\n<p>\n (R\u00e9dig\u00e9 par Claude Chendjou, avec la contribution de Brendan<br \/>\nO&rsquo;Brien and Katharine Jackson, \u00e9dit\u00e9 par Augustin Turpin et<br \/>\nBlandine H\u00e9nault)<\/p>\n","protected":false},"excerpt":{"rendered":"(Actualis\u00e9 avec contexte) Le secteur priv\u00e9 aux Etats-Unis a cr\u00e9\u00e9 moins d&#8217;emplois qu&rsquo;attendu en mai, montre mercredi l&rsquo;enqu\u00eate&hellip;\n","protected":false},"author":2,"featured_media":15273,"comment_status":"","ping_status":"","sticky":false,"template":"","format":"standard","meta":{"footnotes":""},"categories":[1589],"tags":[400,11,398,408,405,73,1866,403,402,399,404,12,401,406,1864,1865,1863,308,407],"class_list":{"0":"post-151542","1":"post","2":"type-post","3":"status-publish","4":"format-standard","5":"has-post-thumbnail","7":"category-etats-unis","8":"tag-action-cac-40","9":"tag-actualites","10":"tag-bourse-de-paris","11":"tag-boursorama","12":"tag-cotations","13":"tag-etats-unis","14":"tag-etats-unis-damerique","15":"tag-indices-devises","16":"tag-investir","17":"tag-investissement","18":"tag-marche-boursier","19":"tag-news","20":"tag-sicav","21":"tag-trackers","22":"tag-united-states","23":"tag-united-states-of-america","24":"tag-us","25":"tag-usa","26":"tag-warrants"},"share_on_mastodon":{"url":"https:\/\/pubeurope.com\/@fr\/114625397849214100","error":""},"_links":{"self":[{"href":"https:\/\/www.europesays.com\/fr\/wp-json\/wp\/v2\/posts\/151542","targetHints":{"allow":["GET"]}}],"collection":[{"href":"https:\/\/www.europesays.com\/fr\/wp-json\/wp\/v2\/posts"}],"about":[{"href":"https:\/\/www.europesays.com\/fr\/wp-json\/wp\/v2\/types\/post"}],"author":[{"embeddable":true,"href":"https:\/\/www.europesays.com\/fr\/wp-json\/wp\/v2\/users\/2"}],"replies":[{"embeddable":true,"href":"https:\/\/www.europesays.com\/fr\/wp-json\/wp\/v2\/comments?post=151542"}],"version-history":[{"count":0,"href":"https:\/\/www.europesays.com\/fr\/wp-json\/wp\/v2\/posts\/151542\/revisions"}],"wp:featuredmedia":[{"embeddable":true,"href":"https:\/\/www.europesays.com\/fr\/wp-json\/wp\/v2\/media\/15273"}],"wp:attachment":[{"href":"https:\/\/www.europesays.com\/fr\/wp-json\/wp\/v2\/media?parent=151542"}],"wp:term":[{"taxonomy":"category","embeddable":true,"href":"https:\/\/www.europesays.com\/fr\/wp-json\/wp\/v2\/categories?post=151542"},{"taxonomy":"post_tag","embeddable":true,"href":"https:\/\/www.europesays.com\/fr\/wp-json\/wp\/v2\/tags?post=151542"}],"curies":[{"name":"wp","href":"https:\/\/api.w.org\/{rel}","templated":true}]}}