{"id":151555,"date":"2025-06-04T13:51:12","date_gmt":"2025-06-04T13:51:12","guid":{"rendered":"https:\/\/www.europesays.com\/fr\/151555\/"},"modified":"2025-06-04T13:51:12","modified_gmt":"2025-06-04T13:51:12","slug":"radio-france-partenaire-de-la-france-music-week-du-16-au-21-juin-2025","status":"publish","type":"post","link":"https:\/\/www.europesays.com\/fr\/151555\/","title":{"rendered":"Radio France partenaire de la France Music Week du 16 au 21 juin 2025"},"content":{"rendered":"<p>Une semaine internationale d\u00e9di\u00e9e \u00e0 la musique du 16 au 21 juin 2025<\/p>\n<p>\u00c0 l\u2019initiative du Pr\u00e9sident de la R\u00e9publique, port\u00e9e par le minist\u00e8re de la Culture et coordonn\u00e9e par le Centre national de la musique (<a href=\"https:\/\/cnm.fr\/\" target=\"_blank\" title=\"Site du Centre national de la musique - Nouvelle fen\u00eatre\" rel=\"nofollow noopener\">CNM<\/a>) la France Music Week est n\u00e9e de la volont\u00e9 d&rsquo;accueillir en France un \u00e9v\u00e9nement de port\u00e9e internationale autour de la musique.<\/p>\n<p>Cette semaine in\u00e9dite m\u00ealera <strong>des rencontres, des conf\u00e9rences et des tables rondes entre professionnels ainsi qu&rsquo;un programme festif et \u00e9clectique destin\u00e9s au grand public<\/strong> qui fera vibrer les fans aux sons \u00ab\u00a0des artistes produits en France\u00a0\u00bb et s&rsquo;ach\u00e8vera symboliquement lors de la F\u00eate de la Musique, le 21 juin.<\/p>\n<p><strong>\u25a0 <\/strong>Tout le programme sur <a href=\"https:\/\/france-music-week.com\/fr\/category\/grand-public\/\" target=\"_blank\" title=\"Le programme grand public de la France Music Week 2025 - Nouvelle fen\u00eatre\" rel=\"nofollow noopener\">france-music-week.com<\/a><\/p>\n<p>Acteur engag\u00e9 pour la promotion de la diversit\u00e9 et de la cr\u00e9ation musicale, Radio France accompagne la France Music Week en apportant notamment son expertise artistique pour la programmation de 12 showcases organis\u00e9s \u00e0 la Maison de la Radio et de la Musique, ouverts gratuitement au public. <\/p>\n<p>Les talents \u00ab\u00a0Made in France\u00a0\u00bb \u00e0 d\u00e9couvrir gratuitement les 18 et 19 juin \u00e0 la Maison de la Radio et de la Musique<\/p>\n<p><strong>\u25a0  Mercredi 18 juin<\/strong> \u00e0 partir de 14h\u00a0: musiques actuelles avec <strong>Jan Verstraeten, Kutu, Laura Cahen, Max Baby, Tracy de Sa<\/strong>.<br \/>R\u00e9servations gratuites sur <a href=\"https:\/\/www.maisondelaradioetdelamusique.fr\/evenement\/international-exchange-days-showcases-musiques-actuelles?s=1123560\" target=\"_blank\" title=\"R\u00e9servation pour le Showcase du 18 juin \u00e0 la Maison de la Radio et de la Musique - Nouvelle fen\u00eatre\" rel=\"nofollow noopener\">maisondelaradioetdelamusique.fr<\/a><\/p>\n<p><strong>\u25a0  Jeudi 19 juin<\/strong> \u00e0 partir de 14h une premi\u00e8re partie consacr\u00e9e au jazz\u00a0: <strong>Gabi Hartmann, Robinson Khoury \u00ab\u00a0M\u00ffa\u00a0\u00bb, Yom x Ceccaldi<\/strong> et une deuxi\u00e8me partie classique\u00a0: <strong>Le concert de la loge\u00a0: le ballet imaginaire, Les Apaches\u00a0! Rave-L Party, Th\u00e9o Ould Sextet\u00a0: Vuelvo al sur, around Astor Piazzolla<\/strong>.<br \/>R\u00e9servations gratuites sur <a href=\"https:\/\/www.maisondelaradioetdelamusique.fr\/evenement\/international-exchange-days-showcases-classique-et-jazz?s=1126938\" target=\"_blank\" title=\"R\u00e9servation pour le Showcase du 19 juin \u00e0 la Maison de la Radio et de la Musique - Nouvelle fen\u00eatre\" rel=\"nofollow noopener\">maisondelaradioetdelamusique.fr<\/a><\/p>\n<p>En compl\u00e9ment de ces \u00e9v\u00e9nements pour la <strong>France Music Week<\/strong> Radio France organisera, comme chaque ann\u00e9e, de nombreux concerts pour la <strong>F\u00eate de la Musique<\/strong> \u00e0 la Maison de la Radio et de la Musique et \u00e0 l&rsquo;Olympia. Des concerts exceptionnels, gratuits, \u00e0 vivre \u00e9galement en direct sur nos antennes. Ces festivit\u00e9s ouvriront un \u00e9t\u00e9 musical sur les antennes du service public, <strong>sur la route des festivals partout en France<\/strong>.<\/p>\n","protected":false},"excerpt":{"rendered":"Une semaine internationale d\u00e9di\u00e9e \u00e0 la musique du 16 au 21 juin 2025 \u00c0 l\u2019initiative du Pr\u00e9sident de&hellip;\n","protected":false},"author":2,"featured_media":151556,"comment_status":"","ping_status":"","sticky":false,"template":"","format":"standard","meta":{"footnotes":""},"categories":[4],"tags":[11,28086,1011,27,28084,12,25,28085],"class_list":{"0":"post-151555","1":"post","2":"type-post","3":"status-publish","4":"format-standard","5":"has-post-thumbnail","7":"category-france","8":"tag-actualites","9":"tag-filiere-musicale","10":"tag-fr","11":"tag-france","12":"tag-france-music-week","13":"tag-news","14":"tag-republique-francaise","15":"tag-semaine-internationale-pour-la-musique"},"share_on_mastodon":{"url":"https:\/\/pubeurope.com\/@fr\/114625425093198961","error":""},"_links":{"self":[{"href":"https:\/\/www.europesays.com\/fr\/wp-json\/wp\/v2\/posts\/151555","targetHints":{"allow":["GET"]}}],"collection":[{"href":"https:\/\/www.europesays.com\/fr\/wp-json\/wp\/v2\/posts"}],"about":[{"href":"https:\/\/www.europesays.com\/fr\/wp-json\/wp\/v2\/types\/post"}],"author":[{"embeddable":true,"href":"https:\/\/www.europesays.com\/fr\/wp-json\/wp\/v2\/users\/2"}],"replies":[{"embeddable":true,"href":"https:\/\/www.europesays.com\/fr\/wp-json\/wp\/v2\/comments?post=151555"}],"version-history":[{"count":0,"href":"https:\/\/www.europesays.com\/fr\/wp-json\/wp\/v2\/posts\/151555\/revisions"}],"wp:featuredmedia":[{"embeddable":true,"href":"https:\/\/www.europesays.com\/fr\/wp-json\/wp\/v2\/media\/151556"}],"wp:attachment":[{"href":"https:\/\/www.europesays.com\/fr\/wp-json\/wp\/v2\/media?parent=151555"}],"wp:term":[{"taxonomy":"category","embeddable":true,"href":"https:\/\/www.europesays.com\/fr\/wp-json\/wp\/v2\/categories?post=151555"},{"taxonomy":"post_tag","embeddable":true,"href":"https:\/\/www.europesays.com\/fr\/wp-json\/wp\/v2\/tags?post=151555"}],"curies":[{"name":"wp","href":"https:\/\/api.w.org\/{rel}","templated":true}]}}