{"id":151559,"date":"2025-06-04T13:55:07","date_gmt":"2025-06-04T13:55:07","guid":{"rendered":"https:\/\/www.europesays.com\/fr\/151559\/"},"modified":"2025-06-04T13:55:07","modified_gmt":"2025-06-04T13:55:07","slug":"roland-garros-aryna-sabalenka-honnetement-je-ne-pense-pas-avoir-deja-joue-contre-une-joueuse-plus-puissante-que-moi-je-prends-ca-comme-un-defi-we-love-tennis","status":"publish","type":"post","link":"https:\/\/www.europesays.com\/fr\/151559\/","title":{"rendered":"Roland Garros &gt; Aryna Sabalenka : &quot;Honn\u00eatement, je ne pense pas avoir d\u00e9j\u00e0 jou\u00e9 contre une joueuse plus puissante que moi. Je prends \u00e7a comme un d\u00e9fi&quot; &#8211; We Love Tennis"},"content":{"rendered":"<ol>\n<li><a href=\"https:\/\/news.google.com\/rss\/articles\/CBMi_wFBVV95cUxOXzBmamZpeTVaMURTaXliQjJkQVV5dHd4Y0NuNWk5anhZRTF3djVPTXNZUmVXdE5NZ2xkQnUzX0FRYWV1VkJPdEd0N0NFS2x3S3RWeVVfOHFyRWR1ZXp2MjJmMjUtVVJYcDhYS1YxRFlJMnFkQzVYWDdiZ2UybkNnbFIzOWhtZFhDS2VlRlA0MlRjVjdGUGY4NXFEdlVSekJUa2Jna0h6ckFvVG9JOXlhWF94cWVUdzNZQUtpOEN6eWdLTUJ2R3lwMEtORDdNVUZJSUx6b01JRThJN19wNmsyWlN3NXQ2akpBRklGamNJcUZHNEpvWGhBRXd6WG5NV3c?oc=5\" target=\"_blank\" rel=\"noopener\">Roland Garros &gt; Aryna Sabalenka : \u00ab\u00a0Honn\u00eatement, je ne pense pas avoir d\u00e9j\u00e0 jou\u00e9 contre une joueuse plus puissante que moi. Je prends \u00e7a comme un d\u00e9fi\u00a0\u00bb<\/a>&nbsp;&nbsp;We Love Tennis<\/li>\n<li><a href=\"https:\/\/news.google.com\/rss\/articles\/CBMi7AFBVV95cUxPN2I3Z1ZaeFBKR0JpZkE4YjNSdnRrM2Y2UmtGdGYtRGFCb3BveG55ODlJdzF2M0c3Sjl3b0ZTNlVTUExGWHZXaGxsaG5PdDkwTExXMzFnNHFyc3EtR1otY21pVDlaWnVEWXdaRmNfeDRZeUx6dEplREtlbjNrVmxRZFpyVE9ORkhVM0pEc1ZhdW50VkNTdUF5SzJnMWl6Z18zWUdmSGxsUjN1WjZQNXh4R1RsVGUwRGtFei1kY29rb1BKNnpXbnc2OFBCU0V6ZldXYXR0a1BtZ2l1X0wyc1RSQzRlMnFseDNEeWhIeQ?oc=5\" target=\"_blank\" rel=\"noopener\">EN DIRECT | Roland-Garros 2025 : la num\u00e9ro un mondiale Aryna Sabalenka remporte la premi\u00e8re manche face \u00e0 la championne olympique Qinwen Zheng<\/a>&nbsp;&nbsp;Le Monde.fr<\/li>\n<li><a href=\"https:\/\/news.google.com\/rss\/articles\/CBMimwJBVV95cUxPUEVBdWkwUHhHNVRTSjlyVmlMQk1iczlVRW42c1c2RTFKbElPNVhLaktsYlJjRHFPblJYUGpMQVMwUjNLS3RuZ2lQUzctcWRfUGE4YTJaNXNNdmZYaWstMDJjVVdYcHJ3UksyUVBZTFRrcTFpenlKc2trdWVjdEhQeV9RcXBPX1l0NUhmLUloWlNISk9jcXA4Q3Y3WHNtNVlrNV9WeU5NUEhJRGNRMjd2dXFseDZrVWQ4RWRBeWlONFhlbmJwMTZXeEFGb0VId1Y5QTM4T29NVzJhZXJTM0sydEJlSk1sMXI3NDBERGIyUXBTN2pNT21BUXp6dXlBUUxScmd6QVlVRDFMU28zWEs4LVhmVW1SSHZ6YmJB?oc=5\" target=\"_blank\" rel=\"noopener\">Sabalenka r\u00e9siste \u00e0 Zheng et file en demies<\/a>&nbsp;&nbsp;Eurosport<\/li>\n<li><a href=\"https:\/\/news.google.com\/rss\/articles\/CBMiogFBVV95cUxOQUltLVJLZkJzbVNFcWN6MHRhcnFQTzlCNUlTbktCNTM3STNvVVgyQ2NnSDMyNW1TaFNMZktFemI2Unl4TjAxUW1adkVLRWs5TDZoREhueUkwR1pGNGhMSk9DSHRYZlZaREtEbVRVTDRwcE1aOXBzcG04R01XdUZUTXE3REF3U2VETjdVUXdlZkpmbGh3Ykgxb1RBc2E5RWstUVE?oc=5\" target=\"_blank\" rel=\"noopener\">La J10 en images !<\/a>&nbsp;&nbsp;Roland Garros<\/li>\n<li><a href=\"https:\/\/news.google.com\/rss\/articles\/CBMi4gFBVV95cUxQaElNZVB1TDZyWjB1N1ZYSkl3UG9MajZWd0F3d0VrQXJBQTVUMGtPNjZlazB1akJ2N01EZVJ2U2VMWU85ZWMxTU93THY5a0EweHY1WkR1VkVleW1RU29ORWxQM3hsWWNSZURMNmxTMmNFcFU4TnFKaUFXQ2ZQOUhpa0JZVWdvQVJHM043ZXZhVjZVVDU2eHFDcG5jT2ZrbWJZOXMtYm1YTkg3dms5OGhxLXYwZUdvelFiTEZzM3ozZW8yNGczbGtFYVRacDI0MVlPTVJQX2JMd0FyNzRqYVNNT3VR?oc=5\" target=\"_blank\" rel=\"noopener\">Aryna Sabalenka se d\u00e9barrasse de Qinwen Zheng et se qualifie pour les demi-finales de Roland-Garros<\/a>&nbsp;&nbsp;L&rsquo;\u00c9quipe<\/li>\n<\/ol>\n","protected":false},"excerpt":{"rendered":"Roland Garros &gt; Aryna Sabalenka : \u00ab\u00a0Honn\u00eatement, je ne pense pas avoir d\u00e9j\u00e0 jou\u00e9 contre une joueuse plus&hellip;\n","protected":false},"author":2,"featured_media":1445,"comment_status":"","ping_status":"","sticky":false,"template":"","format":"standard","meta":{"footnotes":""},"categories":[1415],"tags":[1011,27,60,1467],"class_list":{"0":"post-151559","1":"post","2":"type-post","3":"status-publish","4":"format-standard","5":"has-post-thumbnail","7":"category-tennis","8":"tag-fr","9":"tag-france","10":"tag-sports","11":"tag-tennis"},"share_on_mastodon":{"url":"https:\/\/pubeurope.com\/@fr\/114625440815217233","error":""},"_links":{"self":[{"href":"https:\/\/www.europesays.com\/fr\/wp-json\/wp\/v2\/posts\/151559","targetHints":{"allow":["GET"]}}],"collection":[{"href":"https:\/\/www.europesays.com\/fr\/wp-json\/wp\/v2\/posts"}],"about":[{"href":"https:\/\/www.europesays.com\/fr\/wp-json\/wp\/v2\/types\/post"}],"author":[{"embeddable":true,"href":"https:\/\/www.europesays.com\/fr\/wp-json\/wp\/v2\/users\/2"}],"replies":[{"embeddable":true,"href":"https:\/\/www.europesays.com\/fr\/wp-json\/wp\/v2\/comments?post=151559"}],"version-history":[{"count":0,"href":"https:\/\/www.europesays.com\/fr\/wp-json\/wp\/v2\/posts\/151559\/revisions"}],"wp:featuredmedia":[{"embeddable":true,"href":"https:\/\/www.europesays.com\/fr\/wp-json\/wp\/v2\/media\/1445"}],"wp:attachment":[{"href":"https:\/\/www.europesays.com\/fr\/wp-json\/wp\/v2\/media?parent=151559"}],"wp:term":[{"taxonomy":"category","embeddable":true,"href":"https:\/\/www.europesays.com\/fr\/wp-json\/wp\/v2\/categories?post=151559"},{"taxonomy":"post_tag","embeddable":true,"href":"https:\/\/www.europesays.com\/fr\/wp-json\/wp\/v2\/tags?post=151559"}],"curies":[{"name":"wp","href":"https:\/\/api.w.org\/{rel}","templated":true}]}}