{"id":151574,"date":"2025-06-04T14:04:10","date_gmt":"2025-06-04T14:04:10","guid":{"rendered":"https:\/\/www.europesays.com\/fr\/151574\/"},"modified":"2025-06-04T14:04:10","modified_gmt":"2025-06-04T14:04:10","slug":"julien-courbet-comprend-la-reaction-de-karine-le-marchand","status":"publish","type":"post","link":"https:\/\/www.europesays.com\/fr\/151574\/","title":{"rendered":"Julien Courbet comprend la r\u00e9action de Karine Le Marchand"},"content":{"rendered":"<p>L\u2019animatrice de \u00abL\u2019amour est dans le pr\u00e9\u00bb et de \u00abLa France a incroyable talent\u00bb s\u2019est oppos\u00e9e farouchement \u00e0 l\u2019arriv\u00e9e de l\u2019animateur de \u00abTouche pas \u00e0 mon poste\u00a0!\u00bb sur M6. Elle a m\u00eame obtenu de sa part des excuses publiques.<\/p>\n<p class=\"fig-paragraph\"><a href=\"https:\/\/www.lefigaro.fr\/tag\/julien-courbet\" target=\"_blank\" rel=\"noopener nofollow\" data-gtm-custom-categorie=\"navigation\" data-gtm-custom-action=\"crossclick\" data-gtm-custom-label=\"Contextuel\" data-gtm-event=\"customEventSPE\"><strong>Julien Courbet<\/strong><\/a> \u00a0ne parle pas souvent. Pourtant l\u2019animateur de M6 et RTL a accept\u00e9 de se confier longuement et en exclusivit\u00e9 \u00e0 TV Magazine \u00e0 l\u2019occasion du lancement, le jeudi 26 juin \u00e0 21h10, d\u2019un nouveau jeu, \u00abJ\u2019en connais un rayon\u00bb. Dans le num\u00e9ro \u00e0 para\u00eetre vendredi dans les kiosques, il \u00e9voque ainsi sans retenue ses nombreuses \u00e9missions, ses pr\u00e9occupations et ses habitudes de consommation.<\/p>\n<p>    Julien Courbet \u00e0 la Une du Figaro TV Magazine, \u00e0 para\u00eetre le vendredi 6 juin 2025.<br \/>\n                TV Magazine<\/p>\n<p class=\"fig-paragraph\">Le pr\u00e9sentateur de 60 ans a \u00e9galement accept\u00e9 de r\u00e9agir \u00e0 l\u2019arriv\u00e9e de\u00a0<a href=\"https:\/\/www.lefigaro.fr\/tag\/cyril-hanouna\" target=\"_blank\" rel=\"noopener nofollow\" data-gtm-custom-categorie=\"navigation\" data-gtm-custom-action=\"crossclick\" data-gtm-custom-label=\"Contextuel\" data-gtm-event=\"customEventSPE\"><strong>Cyril Hanouna<\/strong><\/a> \u00a0dans le groupe M6. En effet, \u00e0 la suite de l\u2019arr\u00eat de C8, l\u2019animateur de\u00a0<a href=\"https:\/\/tvmag.lefigaro.fr\/programme-tv\/programme\/touche-pas-a-mon-poste-d1917940577\" target=\"_blank\" rel=\"noopener nofollow\" data-gtm-custom-categorie=\"navigation\" data-gtm-custom-action=\"crossclick\" data-gtm-custom-label=\"Contextuel\" data-gtm-event=\"customEventSPE\">\u00abTouche pas \u00e0 mon poste\u00a0!\u00bb<\/a>\u00a0va faire sa rentr\u00e9e sur W9 o\u00f9 il sera aux commandes d\u2019un nouveau talk-show quotidien intitul\u00e9 \u00abTout beau, tout 9\u00bb. Et apr\u00e8s\u00a0<a href=\"http:\/\/tvmag.lefigaro.fr\/programme-tv\/actu-tele\/europe-1-met-un-terme-a-l-emission-on-marche-sur-la-tete-avec-cyril-hanouna-20250603\" target=\"_blank\" data-fig-type=\"Article\" rel=\"noopener nofollow\" data-gtm-custom-categorie=\"navigation\" data-gtm-custom-action=\"crossclick\" data-gtm-custom-label=\"Contextuel\" data-gtm-event=\"customEventSPE\" data-fig-domain=\"TVMAG\">une saison au micro d\u2019Europe 1 avec \u00abOn marche sur la t\u00eate\u00bb<\/a>, Cyril Hanouna va \u00e9galement officier d\u00e8s le 1er septembre sur Fun Radio.<\/p>\n<p class=\"fig-paragraph\">\u00abJe suis sur M6, il sera sur W9, je suis sur RTL, il sera sur Fun Radio. Donc je ne le verrai pas plus qu\u2019aujourd\u2019hui, souligne Julien Courbet avant de pr\u00e9venir\u00a0: Je n\u2019irai pas dans son \u00e9mission en tant que chroniqueur car je ne veux plus l\u2019\u00eatre, chez lui ou ailleurs. Je l\u2019ai fait \u00e0 une \u00e9poque et je le remercie\u00bb. L\u2019animateur assure \u00eatre rest\u00e9 en bons termes avec Cyril Hanouna. \u00abJ\u2019ai la reconnaissance du ventre, vous ne m\u2019entendrez jamais dire du mal de lui, m\u00eame si certains aimeraient que je le fasse. Tout le temps que j\u2019ai travaill\u00e9 avec lui, je n\u2019avais pas de contrat. C\u2019est-\u00e0-dire que le lundi, je pouvais lui dire\u00a0: \u201cJe ne viens plus, c\u2019est termin\u00e9\u201d. Et lui, le lundi, il pouvait me dire\u00a0: \u201cTu ne viens plus demain\u201d. Personne ne m\u2019a oblig\u00e9 \u00e0 rester quatre ans, pas m\u00eame l\u2019aspect financier, et je suis rest\u00e9 en bons termes avec lui\u00bb, ajoute-t-il.<\/p>\n<blockquote class=\"fig-quote&#10;    \">\n<p class=\"fig-quote__text\">\u00ab Il a, je lui en ai parl\u00e9 et je l\u2019ai m\u00eame dit sur son plateau, des c\u00f4t\u00e9s chiants\u00a0\u00bb<\/p>\n<p>            Julien Courbet \u00e0 propos de Cyril Hanouna\n    <\/p><\/blockquote>\n<p class=\"fig-paragraph\">N\u00e9anmoins, Julien Courbet reconna\u00eet que Cyril Hanouna peut avoir un mauvais caract\u00e8re. \u00abIl a, je lui en ai parl\u00e9 et je l\u2019ai m\u00eame dit sur son plateau, des c\u00f4t\u00e9s chiants mais c\u2019\u00e9tait pareil avec Jacques Martin. Ce sont des g\u00e9nies cr\u00e9atifs mais ils sont angoiss\u00e9s et ils ont parfois besoin d\u2019\u00e9vacuer\u00bb, estime-t-il pr\u00e9cisant\u00a0: \u00ab\u00c7a ne me pose aucun probl\u00e8me qu\u2019il rejoigne le groupe M6, je suis heureux pour lui. C\u2019est quand m\u00eame un coup \u00e9norme pour le groupe puisqu\u2019il y a quand m\u00eame les audiences qu\u2019il fait\u00bb.<\/p>\n<p class=\"fig-body-link\">\n            \u00c0 lire aussi<br \/>\n        <a class=\"fig-body-link__link\" href=\"http:\/\/tvmag.lefigaro.fr\/programme-tv\/actu-tele\/il-ne-fera-pas-partie-de-la-chaine-karine-le-marchand-en-dit-plus-sur-l-arrivee-de-cyril-hanouna-a-m6-20250227\" target=\"_blank\" data-fig-type=\"Article\" rel=\"noopener nofollow\" data-gtm-custom-categorie=\"navigation\" data-gtm-custom-action=\"crossclick\" data-gtm-custom-label=\"Contextuel\" data-gtm-event=\"customEventSPE\" data-fig-domain=\"TVMAG\">\u00abIl ne fera pas partie de la cha\u00eene\u00bb\u00a0: Karine Le Marchand en dit plus sur l\u2019arriv\u00e9e de Cyril Hanouna \u00e0 M6<br \/>\n    <\/a>\n<\/p>\n<p class=\"fig-paragraph\">\u00c0 l\u2019annonce de l\u2019arriv\u00e9e de Cyril Hanouna, le sang de\u00a0<a href=\"https:\/\/www.lefigaro.fr\/tag\/karine-le-marchand\" target=\"_blank\" rel=\"noopener nofollow\" data-gtm-custom-categorie=\"navigation\" data-gtm-custom-action=\"crossclick\" data-gtm-custom-label=\"Contextuel\" data-gtm-event=\"customEventSPE\"><strong>Karine Le Marchand<\/strong><\/a>, que l\u2019animateur a tr\u00e8s souvent critiqu\u00e9 dans \u00abTPMP\u00bb,\u00a0<a href=\"http:\/\/tvmag.lefigaro.fr\/programme-tv\/people\/s-il-vient-je-m-en-vais-karine-le-marchand-met-son-veto-sur-l-arrivee-de-cyril-hanouna-dans-le-groupe-m6-20250124\" target=\"_blank\" data-fig-type=\"Article\" rel=\"noopener nofollow\" data-gtm-custom-categorie=\"navigation\" data-gtm-custom-action=\"crossclick\" data-gtm-custom-label=\"Contextuel\" data-gtm-event=\"customEventSPE\" data-fig-domain=\"TVMAG\">n\u2019avait fait qu\u2019un tour<\/a>\u00a0et s\u2019en \u00e9tait ouvertement exprim\u00e9. Une r\u00e9action qui n\u2019a pas \u00e9tonn\u00e9 Julien Courbet. \u00abBien s\u00fbr que je la comprends. Karine a souffert et elle a eu raison de dire \u00e0 notre patron qu\u2019elle ne pourra pas travailler avec lui et que, s\u2019ils se retrouvent sur la m\u00eame cha\u00eene, il va y avoir un souci\u00bb, nous r\u00e9pond-il. Et de rappeler\u00a0: \u00abMais \u00e7a a \u00e9t\u00e9 g\u00e9r\u00e9 intelligemment,\u00a0<a href=\"http:\/\/tvmag.lefigaro.fr\/programme-tv\/actu-tele\/si-on-doit-aller-chez-m6-hanouna-presente-ses-excuses-a-karine-le-marchand-qui-lui-repond-20250225\" target=\"_blank\" data-fig-type=\"Article\" rel=\"noopener nofollow\" data-gtm-custom-categorie=\"navigation\" data-gtm-custom-action=\"crossclick\" data-gtm-custom-label=\"Contextuel\" data-gtm-event=\"customEventSPE\" data-fig-domain=\"TVMAG\">Cyril a fait ses excuses<\/a> , \u00e7a n\u2019a pas d\u00fb \u00eatre facile pour lui. Je ne pense pas qu\u2019il se soit dit\u00a0: \u201cSi je ne le fais pas, je ne pourrai pas aller \u00e0 M6 et je ne vais pas gagner ma vie\u201d. Il est riche donc il l\u2019a fait parce qu\u2019il s\u2019est dit qu\u2019il avait \u00e9t\u00e9 un peu trop loin\u00bb.<\/p>\n","protected":false},"excerpt":{"rendered":"L\u2019animatrice de \u00abL\u2019amour est dans le pr\u00e9\u00bb et de \u00abLa France a incroyable talent\u00bb s\u2019est oppos\u00e9e farouchement \u00e0&hellip;\n","protected":false},"author":2,"featured_media":151575,"comment_status":"","ping_status":"","sticky":false,"template":"","format":"standard","meta":{"footnotes":""},"categories":[1356],"tags":[497,496,499,1083,58,59,1011,27,10950,5413,494,500,504,505,495,503,502,501,252,1364,498],"class_list":{"0":"post-151574","1":"post","2":"type-post","3":"status-publish","4":"format-standard","5":"has-post-thumbnail","7":"category-television","8":"tag-actu-tv","9":"tag-actualite-tv","10":"tag-buzz-tv","11":"tag-cyril-hanouna","12":"tag-divertissement","13":"tag-entertainment","14":"tag-fr","15":"tag-france","16":"tag-julien-courbet","17":"tag-karine-le-marchand","18":"tag-m6","19":"tag-medias","20":"tag-news-tele","21":"tag-news-television","22":"tag-news-tv","23":"tag-programme-tele","24":"tag-programme-tv","25":"tag-quiz-tv","26":"tag-television","27":"tag-tv","28":"tag-tv-actu"},"share_on_mastodon":{"url":"https:\/\/pubeurope.com\/@fr\/114625476371500535","error":""},"_links":{"self":[{"href":"https:\/\/www.europesays.com\/fr\/wp-json\/wp\/v2\/posts\/151574","targetHints":{"allow":["GET"]}}],"collection":[{"href":"https:\/\/www.europesays.com\/fr\/wp-json\/wp\/v2\/posts"}],"about":[{"href":"https:\/\/www.europesays.com\/fr\/wp-json\/wp\/v2\/types\/post"}],"author":[{"embeddable":true,"href":"https:\/\/www.europesays.com\/fr\/wp-json\/wp\/v2\/users\/2"}],"replies":[{"embeddable":true,"href":"https:\/\/www.europesays.com\/fr\/wp-json\/wp\/v2\/comments?post=151574"}],"version-history":[{"count":0,"href":"https:\/\/www.europesays.com\/fr\/wp-json\/wp\/v2\/posts\/151574\/revisions"}],"wp:featuredmedia":[{"embeddable":true,"href":"https:\/\/www.europesays.com\/fr\/wp-json\/wp\/v2\/media\/151575"}],"wp:attachment":[{"href":"https:\/\/www.europesays.com\/fr\/wp-json\/wp\/v2\/media?parent=151574"}],"wp:term":[{"taxonomy":"category","embeddable":true,"href":"https:\/\/www.europesays.com\/fr\/wp-json\/wp\/v2\/categories?post=151574"},{"taxonomy":"post_tag","embeddable":true,"href":"https:\/\/www.europesays.com\/fr\/wp-json\/wp\/v2\/tags?post=151574"}],"curies":[{"name":"wp","href":"https:\/\/api.w.org\/{rel}","templated":true}]}}