{"id":151576,"date":"2025-06-04T14:05:10","date_gmt":"2025-06-04T14:05:10","guid":{"rendered":"https:\/\/www.europesays.com\/fr\/151576\/"},"modified":"2025-06-04T14:05:10","modified_gmt":"2025-06-04T14:05:10","slug":"on-ne-peut-plus-te-defendre-justin-bieber-devoile-de-troublantes-publications-sur-instagram-ses-fans-le-prient-de-seloigner-des-reseaux-sociaux","status":"publish","type":"post","link":"https:\/\/www.europesays.com\/fr\/151576\/","title":{"rendered":"\u00ab\u00a0On ne peut plus te d\u00e9fendre\u00a0\u00bb : Justin Bieber d\u00e9voile de troublantes publications sur Instagram, ses fans le prient de s&rsquo;\u00e9loigner des r\u00e9seaux sociaux"},"content":{"rendered":"<p class=\"ap-StoryElement ap-StoryElement--mb ap-StoryText\">Alors qu&rsquo;il a connu une p\u00e9riode d&rsquo;immense popularit\u00e9 dans le courant des ann\u00e9es 2010, Justin Bieber semble traverser une passe difficile. Depuis plusieurs semaines, ses fans s&rsquo;inqui\u00e8tent quant \u00e0 son \u00e9tat de sant\u00e9, mais aussi son comportement, qui parait de plus en plus \u00e9trange.<\/p>\n<p class=\"ap-StoryElement ap-StoryElement--mb ap-StoryText\">R\u00e9cemment, le chanteur de \u00ab\u00a0Baby\u00a0\u00bb a ainsi fait part de propos offensants, qu&rsquo;il avait tenus envers son \u00e9pouse, Hailey Bieber. \u00ab\u00a0Tu ne feras jamais la couverture de Vogue\u00a0\u00bb, lui avait-il dit lors d&rsquo;une dispute. Justin Bieber a bien \u00e9t\u00e9 oblig\u00e9 de reconnaitre qu&rsquo;il avait tort, lorsque la top model est effectivement apparue sur la premi\u00e8re page du c\u00e9l\u00e8bre magazine. Un peu plus t\u00f4t, une photo sur laquelle le chanteur apparaissait en arri\u00e8re-plan a suscit\u00e9 l&rsquo;inqui\u00e9tude de ses fans. On y apercevait Justin Bieber en train de <a href=\"https:\/\/www.parismatch.be\/actualites\/people\/2025\/05\/06\/il-pourrait-au-moins-eviter-de-safficher-comme-ca-une-photo-compromettante-de-justin-bieber-publiee-par-erreur-provoque-une-vive-polemique-F6HEMHQNYZDANPCYQLPG2YP4OI\/\" target=\"_blank\" rel=\"noopener\">fumer du cannabis<\/a>. Si ces \u00e9v\u00e9nements sont d\u00e9sormais pass\u00e9s, de nouvelles publications ont provoqu\u00e9 une vague de commentaires \u00e0 destination de la star.<\/p>\n<p><a href=\"https:\/\/www.parismatch.be\/actualites\/people\/2025\/05\/30\/hailey-bieber-a-vendu-sa-marque-de-cosmetiques-rhode-voici-le-montant-astronomique-de-la-transaction-REXASCQGPFCNVG4OTV3Q33UO7Q\/\" target=\"_blank\" rel=\"noopener noreferrer\" class=\"ap-StoryInterstitialLink ap-StoryElement ap-StoryElement--mb\">Hailey Bieber a vendu sa marque de cosm\u00e9tiques, Rhode : voici le montant astronomique de la transaction<\/a>\u00ab\u00a0Tu as besoin d&rsquo;une pause des r\u00e9seaux\u00a0\u00bb<\/p>\n<p class=\"ap-StoryElement ap-StoryElement--mb ap-StoryText\">Ce mardi 3 juin, Justin Bieber a publi\u00e9 trois posts successifs sur son compte Instagram, suivi par 294 millions de followers. Sur les deux premiers, l&rsquo;artiste a \u00e9crit des phrases sur un fond rose, expliquant visiblement le fond de sa pens\u00e9e. \u00ab\u00a0Qui \u00eates-vous pour dire aux gens ce qu&rsquo;ils doivent faire ou non ? L&rsquo;audace. Ce n&rsquo;est pas votre place. Dieu d\u00e9cide ce que nous m\u00e9ritons\u00a0\u00bb, peut-on lire sur la premi\u00e8re publication.<\/p>\n<p class=\"ap-StoryElement ap-StoryElement--mb ap-StoryText\">\u00ab\u00a0Cessez d&rsquo;utiliser la loyaut\u00e9 pour garder les gens autour de vous \u00e0 cause de vos propres peurs. Les mafieux utilisent la loyaut\u00e9 pour garder les gens dans leurs gangs. Ne laissez pas perp\u00e9tuer ce langage manipulateur. L&rsquo;amour doit toujours primer sur la loyaut\u00e9\u00a0\u00bb, \u00e9crit-il ensuite. La troisi\u00e8me publication est un selfie de Justin Bieber, pris en contre-plong\u00e9e et sur lequel le chanteur fait un doigt d&rsquo;honneur. \u00ab\u00a0Vous n&rsquo;avez pas le droit de d\u00e9cider de qui est digne ou de qui m\u00e9rite quoi. Dieu le fait\u00a0\u00bb, lit-on dans la l\u00e9gende, en lettres capitales.<\/p>\n<p class=\"ap-StoryElement ap-StoryElement--mb ap-StoryText\">Face \u00e0 cette vague de publications, les abonn\u00e9s du chanteur se sont vite exprim\u00e9s. \u00ab\u00a0Dieu m&rsquo;a dit que tu devrais prendre une pause des r\u00e9seaux sociaux\u00a0\u00bb, a comment\u00e9 un utilisateur. Cette suggestion a \u00e9t\u00e9 lik\u00e9e \u00e0 pr\u00e8s de 35 000 reprises. \u00ab\u00a0Tu as besoin d&rsquo;une th\u00e9rapie\u00a0\u00bb, \u00ab\u00a0dans son \u00e8re Kanye West\u00a0\u00bb, \u00ab\u00a0on ne peut plus te d\u00e9fendre\u00a0\u00bb, ont r\u00e9agi d&rsquo;autres internautes. Justin Bieber n&rsquo;a pas fini d&rsquo;inqui\u00e9ter ses fans.<\/p>\n<p><a href=\"https:\/\/www.parismatch.be\/actualites\/people\/2025\/05\/21\/tu-ne-feras-jamais-la-couverture-de-vogue-justin-bieber-rattrape-par-ses-propos-sexcuse-aupres-de-son-epouse-6LL2CEOVJBDODKW5C7ZBEWVUCI\/\" target=\"_blank\" rel=\"noopener noreferrer\" class=\"ap-StoryInterstitialLink ap-StoryElement ap-StoryElement--mb\">\u00ab\u00a0Tu ne feras jamais la couverture de Vogue\u00a0\u00bb : Justin Bieber, rattrap\u00e9 par ses propos, s&rsquo;excuse aupr\u00e8s de son \u00e9pouse<\/a><\/p>\n","protected":false},"excerpt":{"rendered":"Alors qu&rsquo;il a connu une p\u00e9riode d&rsquo;immense popularit\u00e9 dans le courant des ann\u00e9es 2010, Justin Bieber semble traverser&hellip;\n","protected":false},"author":2,"featured_media":56625,"comment_status":"","ping_status":"","sticky":false,"template":"","format":"standard","meta":{"footnotes":""},"categories":[1355],"tags":[58,59,1011,27,28087,2440,7317,1361,873],"class_list":{"0":"post-151576","1":"post","2":"type-post","3":"status-publish","4":"format-standard","5":"has-post-thumbnail","7":"category-musique","8":"tag-divertissement","9":"tag-entertainment","10":"tag-fr","11":"tag-france","12":"tag-hailey-biber","13":"tag-instagram","14":"tag-justin-bieber","15":"tag-music","16":"tag-musique"},"share_on_mastodon":{"url":"https:\/\/pubeurope.com\/@fr\/114625480746835843","error":""},"_links":{"self":[{"href":"https:\/\/www.europesays.com\/fr\/wp-json\/wp\/v2\/posts\/151576","targetHints":{"allow":["GET"]}}],"collection":[{"href":"https:\/\/www.europesays.com\/fr\/wp-json\/wp\/v2\/posts"}],"about":[{"href":"https:\/\/www.europesays.com\/fr\/wp-json\/wp\/v2\/types\/post"}],"author":[{"embeddable":true,"href":"https:\/\/www.europesays.com\/fr\/wp-json\/wp\/v2\/users\/2"}],"replies":[{"embeddable":true,"href":"https:\/\/www.europesays.com\/fr\/wp-json\/wp\/v2\/comments?post=151576"}],"version-history":[{"count":0,"href":"https:\/\/www.europesays.com\/fr\/wp-json\/wp\/v2\/posts\/151576\/revisions"}],"wp:featuredmedia":[{"embeddable":true,"href":"https:\/\/www.europesays.com\/fr\/wp-json\/wp\/v2\/media\/56625"}],"wp:attachment":[{"href":"https:\/\/www.europesays.com\/fr\/wp-json\/wp\/v2\/media?parent=151576"}],"wp:term":[{"taxonomy":"category","embeddable":true,"href":"https:\/\/www.europesays.com\/fr\/wp-json\/wp\/v2\/categories?post=151576"},{"taxonomy":"post_tag","embeddable":true,"href":"https:\/\/www.europesays.com\/fr\/wp-json\/wp\/v2\/tags?post=151576"}],"curies":[{"name":"wp","href":"https:\/\/api.w.org\/{rel}","templated":true}]}}