{"id":15158,"date":"2025-04-10T14:20:09","date_gmt":"2025-04-10T14:20:09","guid":{"rendered":"https:\/\/www.europesays.com\/fr\/15158\/"},"modified":"2025-04-10T14:20:09","modified_gmt":"2025-04-10T14:20:09","slug":"direct-psg-leurope-prend-un-pied-pas-possible-a-regarder-cette-equipe","status":"publish","type":"post","link":"https:\/\/www.europesays.com\/fr\/15158\/","title":{"rendered":"DIRECT. PSG : \u00ab L&rsquo;Europe prend un pied pas possible \u00e0 regarder cette \u00e9quipe \u00bb"},"content":{"rendered":"<p class=\"col subheadline margin_bottom_subheadline\">Malgr\u00e9 un but encaiss\u00e9 contre le cours du jeu, l&rsquo;\u00e9quipe parisienne s&rsquo;est impos\u00e9e en quart de finale de Ligue des champions, hier, face \u00e0 Aston Villa  (3-1) et a une nouvelle fois \u00e9bloui. Apr\u00e8s cette victoire \u00e9clatante et avant le match retour de mardi, Dominique S\u00e9v\u00e9rac r\u00e9pondra \u00e0 toutes vos questions ce jeudi 10 avril \u00e0 partir de 12 h.<\/p>\n<p>Par <a href=\"https:\/\/www.leparisien.fr\/auteur\/dominique-severac\/\" class=\"author_link\" rel=\"nofollow noopener\" target=\"_blank\">Dominique S\u00e9v\u00e9rac<\/a>\u00a0<\/p>\n<p>Le 10 avril 2025 \u00e0 10h05, modifi\u00e9 le 10 avril 2025 \u00e0 16h15<\/p>\n","protected":false},"excerpt":{"rendered":"Malgr\u00e9 un but encaiss\u00e9 contre le cours du jeu, l&rsquo;\u00e9quipe parisienne s&rsquo;est impos\u00e9e en quart de finale de&hellip;\n","protected":false},"author":2,"featured_media":15159,"comment_status":"","ping_status":"","sticky":false,"template":"","format":"standard","meta":{"footnotes":""},"categories":[1586],"tags":[11,1777,674,1011,27,447,820,12,93,25],"class_list":{"0":"post-15158","1":"post","2":"type-post","3":"status-publish","4":"format-standard","5":"has-post-thumbnail","7":"category-europe","8":"tag-actualites","9":"tag-eu","10":"tag-europe","11":"tag-fr","12":"tag-france","13":"tag-ligue-des-champions","14":"tag-live","15":"tag-news","16":"tag-psg","17":"tag-republique-francaise"},"share_on_mastodon":{"url":"https:\/\/pubeurope.com\/@fr\/114314112239123957","error":""},"_links":{"self":[{"href":"https:\/\/www.europesays.com\/fr\/wp-json\/wp\/v2\/posts\/15158","targetHints":{"allow":["GET"]}}],"collection":[{"href":"https:\/\/www.europesays.com\/fr\/wp-json\/wp\/v2\/posts"}],"about":[{"href":"https:\/\/www.europesays.com\/fr\/wp-json\/wp\/v2\/types\/post"}],"author":[{"embeddable":true,"href":"https:\/\/www.europesays.com\/fr\/wp-json\/wp\/v2\/users\/2"}],"replies":[{"embeddable":true,"href":"https:\/\/www.europesays.com\/fr\/wp-json\/wp\/v2\/comments?post=15158"}],"version-history":[{"count":0,"href":"https:\/\/www.europesays.com\/fr\/wp-json\/wp\/v2\/posts\/15158\/revisions"}],"wp:featuredmedia":[{"embeddable":true,"href":"https:\/\/www.europesays.com\/fr\/wp-json\/wp\/v2\/media\/15159"}],"wp:attachment":[{"href":"https:\/\/www.europesays.com\/fr\/wp-json\/wp\/v2\/media?parent=15158"}],"wp:term":[{"taxonomy":"category","embeddable":true,"href":"https:\/\/www.europesays.com\/fr\/wp-json\/wp\/v2\/categories?post=15158"},{"taxonomy":"post_tag","embeddable":true,"href":"https:\/\/www.europesays.com\/fr\/wp-json\/wp\/v2\/tags?post=15158"}],"curies":[{"name":"wp","href":"https:\/\/api.w.org\/{rel}","templated":true}]}}