{"id":151582,"date":"2025-06-04T14:09:10","date_gmt":"2025-06-04T14:09:10","guid":{"rendered":"https:\/\/www.europesays.com\/fr\/151582\/"},"modified":"2025-06-04T14:09:10","modified_gmt":"2025-06-04T14:09:10","slug":"en-direct-mort-de-philippe-labro-rtl-rend-hommage-au-journaliste","status":"publish","type":"post","link":"https:\/\/www.europesays.com\/fr\/151582\/","title":{"rendered":"EN DIRECT &#8211; Mort de Philippe Labro : RTL rend hommage au journaliste"},"content":{"rendered":"<p>                la recontre avec Johnny Hallyday<\/p>\n<p>Philippe Labro a \u00e9crit une chanson pour Johnny Hallyday. C&rsquo;est leur passion commune du cin\u00e9ma a \u00e9t\u00e9 le ciment de leur rencontre. <\/p>\n<p>En 1969, les deux hommes se rencontrent. Philippe Labro venait de sortir son premier film, Tout peut arriver. La musique avait \u00e9t\u00e9 faite par Eddie Vartan, le fr\u00e8re de Sylvie Vartan, donc le beau-fr\u00e8re de Johnny Hallyday. <\/p>\n<p>Johnny Hallyday \u00e9tait invit\u00e9 \u00e0 l&rsquo;avant-premi\u00e8re. \u00c0 la sortie du film, Johnny avait bombard\u00e9 de questions Philippe Labro. Ils avaient pass\u00e9 un temps fou \u00e0 parler de Brando, de James Dean&#8230; <\/p>\n<p>Leur collaboration commence au moment o\u00f9 Johnny Hallyday veut faire un album soci\u00e9tal. Politique, contestation, \u00e9cologie.. L&rsquo;album Vie sera \u00e0 part dans la discographie de l&rsquo;artiste. Cinq chansons sont \u00e9crites par le journaliste, dont une qui va faire scandale, J\u00e9sus-Christ. <\/p>\n<p>    Partager<\/p>\n","protected":false},"excerpt":{"rendered":"la recontre avec Johnny Hallyday Philippe Labro a \u00e9crit une chanson pour Johnny Hallyday. C&rsquo;est leur passion commune&hellip;\n","protected":false},"author":2,"featured_media":151583,"comment_status":"","ping_status":"","sticky":false,"template":"","format":"standard","meta":{"footnotes":""},"categories":[8],"tags":[898,58,59,107,1011,27,500,1825],"class_list":{"0":"post-151582","1":"post","2":"type-post","3":"status-publish","4":"format-standard","5":"has-post-thumbnail","7":"category-divertissement","8":"tag-alerte","9":"tag-divertissement","10":"tag-entertainment","11":"tag-fil-info","12":"tag-fr","13":"tag-france","14":"tag-medias","15":"tag-radio"},"share_on_mastodon":{"url":"https:\/\/pubeurope.com\/@fr\/114625495930502142","error":""},"_links":{"self":[{"href":"https:\/\/www.europesays.com\/fr\/wp-json\/wp\/v2\/posts\/151582","targetHints":{"allow":["GET"]}}],"collection":[{"href":"https:\/\/www.europesays.com\/fr\/wp-json\/wp\/v2\/posts"}],"about":[{"href":"https:\/\/www.europesays.com\/fr\/wp-json\/wp\/v2\/types\/post"}],"author":[{"embeddable":true,"href":"https:\/\/www.europesays.com\/fr\/wp-json\/wp\/v2\/users\/2"}],"replies":[{"embeddable":true,"href":"https:\/\/www.europesays.com\/fr\/wp-json\/wp\/v2\/comments?post=151582"}],"version-history":[{"count":0,"href":"https:\/\/www.europesays.com\/fr\/wp-json\/wp\/v2\/posts\/151582\/revisions"}],"wp:featuredmedia":[{"embeddable":true,"href":"https:\/\/www.europesays.com\/fr\/wp-json\/wp\/v2\/media\/151583"}],"wp:attachment":[{"href":"https:\/\/www.europesays.com\/fr\/wp-json\/wp\/v2\/media?parent=151582"}],"wp:term":[{"taxonomy":"category","embeddable":true,"href":"https:\/\/www.europesays.com\/fr\/wp-json\/wp\/v2\/categories?post=151582"},{"taxonomy":"post_tag","embeddable":true,"href":"https:\/\/www.europesays.com\/fr\/wp-json\/wp\/v2\/tags?post=151582"}],"curies":[{"name":"wp","href":"https:\/\/api.w.org\/{rel}","templated":true}]}}