{"id":151586,"date":"2025-06-04T14:11:09","date_gmt":"2025-06-04T14:11:09","guid":{"rendered":"https:\/\/www.europesays.com\/fr\/151586\/"},"modified":"2025-06-04T14:11:09","modified_gmt":"2025-06-04T14:11:09","slug":"en-france-les-sites-pornographiques-vont-au-bras-de-fer-avec-le-gouvernement","status":"publish","type":"post","link":"https:\/\/www.europesays.com\/fr\/151586\/","title":{"rendered":"En France, les sites pornographiques vont au bras de fer avec le gouvernement"},"content":{"rendered":"\n<p>Les sites pornographiques \u201cbrandissent l\u2019\u00e9tendard de la r\u00e9volte\u201d en France, <a class=\"ithalc\" data-ithal=\"lien_externe\" data-ithalc=\"[nav_article]\" target=\"_blank\" href=\"https:\/\/www.ilgiornale.it\/news\/cronaca-internazionale\/no-legge-e-sui-siti-porno-scoppia-caos-2489143.html\" rel=\"noopener\">\u00e9crit <strong>Il\u00a0Giornale<\/strong><\/a><strong>.<\/strong> Mardi 3\u00a0juin, l\u2019entreprise sp\u00e9cialis\u00e9e dans la pornographie Aylo \u2013 notamment propri\u00e9taire des sites PornHub, RedTube et YouPorn \u2013 a annonc\u00e9 retirer l\u2019acc\u00e8s des utilisateurs fran\u00e7ais \u00e0 ses sites \u00e0 compter du 4\u00a0juin. Une r\u00e9action \u00e0 la nouvelle l\u00e9gislation fran\u00e7aise qui impose aux sites proposant du contenu X un renforcement de la v\u00e9rification de l\u2019\u00e2ge des visiteurs.<\/p>\n<p>Cette r\u00e9glementation, issue de la loi pour s\u00e9curiser l\u2019espace num\u00e9rique (SREN) promulgu\u00e9e le 21\u00a0mai 2024, avait \u201cfait tiquer les propri\u00e9taires de sites pour adultes\u201d, rappelle le journal conservateur italien.<\/p>\n<p>Obligatoires depuis le 11\u00a0janvier 2025, ces nouvelles mesures de v\u00e9rification d\u2019\u00e2ge \u00e9taient sous le coup de sanctions de la part de l\u2019Arcom \u00e0 partir du 6\u00a0juin. C\u2019est donc trois jours avant cette date fatidique qu\u2019est intervenue \u201cla r\u00e9action ferme et claire des sites pornographiques\u201d, note le quotidien milanais. Et \u201ctout laisse \u00e0 penser que le bras de fer va durer\u201d.<\/p>\n<p> Une op\u00e9ration aux airs de lobbying <\/p>\n<p>En effet, plus qu\u2019un simple retrait d\u2019Internet, les sites pornographiques ont pr\u00e9vu qu\u2019\u201cau lieu de l\u2019\u00e9cran habituel d\u2019acc\u00e8s aux sites, il y aurait un texte accusant le gouvern<\/p>\n","protected":false},"excerpt":{"rendered":"Les sites pornographiques \u201cbrandissent l\u2019\u00e9tendard de la r\u00e9volte\u201d en France, \u00e9crit Il\u00a0Giornale. Mardi 3\u00a0juin, l\u2019entreprise sp\u00e9cialis\u00e9e dans la&hellip;\n","protected":false},"author":2,"featured_media":151587,"comment_status":"","ping_status":"","sticky":false,"template":"","format":"standard","meta":{"footnotes":""},"categories":[6],"tags":[35,33,34,674,1011,27,3821,24874,17215,15436,1857],"class_list":{"0":"post-151586","1":"post","2":"type-post","3":"status-publish","4":"format-standard","5":"has-post-thumbnail","7":"category-economie","8":"tag-business","9":"tag-economie","10":"tag-economy","11":"tag-europe","12":"tag-fr","13":"tag-france","14":"tag-la-france-vue-de-lu2019u00e9tranger","15":"tag-pornographie","16":"tag-protection-des-donnu00e9es","17":"tag-sexe","18":"tag-sociu00e9tu00e9"},"share_on_mastodon":{"url":"https:\/\/pubeurope.com\/@fr\/114625503741236402","error":""},"_links":{"self":[{"href":"https:\/\/www.europesays.com\/fr\/wp-json\/wp\/v2\/posts\/151586","targetHints":{"allow":["GET"]}}],"collection":[{"href":"https:\/\/www.europesays.com\/fr\/wp-json\/wp\/v2\/posts"}],"about":[{"href":"https:\/\/www.europesays.com\/fr\/wp-json\/wp\/v2\/types\/post"}],"author":[{"embeddable":true,"href":"https:\/\/www.europesays.com\/fr\/wp-json\/wp\/v2\/users\/2"}],"replies":[{"embeddable":true,"href":"https:\/\/www.europesays.com\/fr\/wp-json\/wp\/v2\/comments?post=151586"}],"version-history":[{"count":0,"href":"https:\/\/www.europesays.com\/fr\/wp-json\/wp\/v2\/posts\/151586\/revisions"}],"wp:featuredmedia":[{"embeddable":true,"href":"https:\/\/www.europesays.com\/fr\/wp-json\/wp\/v2\/media\/151587"}],"wp:attachment":[{"href":"https:\/\/www.europesays.com\/fr\/wp-json\/wp\/v2\/media?parent=151586"}],"wp:term":[{"taxonomy":"category","embeddable":true,"href":"https:\/\/www.europesays.com\/fr\/wp-json\/wp\/v2\/categories?post=151586"},{"taxonomy":"post_tag","embeddable":true,"href":"https:\/\/www.europesays.com\/fr\/wp-json\/wp\/v2\/tags?post=151586"}],"curies":[{"name":"wp","href":"https:\/\/api.w.org\/{rel}","templated":true}]}}