{"id":151588,"date":"2025-06-04T14:12:09","date_gmt":"2025-06-04T14:12:09","guid":{"rendered":"https:\/\/www.europesays.com\/fr\/151588\/"},"modified":"2025-06-04T14:12:09","modified_gmt":"2025-06-04T14:12:09","slug":"la-bulgarie-sapprete-a-devenir-le-21e-etat-a-adopter-leuro-au-1er-janvier-2026","status":"publish","type":"post","link":"https:\/\/www.europesays.com\/fr\/151588\/","title":{"rendered":"La Bulgarie s\u2019appr\u00eate \u00e0 devenir le 21e \u00c9tat \u00e0 adopter l\u2019euro au 1er janvier 2026"},"content":{"rendered":"<p>La Commission europ\u00e9enne et la BCE ont valid\u00e9 l\u2019adh\u00e9sion du pays, qui remplit d\u00e9sormais tous les crit\u00e8res techniques. L\u2019adoption de l\u2019euro par le pays sera formalis\u00e9e d\u00e9but juillet par les ministres des Finances de l\u2019UE.<\/p>\n<p class=\"fig-paragraph\">La Commission europ\u00e9enne a annonc\u00e9 mercredi que la\u00a0<a href=\"http:\/\/www.lefigaro.fr\/flash-eco\/alstom-fournira-35-trains-a-la-bulgarie-contre-un-cheque-de-600-millions-d-euros-20250425\" target=\"_blank\" data-fig-type=\"NewsFlash\" rel=\"noopener nofollow\" data-gtm-custom-categorie=\"navigation\" data-gtm-custom-action=\"crossclick\" data-gtm-custom-label=\"Contextuel\" data-gtm-event=\"customEventSPE\" data-fig-domain=\"LEFIGARO\">Bulgarie<\/a>\u00a0remplissait les conditions pour adopter la monnaie unique au 1er janvier 2026, ce qui en fera le 21e membre de la zone euro, trois ans apr\u00e8s l&rsquo;entr\u00e9e de la Croatie. La d\u00e9cision formelle doit \u00eatre prise le 8 juillet par les ministres des Finances de l\u2019UE, mais aucune opposition n\u2019est attendue, alors que ce pays de 6,4 millions d\u2019habitants, le plus pauvre du bloc, respecte l\u2019ensemble des crit\u00e8res techniques.<\/p>\n<p class=\"fig-paragraph\">La Banque centrale europ\u00e9enne (BCE) a \u00e9galement rendu mercredi un avis positif. \u00abF\u00e9licitations Bulgarie!\u00bb, a lanc\u00e9 la pr\u00e9sidente de la Commission, Ursula von der Leyen. \u00abGr\u00e2ce \u00e0 l\u2019euro, l\u2019\u00e9conomie bulgare deviendra plus forte, avec plus d\u2019\u00e9changes avec les partenaires de la zone euro, plus d\u2019investissements directs \u00e9trangers, un acc\u00e8s am\u00e9lior\u00e9 aux financements, plus d\u2019emplois de qualit\u00e9 et de meilleurs revenus\u00bb, a-t-elle d\u00e9clar\u00e9 dans un communiqu\u00e9. Le premier ministre bulgare salue, quant \u00e0 lui, \u00abun jour exceptionnel\u00bb.<\/p>\n<p class=\"fig-paragraph\">Dans ce pays membre de l\u2019Union europ\u00e9enne depuis 2007, la perspective de rejoindre la monnaie unique est pourtant loin de faire l\u2019unanimit\u00e9. Des milliers de personnes se sont rassembl\u00e9es samedi \u00e0 Sofia pour dire leur opposition. Le projet alimente la crainte d\u2019une flamb\u00e9e des prix et nourrit la col\u00e8re des europhobes. Selon des sondages r\u00e9cents, pr\u00e8s de la moiti\u00e9 des personnes interrog\u00e9es refuse l\u2019entr\u00e9e du pays dans la zone euro d\u00e8s l\u2019an prochain.<\/p>\n<p>Opposition d\u2019une partie de la population<\/p>\n<p class=\"fig-paragraph\">Dans un rapport publi\u00e9 mercredi, \u00e0 la demande de Sofia, la Commission europ\u00e9enne a toutefois conclu que la Bulgarie remplissait \u00ables conditions pour adopter la monnaie unique\u00bb. Ces crit\u00e8res \u00e9conomiques incluent la stabilit\u00e9 des prix, des finances publiques saines, une stabilit\u00e9 de la devise nationale (le lev), et des taux d\u2019int\u00e9r\u00eat qui ne divergent pas trop des autres pays de l\u2019UE.<\/p>\n<p class=\"fig-paragraph\">La monnaie unique europ\u00e9enne a \u00e9t\u00e9 cr\u00e9\u00e9e au 1er janvier 1999 pour les transactions \u00e9lectroniques. Mais elle a pris une forme concr\u00e8te en 2002, avec la mise en circulation des pi\u00e8ces et des billets, en remplacement des devises nationales de 12 \u00c9tats membres de l\u2019UE dont l\u2019Allemagne, la France, l\u2019Italie et l\u2019Espagne. Ils ont \u00e9t\u00e9 rejoints plus tard par huit autres pays: la Slov\u00e9nie en 2007, Chypre et Malte en 2008, la Slovaquie (2009), l\u2019Estonie (2011), la Lettonie (2014), la Lituanie (2015) et la Croatie en 2023.<\/p>\n<p class=\"fig-paragraph\">La zone euro rassemble d\u00e9j\u00e0 350 millions d\u2019habitants, en attendant la Bulgarie. La monnaie unique est un symbole d\u2019unit\u00e9 et de souverainet\u00e9 europ\u00e9ennes. Tous les pays de l\u2019UE se sont engag\u00e9s en th\u00e9orie \u00e0 y adh\u00e9rer d\u00e8s qu\u2019ils remplissent les conditions mais aucun calendrier n\u2019est fix\u00e9. Seule exception: le Danemark qui a n\u00e9goci\u00e9 une exemption apr\u00e8s un r\u00e9f\u00e9rendum ayant rejet\u00e9 l\u2019euro en 2000.<\/p>\n","protected":false},"excerpt":{"rendered":"La Commission europ\u00e9enne et la BCE ont valid\u00e9 l\u2019adh\u00e9sion du pays, qui remplit d\u00e9sormais tous les crit\u00e8res techniques.&hellip;\n","protected":false},"author":2,"featured_media":151589,"comment_status":"","ping_status":"","sticky":false,"template":"","format":"standard","meta":{"footnotes":""},"categories":[5],"tags":[339,11,340,9043,343,345,2196,350,130,344,352,349,33,341,313,450,1011,27,346,342,14,353,351,347,12,348,354,28],"class_list":{"0":"post-151588","1":"post","2":"type-post","3":"status-publish","4":"format-standard","5":"has-post-thumbnail","7":"category-international","8":"tag-actualite-economique","9":"tag-actualites","10":"tag-bourse","11":"tag-bulgarie","12":"tag-cac-40","13":"tag-chef-dentreprise","14":"tag-commission-europeenne","15":"tag-concurrence","16":"tag-consommation","17":"tag-creation-dentreprise","18":"tag-crise","19":"tag-delocalisations","20":"tag-economie","21":"tag-emploi","22":"tag-entreprises","23":"tag-euro","24":"tag-fr","25":"tag-france","26":"tag-grands-patrons","27":"tag-impots","28":"tag-international","29":"tag-licenciements","30":"tag-monopole","31":"tag-multinationales","32":"tag-news","33":"tag-privatisation","34":"tag-unio","35":"tag-world"},"share_on_mastodon":{"url":"https:\/\/pubeurope.com\/@fr\/114625507781897695","error":""},"_links":{"self":[{"href":"https:\/\/www.europesays.com\/fr\/wp-json\/wp\/v2\/posts\/151588","targetHints":{"allow":["GET"]}}],"collection":[{"href":"https:\/\/www.europesays.com\/fr\/wp-json\/wp\/v2\/posts"}],"about":[{"href":"https:\/\/www.europesays.com\/fr\/wp-json\/wp\/v2\/types\/post"}],"author":[{"embeddable":true,"href":"https:\/\/www.europesays.com\/fr\/wp-json\/wp\/v2\/users\/2"}],"replies":[{"embeddable":true,"href":"https:\/\/www.europesays.com\/fr\/wp-json\/wp\/v2\/comments?post=151588"}],"version-history":[{"count":0,"href":"https:\/\/www.europesays.com\/fr\/wp-json\/wp\/v2\/posts\/151588\/revisions"}],"wp:featuredmedia":[{"embeddable":true,"href":"https:\/\/www.europesays.com\/fr\/wp-json\/wp\/v2\/media\/151589"}],"wp:attachment":[{"href":"https:\/\/www.europesays.com\/fr\/wp-json\/wp\/v2\/media?parent=151588"}],"wp:term":[{"taxonomy":"category","embeddable":true,"href":"https:\/\/www.europesays.com\/fr\/wp-json\/wp\/v2\/categories?post=151588"},{"taxonomy":"post_tag","embeddable":true,"href":"https:\/\/www.europesays.com\/fr\/wp-json\/wp\/v2\/tags?post=151588"}],"curies":[{"name":"wp","href":"https:\/\/api.w.org\/{rel}","templated":true}]}}