{"id":151590,"date":"2025-06-04T14:13:08","date_gmt":"2025-06-04T14:13:08","guid":{"rendered":"https:\/\/www.europesays.com\/fr\/151590\/"},"modified":"2025-06-04T14:13:08","modified_gmt":"2025-06-04T14:13:08","slug":"le-president-de-luniversite-denonce-le-choix-inutilement-provocateur-de-laffiche","status":"publish","type":"post","link":"https:\/\/www.europesays.com\/fr\/151590\/","title":{"rendered":"le pr\u00e9sident de l\u2019universit\u00e9 d\u00e9nonce le choix \u00abinutilement provocateur\u00bb de l\u2019affiche"},"content":{"rendered":"<p>La direction de l\u2019\u00e9tablissement a demand\u00e9 le retrait de cette affiche qui utilisait une peinture de l\u2019Annonciation pour illustrer une conf\u00e9rence sur les \u00abatteintes\u00bb \u00e0 la GPA.<\/p>\n<p class=\"fig-paragraph\"><a href=\"http:\/\/www.lefigaro.fr\/l-affiche-d-un-colloque-de-droit-sur-les-nouvelles-atteintes-a-la-gpa-illustree-par-une-peinture-de-l-annonciation-20250602\" data-fig-type=\"NewsFlash\" data-gtm-custom-categorie=\"navigation\" data-gtm-custom-action=\"crossclick\" data-gtm-custom-label=\"Contextuel\" data-gtm-event=\"customEventSPE\" data-fig-domain=\"LEFIGARO\" target=\"_blank\" rel=\"noopener\">L\u2019\u00e9trange affiche d\u2019un colloque<\/a>\u00a0sur les \u00abnouvelles r\u00e9sistances \u00e0 la gestation pour autrui\u00bb, h\u00e9berg\u00e9 le mardi 11 juin prochain par l\u2019universit\u00e9 Paris Panth\u00e9on Assas, avait suscit\u00e9 de vives critiques sur les r\u00e9seaux sociaux. On y voit une peinture de l\u2019Annonciation, \u00e9pisode de l\u2019\u00c9vangile o\u00f9 l\u2019ange Gabriel annonce \u00e0 Marie sa maternit\u00e9 divine. Le pr\u00e9sident de la c\u00e9l\u00e8bre facult\u00e9 de droit,\u00a0<a href=\"https:\/\/etudiant.lefigaro.fr\/article\/etudes\/le-president-d-assas-revele-les-secrets-de-la-selection-en-licence-de-droit-20240329\/\" target=\"_blank\" data-fig-type=\"Article\" rel=\"noopener\" data-gtm-custom-categorie=\"navigation\" data-gtm-custom-action=\"crossclick\" data-gtm-custom-label=\"Contextuel\" data-gtm-event=\"customEventSPE\" data-fig-domain=\"ETUDIANT\">St\u00e9phane Braconnier<\/a>, a d\u00e9nonc\u00e9 ce choix ce mercredi matin\u00a0<a href=\"https:\/\/www.linkedin.com\/posts\/st%C3%A9phane-braconnier-8464b014_la-mani%C3%A8re-dont-a-%C3%A9t%C3%A9-faite-ces-derniers-activity-7335933536576692224--RpG?utm_source=share&amp;utm_medium=member_desktop&amp;rcm=ACoAACQ41awB4Xu7JbsvtFBakM3_xy_TkkadF-M\" target=\"_blank\" rel=\"nofollow noopener\" data-gtm-custom-categorie=\"navigation\" data-gtm-custom-action=\"crossclick\" data-gtm-custom-label=\"Contextuel\" data-gtm-event=\"customEventSPE\">dans une publication LinkedIn<\/a>\u00a0et a tenu \u00e0 se dissocier de l\u2019\u00e9v\u00e9nement.<\/p>\n<p class=\"fig-paragraph\">\u00abNous d\u00e9plorons le choix inutilement provocateur du support de communication utilis\u00e9 pour cette rencontre\u00bb, \u00e9crit-il, consid\u00e9rant que cette promotion a pu \u00abl\u00e9gitimement heurter ou choquer\u00bb. St\u00e9phane Braconnier insiste sur le fait que cette affiche n\u2019a pas \u00e9t\u00e9 soumise \u00e0 la validation des services de l\u2019universit\u00e9. En effet, cette rencontre est organis\u00e9e par un laboratoire de la facult\u00e9 li\u00e9 au CNRS, le Cersa, et \u00abun centre de recherche ext\u00e9rieur\u00bb, le Cercrid. L\u2019affiche a \u00e9t\u00e9 retir\u00e9e des sites internet \u00absur lesquels l\u2019Universit\u00e9 a autorit\u00e9\u00bb, pr\u00e9cise le directeur.<\/p>\n<p>    Le pr\u00e9sident d\u2019Assas affirme avoir retir\u00e9 l\u2019affiche des sites h\u00e9berg\u00e9s par l\u2019universit\u00e9.<br \/>\n                Linkedin<\/p>\n<p class=\"fig-paragraph\">Dans une r\u00e9flexion plus large, St\u00e9phane Braconnier affirme que \u00abl\u2019exercice de la libert\u00e9 acad\u00e9mique doit plus que jamais \u00eatre prot\u00e9g\u00e9\u00bb mais ne peut \u00abse d\u00e9ployer que si l\u2019\u00e9thique scientifique, la rigueur acad\u00e9mique et le respect du d\u00e9bat contradictoire sont scrupuleusement respect\u00e9s\u00bb. Sa publication a \u00e9t\u00e9 gratifi\u00e9e d\u2019une centaine de r\u00e9actions positives en deux heures et d\u2019un message de remerciement du pr\u00eatre du dioc\u00e8se de Versailles, Pierre Amar, qui avait le premier d\u00e9nonc\u00e9 l\u2019affiche.<\/p>\n<p class=\"fig-paragraph\">Ce lundi, le pr\u00eatre s\u2019offusquait sur son compte X de cette \u00abprovocation blessante\u00bb, qui sugg\u00e9rait que Marie aurait proc\u00e9d\u00e9 \u00e0 une gestation pour autrui afin de mettre au monde son fils, J\u00e9sus. \u00abElle l\u2019a con\u00e7u, port\u00e9, mis au monde, nourri, \u00e9lev\u00e9 et elle vivait m\u00eame encore avec lui quand il avait plus de 30 ans. Rien \u00e0 voir avec la GPA\u00bb, \u00e9crivait-il. Ni les organisateurs, ni les quatre intervenants de l\u2019\u00e9v\u00e9nement, tous identifi\u00e9s par leur positionnement id\u00e9ologique favorable \u00e0 la GPA, n\u2019ont r\u00e9agi. L\u2019affiche est toujours en ligne\u00a0<a href=\"https:\/\/cercrid.univ-st-etienne.fr\/fr\/tout-l-agenda\/annee-2024-2025\/toutes-les-actualites-2024-2025\/colloque-resistances-gpa.html\" target=\"_blank\" rel=\"nofollow noopener\" data-gtm-custom-categorie=\"navigation\" data-gtm-custom-action=\"crossclick\" data-gtm-custom-label=\"Contextuel\" data-gtm-event=\"customEventSPE\">sur le site du Cercrid<\/a>.<\/p>\n","protected":false},"excerpt":{"rendered":"La direction de l\u2019\u00e9tablissement a demand\u00e9 le retrait de cette affiche qui utilisait une peinture de l\u2019Annonciation pour&hellip;\n","protected":false},"author":2,"featured_media":151591,"comment_status":"","ping_status":"","sticky":false,"template":"","format":"standard","meta":{"footnotes":""},"categories":[4],"tags":[328,47,3132,259,11,33,1011,27,18868,1110,12,25,517,3131],"class_list":{"0":"post-151590","1":"post","2":"type-post","3":"status-publish","4":"format-standard","5":"has-post-thumbnail","7":"category-france","8":"tag-a-la-une","9":"tag-actualite","10":"tag-actualite-francaise","11":"tag-actualite-internationale","12":"tag-actualites","13":"tag-economie","14":"tag-fr","15":"tag-france","16":"tag-gpa","17":"tag-informations","18":"tag-news","19":"tag-republique-francaise","20":"tag-sport","21":"tag-titres"},"share_on_mastodon":{"url":"https:\/\/pubeurope.com\/@fr\/114625511691372829","error":""},"_links":{"self":[{"href":"https:\/\/www.europesays.com\/fr\/wp-json\/wp\/v2\/posts\/151590","targetHints":{"allow":["GET"]}}],"collection":[{"href":"https:\/\/www.europesays.com\/fr\/wp-json\/wp\/v2\/posts"}],"about":[{"href":"https:\/\/www.europesays.com\/fr\/wp-json\/wp\/v2\/types\/post"}],"author":[{"embeddable":true,"href":"https:\/\/www.europesays.com\/fr\/wp-json\/wp\/v2\/users\/2"}],"replies":[{"embeddable":true,"href":"https:\/\/www.europesays.com\/fr\/wp-json\/wp\/v2\/comments?post=151590"}],"version-history":[{"count":0,"href":"https:\/\/www.europesays.com\/fr\/wp-json\/wp\/v2\/posts\/151590\/revisions"}],"wp:featuredmedia":[{"embeddable":true,"href":"https:\/\/www.europesays.com\/fr\/wp-json\/wp\/v2\/media\/151591"}],"wp:attachment":[{"href":"https:\/\/www.europesays.com\/fr\/wp-json\/wp\/v2\/media?parent=151590"}],"wp:term":[{"taxonomy":"category","embeddable":true,"href":"https:\/\/www.europesays.com\/fr\/wp-json\/wp\/v2\/categories?post=151590"},{"taxonomy":"post_tag","embeddable":true,"href":"https:\/\/www.europesays.com\/fr\/wp-json\/wp\/v2\/tags?post=151590"}],"curies":[{"name":"wp","href":"https:\/\/api.w.org\/{rel}","templated":true}]}}