{"id":151594,"date":"2025-06-04T14:15:12","date_gmt":"2025-06-04T14:15:12","guid":{"rendered":"https:\/\/www.europesays.com\/fr\/151594\/"},"modified":"2025-06-04T14:15:12","modified_gmt":"2025-06-04T14:15:12","slug":"la-rue-des-artistes-a-la-griffe-tenacement-engagee","status":"publish","type":"post","link":"https:\/\/www.europesays.com\/fr\/151594\/","title":{"rendered":"La Rue des Artistes a la griffe tenacement engag\u00e9e"},"content":{"rendered":"<p class=\"is-style-chapo\">La temp\u00eate 2023 dig\u00e9r\u00e9e, et malgr\u00e9 les contraintes r\u00e9tractant les marges de man\u0153uvre de l\u2019association Atout Monde qui porte ce festival ind\u00e9pendant depuis bient\u00f4t trois d\u00e9cennies \u00e0 Saint-Chamond, la Rue des Artistes pr\u00e9sente sa 28e \u00e9dition. Rendez-vous au parc Nelson-Mandela, du 13 au 15 juin en mode toujours aussi \u00ab\u00a0engag\u00e9\u00a0\u00bb. La programmation aura une dominante plut\u00f4t rap et reggae avec pour t\u00eates de gondole\u00a0: Oxmo Puccino en ouverture, Alee &amp; Mourad Musset de la Rue Ketanou, et HK \u00e0 la fermeture.<\/p>\n<p><img fetchpriority=\"high\" decoding=\"async\" width=\"1024\" height=\"576\" src=\"https:\/\/www.europesays.com\/fr\/wp-content\/uploads\/2025\/06\/une-1-1024x576.jpg\" alt=\"\" class=\"wp-image-79497\"  \/>Lors de l\u2019\u00e9dition 2024. \u00a9Prisca Baccaglioni \/ Atout Monde 2024. <\/p>\n<p>D\u00e9j\u00e0 trente ans en ligne de mire. \u00ab\u00a0En 2027, nous c\u00e9l\u00e9brerons 30 ans d\u2019activisme culturel ! Une grande f\u00eate populaire et artistique dont nous avons le secret est d\u00e9j\u00e0 dans les tuyaux\u2026\u00a0\u00bb En attendant, c\u2019est une \u00e9dition 2025 \u00e0 nouveau all\u00e9chante qui attend n\u00e9ophytes et habitu\u00e9s du festival couramiaud musical qu\u2019est <a href=\"https:\/\/laruedesartistes.fr\/\" target=\"_blank\" rel=\"noreferrer noopener\">La Rue des artistes<\/a>. Rendez-vous bien ancr\u00e9 dans la Loire. Le navire amiral des activit\u00e9s socio-culturelles (comme la Quinzaine culturelle et sociale du Chap\u2019it\u2019eau \u00e0 l\u2019automne ou r\u00e9cemment le film documentaire C\u2019\u00e9tait mieux avant) de l\u2019association <a href=\"https:\/\/www.google.com\/url?sa=t&amp;source=web&amp;rct=j&amp;opi=89978449&amp;url=https:\/\/atoutmonde.fr\/&amp;ved=2ahUKEwjh6YCt89eNAxXXAvsDHYsvHW8QFnoECEAQAQ&amp;usg=AOvVaw1-GIHgpnzTl4g7C5nQ-oEm\" target=\"_blank\" rel=\"noreferrer noopener\">Atout Monde<\/a> est parvenu en <a href=\"https:\/\/www.if-saint-etienne.fr\/tag\/festival-de-la-rue-des-artistes-2024\" target=\"_blank\" rel=\"noreferrer noopener\">2024<\/a> \u00e0 sortir de la derni\u00e8re temp\u00eate celle d\u2019une \u00e9dition 2023 \u00ab\u00a0plus que d\u00e9licate li\u00e9e \u00e0 un d\u00e9ficit important\u00a0\u00bb. D\u2019autres intemp\u00e9ries aussi rapproch\u00e9es que r\u00e9centes \u2013 covid, r\u00e9ductions de certaines subventions, explosion des co\u00fbts \u00e9nerg\u00e9tiques et des cachets abusifs\u2026 \u00a0\u2013 n\u2019en \u00e9taient d\u00e9j\u00e0 pas venues \u00e0 bout.<\/p>\n<p>\u00ab\u00a0Rien n\u2019est acquis pour l\u2019avenir et tout peut vite \u00eatre remis en cause mais oui, cet \u00e9pisode-l\u00e0 est derri\u00e8re nous \u00bb, confirme Cynthia Fort, charg\u00e9e de production. La Rue des artistes a d\u00e9cid\u00e9ment la griffe coriace. D\u2019o\u00f9, probablement, le choix de cette affiche 2025 avec un chat \u2013 animal totem de Saint-Chamond et de ce festival \u2013 au profil \u00ab\u00a0bodybuild\u00e9\u00a0\u00bb qui semble crier un \u00ab\u00a0m\u00eame pas peur\u00a0\u00bb, cependant entre quatre c\u0153urs\u00a0: La Rue des artistes n\u2019est pas l\u00e0 pour miauler ses affres mais inviter \u00e0 une f\u00eate \u00ab\u00a0non lucrative\u00a0\u00bb tatou\u00e9e d\u2019ind\u00e9pendance et d\u2019engagement revendiqu\u00e9s. Ce que ne d\u00e9ment pas l\u2019appui b\u00e9n\u00e9vole\u00a0: 71 volontaires pour 3\u00a0624 heures de travail l\u2019an pass\u00e9. En 2024 encore, 6\u00a0500 festivaliers avaient pu en profiter avec une fr\u00e9quentation record du camping \u00e9ph\u00e9m\u00e8re li\u00e9, Le Chat qui dort, situ\u00e9 dans le quartier de Fonsala, une fois de plus reconduit<strong>*<\/strong> avec la gestion confi\u00e9e aux jeunes en chantier \u00e9ducatif de la Sauvegarde 42, visant \u00e0 impliquer les habitants. En particulier les jeunes \u00e0 qui est promis une exp\u00e9rience \u00ab\u00a0formatrice\u00a0\u00bb.<\/p>\n<p>L\u2019accessibilit\u00e9 multi angles<\/p>\n<p>Le festival se veut \u00ab\u00a0un lieu d\u2019apprentissage et de mixit\u00e9 portant l\u2019int\u00e9r\u00eat g\u00e9n\u00e9ral\u00a0\u00bb\u00a0: entre la Sauvegarde donc mais aussi des personnes en TIG (travail d\u2019int\u00e9r\u00eat g\u00e9n\u00e9ral)\u00a0; des jeunes en SNU (service national universel) et autres services civiques ou stagiaires. Engagement au partage parmi tant d\u2019autres\u00a0symbolis\u00e9 par les fameux chats \u2013 3\u00a0500 exemplaire \u2013 d\u00e9cor\u00e9s par 29 structures (\u00e9coles, IME, maisons de retraite) peuplant la ville des mois avant, le maintien d\u2019un espace familles pour attirer tous les publics, cette d\u00e9marche de pr\u00e9vention (accueil cette ann\u00e9e de l\u2019association Jeune et Rose sur le cancer du sein\u00a0; pr\u00eat de casques anti-bruit pour les jeunes et boules quies en libre-service), une restauration \/ buvette bas\u00e9e sur des produits locaux maison cherchant \u00e0 limiter les d\u00e9g\u00e2ts environnementaux. Il y a aussi l\u2019accessibilit\u00e9. Pour la deuxi\u00e8me ann\u00e9e cons\u00e9cutive, la fondation Malakoff Humanis parraine des dispositifs (signal\u00e9tique, rampes, boucles magn\u00e9tiques, communication en langue des signes) destin\u00e9s aux handicaps moteur, mental, visuel, auditif, visible ou invisible. \u00a0<\/p>\n<\/p>\n<p>L\u2019accessibilit\u00e9 ne doit pas avoir de prix, les 299 personnes qui en ont sp\u00e9cifiquement b\u00e9n\u00e9fici\u00e9e en 2024 ne diront pas le contraire. Et la rue des Artistes ne le fait pas pour autant payer. \u00ab\u00a0A l\u2019heure o\u00f9 tout augmente (et o\u00f9 le m\u00e9c\u00e9nat a parall\u00e8lement tendance \u00e0 se r\u00e9tracter, Ndlr), et notamment les co\u00fbts li\u00e9s \u00e0 l\u2019artistique, nous avons pris la d\u00e9cision de ne pas augmenter le prix des places.\u00a0\u00bb Atout Monde argue d\u2019un prix journalier de 18 \u20ac \u2013 le maximum (10 \u20ac le dimanche) \u2013 contre une moyenne de 59 \u20ac par jour selon des donn\u00e9es de Weezevent datant de 2022. Durant ces trois jours, les compagnies de rue viendront une fois encore animer, parall\u00e8lement \u00e0 la programmation musicale, les all\u00e9es du parc et le centre-ville\u00a0: Batucada Tribu Btp, Circo Eguap, L\u2019Encord\u00e9e, Collectif Circassien, Radioh Lala, Circon\u00edrico, Katastrofaclown, Cie \u00c9clats de Soie. Dans la programmation d\u2019ailleurs, un spectacle de sensibilisation, par ailleurs traduit en langue des signes, Le P\u00e9riple du Scarab\u00e9e cr\u00e9\u00e9 et interpr\u00e9t\u00e9 par une personne porteuse de handicap. \u00a0<\/p>\n<p>Oxmo Puccino pour commencer, HK pour finir<\/p>\n<p><img loading=\"lazy\" decoding=\"async\" width=\"900\" height=\"600\" src=\"https:\/\/www.europesays.com\/fr\/wp-content\/uploads\/2025\/06\/Oxmo-Puccino_DR.jpg\" alt=\"\" class=\"wp-image-79496\"  \/>Oxmo Puccino. \u00a9DR, photo transmise par le festival<\/p>\n<p>L\u2019ensemble, encore agr\u00e9ment\u00e9 d\u2019animations dans le parc \u2013 maquillage, massage et myst\u00e9rieuse cabine t\u00e9l\u00e9phonique londonienne, Lacabin, pour \u00ab\u00a0faire rire\u00a0\u00bb \u2013 ne doit pas faire oublier que La Rue des artistes, c\u2019est avant tout un festival de musique, faisant <a href=\"https:\/\/laruedesartistes.fr\/wp-content\/uploads\/2025\/05\/la-Rue-des-Artistes_programme-2025.pdf\" target=\"_blank\" rel=\"noreferrer noopener\">d\u00e9filer<\/a> 11 artistes solos ou formations cette ann\u00e9e \u00e0 tendance plut\u00f4t rap \/ hip-hop mais pas que avec aussi une empreinte tr\u00e8s reggae et plus qu\u2019une pointe de chanson fran\u00e7ais, voire de soul et folk. L\u2019\u00e9mergence y aura encore sa place, cette fois \u00ab\u00a0\u00e0 54,5 %\u00a0\u00bb, comme Petit Tonnerre ou Polokus &amp; Mugen. Parmi les t\u00eates d\u2019affiche, Oxmo Puccino, \u00ab\u00a0cador du rap fran\u00e7ais g\u00e9n\u00e9ration MC Solaar \u00bb, de retour sur sc\u00e8ne apr\u00e8s plusieurs ann\u00e9es d\u2019absence, ouvrira les festivit\u00e9s le vendredi soir. HK fermera les d\u00e9bats sur un ton de bal populaire le dimanche soir. A souligner, Alee &amp; Mourad Musset de la Rue Ketanou, autre \u00ab\u00a0rap old school\u00a0\u00bb pour finir le vendredi soir dans le cadre d\u2019une tourn\u00e9e unique.<\/p>\n<p>Les 11 concerts dans leur ordre chronologique\u00a0: Siska puis Oxmo Puccino, Cyrious et Alee &amp; Mourad Musset de La Rue K\u00e9tanou\u00a0le vendredi soir\u00a0; Emma Politi, I Woks, Petit Tonnerre et Alborosie &amp; Shengen Clan samedi soir ;\u00a0Malaka, Polokus &amp; Mugen et HK dimanche apr\u00e8s-midi et soir.<\/p>\n<p><strong>Festival gratuit pour les moins de 12 ans. Billets en pr\u00e9vente (15 \u20ac vendredi OU samedi\u00a0; 25 \u20ac, pass deux jours, 35 \u20ac les trois) au bureau d\u2019Atout Monde espace Pablo-Neruda, boulevard des Echarneaux \u00e0 Saint-Chamond, tous les jours de 14 \u00e0 19 h, jusqu\u2019au 12 juin, 17 h. Sinon par <a href=\"https:\/\/laruedesartistes.fr\/billetterie\/\" target=\"_blank\" rel=\"noreferrer noopener\">web<\/a>. Tarif unique \u00e0 10 \u20ac le dimanche. Sur place\u00a0: 18 \u20ac un jour, 30 deux, 40 les trois. Sur place r\u00e8glement au bar, snack et foodtruck par \u00ab\u00a0KatCard\u00a0\u00bb en \u00e9changes pr\u00e9alable des euros.<\/strong><\/p>\n<p><strong>* Camping accessible aux tentes et v\u00e9hicules am\u00e9nag\u00e9s surveill\u00e9 \u00e0 25 min \u00e0 pied du festival, \u00e0 5 \u20ac par personne, douches et petit d\u00e9jeuner compris.<\/strong><\/p>\n","protected":false},"excerpt":{"rendered":"La temp\u00eate 2023 dig\u00e9r\u00e9e, et malgr\u00e9 les contraintes r\u00e9tractant les marges de man\u0153uvre de l\u2019association Atout Monde qui&hellip;\n","protected":false},"author":2,"featured_media":151595,"comment_status":"","ping_status":"","sticky":false,"template":"","format":"standard","meta":{"footnotes":""},"categories":[9653],"tags":[1111,11,10321,2430,4156,1777,674,849,28088,1011,27,28089,28090,12,25,4001],"class_list":{"0":"post-151594","1":"post","2":"type-post","3":"status-publish","4":"format-standard","5":"has-post-thumbnail","7":"category-saint-etienne","8":"tag-actu","9":"tag-actualites","10":"tag-auditif","11":"tag-auvergne-rhone-alpes","12":"tag-concerts","13":"tag-eu","14":"tag-europe","15":"tag-festival","16":"tag-festival-musique","17":"tag-fr","18":"tag-france","19":"tag-la-rue-des-artistes-2025","20":"tag-la-rue-des-artistes-saint-chamond","21":"tag-news","22":"tag-republique-francaise","23":"tag-saint-etienne"},"share_on_mastodon":{"url":"https:\/\/pubeurope.com\/@fr\/114625519512934930","error":""},"_links":{"self":[{"href":"https:\/\/www.europesays.com\/fr\/wp-json\/wp\/v2\/posts\/151594","targetHints":{"allow":["GET"]}}],"collection":[{"href":"https:\/\/www.europesays.com\/fr\/wp-json\/wp\/v2\/posts"}],"about":[{"href":"https:\/\/www.europesays.com\/fr\/wp-json\/wp\/v2\/types\/post"}],"author":[{"embeddable":true,"href":"https:\/\/www.europesays.com\/fr\/wp-json\/wp\/v2\/users\/2"}],"replies":[{"embeddable":true,"href":"https:\/\/www.europesays.com\/fr\/wp-json\/wp\/v2\/comments?post=151594"}],"version-history":[{"count":0,"href":"https:\/\/www.europesays.com\/fr\/wp-json\/wp\/v2\/posts\/151594\/revisions"}],"wp:featuredmedia":[{"embeddable":true,"href":"https:\/\/www.europesays.com\/fr\/wp-json\/wp\/v2\/media\/151595"}],"wp:attachment":[{"href":"https:\/\/www.europesays.com\/fr\/wp-json\/wp\/v2\/media?parent=151594"}],"wp:term":[{"taxonomy":"category","embeddable":true,"href":"https:\/\/www.europesays.com\/fr\/wp-json\/wp\/v2\/categories?post=151594"},{"taxonomy":"post_tag","embeddable":true,"href":"https:\/\/www.europesays.com\/fr\/wp-json\/wp\/v2\/tags?post=151594"}],"curies":[{"name":"wp","href":"https:\/\/api.w.org\/{rel}","templated":true}]}}