{"id":1516,"date":"2025-04-03T22:02:09","date_gmt":"2025-04-03T22:02:09","guid":{"rendered":"https:\/\/www.europesays.com\/fr\/1516\/"},"modified":"2025-04-03T22:02:09","modified_gmt":"2025-04-03T22:02:09","slug":"elsa-bois-et-florent-manaudou-le-couple-de-dals-ne-se-quitte-plus-et-cette-photo-risque-de-faire-parler","status":"publish","type":"post","link":"https:\/\/www.europesays.com\/fr\/1516\/","title":{"rendered":"Elsa Bois et Florent Manaudou : le couple de DALS ne se quitte plus et cette photo risque de faire parler"},"content":{"rendered":"<p><a href=\"https:\/\/www.closermag.fr\/tv_tele_realite\/dals-2025-cette-mise-au-point-un-brin-vexante-delsa-bois-a-florent-manaudou-3533759\" rel=\"nofollow noopener\" target=\"_blank\"><br \/>\nElsa Bois et Florent Manaudou<\/a> ne se l\u00e2chent plus. Depuis qu&rsquo;ils<br \/>\nsont partenaires pour \u00ab\u00a0Danse avec les stars\u00a0\u00bb 2025, le bin\u00f4me fait<br \/>\nbeaucoup parler, au point de faire na\u00eetre des <a href=\"https:\/\/www.closermag.fr\/people\/elsa-bois-en-couple-avec-florent-manaudou-un-proche-balance-sur-leur-discret-date-nocturne-apres-le-tournage-de-dals-3527050\" rel=\"nofollow noopener\" target=\"_blank\"><br \/>\nrumeurs de couple<\/a>. Et la photo d\u00e9voil\u00e9e par la danseuse<br \/>\nprofessionnelle sur Instagram le 2 avril n&rsquo;arrange rien. En effet,<br \/>\nen story, Elsa Bois a post\u00e9 une image sur laquelle elle affiche le<br \/>\nnageur professionnel. \u00ab\u00a0Ou va-t-on \u00e0 votre avis ?\u00a0\u00bb a-t-elle<br \/>\nquestionn\u00e9. Alors, est-ce dans le cadre de l&rsquo;\u00e9mission qu&rsquo;ils sont<br \/>\npartis ou s&rsquo;offrent-ils un moment \u00e0 deux ?<\/p>\n<p>Jusque-l\u00e0, le myst\u00e8re r\u00e9gnait. Mais on sait d\u00e9sormais, gr\u00e2ce au<br \/>\nblogueur Aqababe, qu&rsquo;ils se sont rendus \u00e0 Marseille, o\u00f9 vit Florent<br \/>\nManaudou. Cela fait d&rsquo;ailleurs plusieurs ann\u00e9es que le champion de<br \/>\n34 ans <strong>s&rsquo;entra\u00eene au Cercle des Nageurs de\u00a0<\/strong>la<br \/>\ncit\u00e9 phoc\u00e9enne. Et plus de doute, Elsa Bois et Florent Manaudou<br \/>\nsemblent bel et bien s&rsquo;\u00eatre d\u00e9plac\u00e9s dans le cadre de l&rsquo;\u00e9mission<br \/>\ndiffus\u00e9e sur TF1. Sur l&rsquo;image d\u00e9voil\u00e9e, on aper\u00e7oit en effet un<br \/>\ncameraman en arri\u00e8re-plan. \u00ab\u00a0La grosse cam\u00e9ra devant eux: c&rsquo;est<br \/>\nune s\u00e9quence pour DALS\u00a0\u00bb note un internaute en commentaire.<\/p>\n<p>Elsa Bois et Florent Manaudou en couple : cette r\u00e9ponse qui ne<br \/>\nlaisse plus de place au doute<\/p>\n<blockquote class=\"twitter-tweet\"><p><a class=\"twitter-link\" rel=\"noindex, nofollow noopener\" href=\"https:\/\/twitter.com\/AQABABE_\/status\/1907308279941763129\" target=\"_blank\"><\/p><\/blockquote>\n<p>Si les rumeurs courent toujours depuis sa <a href=\"https:\/\/www.closermag.fr\/people\/dals-michou-infidele-a-elsa-bois-nouvelles-allegations-sur-les-coulisses-de-leur-rupture-houleuse-3531433\" rel=\"nofollow noopener\" target=\"_blank\"><br \/>\ns\u00e9paration avec Michou<\/a>, Elsa Bois a mis les choses au clair sur<br \/>\nsa relation avec le fr\u00e8re de Laure Manaudou. Tout comme Florent<br \/>\nManaudou lui-m\u00eame. S&rsquo;il a avou\u00e9 que plusieurs couples s&rsquo;\u00e9taient<br \/>\nform\u00e9s gr\u00e2ce \u00e0 \u00ab\u00a0Danse avec les stars\u00a0\u00bb, il a assur\u00e9 que l\u00e0, ce<br \/>\nn&rsquo;\u00e9tait pas le cas : <strong>\u00ab\u00a0L\u00e0, ce n&rsquo;est pas du tout le<br \/>\ncas.<\/strong>\u00a0C&rsquo;est s\u00fbr que c&rsquo;est une \u00e9mission un peu<br \/>\nsp\u00e9ciale\u00a0parce qu&rsquo;on doit danser tr\u00e8s proche. On<br \/>\npasse beaucoup de temps ensemble. C&rsquo;est un moment qui est tr\u00e8s cool<br \/>\n\u00e0 passer, mais c&rsquo;est s\u00fbr que pour l&rsquo;entourage, \u00e7a peut \u00eatre un peu<br \/>\ndiff\u00e9rent\u00a0\u00bb.<\/p>\n<p>Ce qui attise les rumeurs, c&rsquo;est aussi que Florent Manaudou ne<br \/>\ns&rsquo;affiche plus avec sa petite amie, <a href=\"https:\/\/www.closermag.fr\/people\/florent-manaudou-et-elsa-bois-en-couple-la-cherie-du-nageur-assaillie-de-toute-part-elle-fait-un-choix-tranche-3527218\" rel=\"nofollow noopener\" target=\"_blank\"><br \/>\nLola Dumenil<\/a>. Mais la jeune femme non plus ne s&rsquo;est pas<br \/>\nexprim\u00e9e \u00e0 ce sujet.<\/p>\n<p>Florent Manaudou et<br \/>\nElsa Bois : cette invitation qui en dit long<\/p>\n<p class=\"p1\">D&rsquo;apr\u00e8s des informations recueillies par nos<br \/>\nconfr\u00e8res du magazine\u00a0Voici,\u00a0<strong>le nageur<br \/>\nolympique<\/strong>, en partance pour Marseille,<br \/>\naurait\u00a0<strong>convi\u00e9 sa camarade<\/strong>\u00a0\u00e0 le<br \/>\nrejoindre\u00a0<strong>dans son appartement<\/strong>\u00a0apr\u00e8s le<br \/>\nprime du 28 f\u00e9vrier dernier.\u00a0\u00ab\u00a0Sans doute, ils avaient<br \/>\nenvie de profiter l\u2019un de l\u2019autre avant le d\u00e9part de Florent. Ils<br \/>\nn\u2019allaient pas se voir pendant une semaine\u2026\u00a0\u00bb, suppose une<br \/>\nsource proche qui t\u00e9moigne sous couvert d&rsquo;anonymat.<\/p>\n<p><script async src=\"https:\/\/platform.twitter.com\/widgets.js\" charset=\"utf-8\"><\/script><\/p>\n","protected":false},"excerpt":{"rendered":"Elsa Bois et Florent Manaudou ne se l\u00e2chent plus. Depuis qu&rsquo;ils sont partenaires pour \u00ab\u00a0Danse avec les stars\u00a0\u00bb&hellip;\n","protected":false},"author":2,"featured_media":1517,"comment_status":"","ping_status":"","sticky":false,"template":"","format":"standard","meta":{"footnotes":""},"categories":[8],"tags":[548,58,59,925,1011,27],"class_list":{"0":"post-1516","1":"post","2":"type-post","3":"status-publish","4":"format-standard","5":"has-post-thumbnail","7":"category-divertissement","8":"tag-article-simple","9":"tag-divertissement","10":"tag-entertainment","11":"tag-florent-manaudou","12":"tag-fr","13":"tag-france"},"share_on_mastodon":{"url":"https:\/\/pubeurope.com\/@fr\/114276292618300956","error":""},"_links":{"self":[{"href":"https:\/\/www.europesays.com\/fr\/wp-json\/wp\/v2\/posts\/1516","targetHints":{"allow":["GET"]}}],"collection":[{"href":"https:\/\/www.europesays.com\/fr\/wp-json\/wp\/v2\/posts"}],"about":[{"href":"https:\/\/www.europesays.com\/fr\/wp-json\/wp\/v2\/types\/post"}],"author":[{"embeddable":true,"href":"https:\/\/www.europesays.com\/fr\/wp-json\/wp\/v2\/users\/2"}],"replies":[{"embeddable":true,"href":"https:\/\/www.europesays.com\/fr\/wp-json\/wp\/v2\/comments?post=1516"}],"version-history":[{"count":0,"href":"https:\/\/www.europesays.com\/fr\/wp-json\/wp\/v2\/posts\/1516\/revisions"}],"wp:featuredmedia":[{"embeddable":true,"href":"https:\/\/www.europesays.com\/fr\/wp-json\/wp\/v2\/media\/1517"}],"wp:attachment":[{"href":"https:\/\/www.europesays.com\/fr\/wp-json\/wp\/v2\/media?parent=1516"}],"wp:term":[{"taxonomy":"category","embeddable":true,"href":"https:\/\/www.europesays.com\/fr\/wp-json\/wp\/v2\/categories?post=1516"},{"taxonomy":"post_tag","embeddable":true,"href":"https:\/\/www.europesays.com\/fr\/wp-json\/wp\/v2\/tags?post=1516"}],"curies":[{"name":"wp","href":"https:\/\/api.w.org\/{rel}","templated":true}]}}