{"id":15160,"date":"2025-04-10T14:21:09","date_gmt":"2025-04-10T14:21:09","guid":{"rendered":"https:\/\/www.europesays.com\/fr\/15160\/"},"modified":"2025-04-10T14:21:09","modified_gmt":"2025-04-10T14:21:09","slug":"braun-pivet-reconnait-avoir-eu-tort-de-choisir-ce-mot-melenchon-applaudit-liberation","status":"publish","type":"post","link":"https:\/\/www.europesays.com\/fr\/15160\/","title":{"rendered":"Braun-Pivet reconna\u00eet avoir eu \u00abtort de choisir ce mot\u00bb, M\u00e9lenchon applaudit \u2013 Lib\u00e9ration"},"content":{"rendered":"<p class=\"sc-cPiKLX AiZTS text-element\">Un r\u00e9trop\u00e9dalage qui vient de loin. La pr\u00e9sidente de l\u2019Assembl\u00e9e nationale, Ya\u00ebl Braun-Pivet, a reconnu, jeudi 10\u00a0avril, avoir \u00abeu tort\u00bb de \u00abchoisir\u00bb <a href=\"https:\/\/www.liberation.fr\/politique\/yael-braun-pivet-nie-avoir-apporte-son-soutien-inconditionnel-a-israel-20231120_MWTDUQ64HFGBZGPLS2RIZE3HSA\/\" target=\"_blank\" rel=\"noopener\">le terme de \u00absoutien inconditionnel\u00bb de la France \u00e0 Isra\u00ebl<\/a> tr\u00e8s rapidement apr\u00e8s les massacres du 7\u00a0octobre perp\u00e9tr\u00e9s par le Hamas, qui avait fait pol\u00e9mique \u00e0 l\u2019\u00e9poque. Le 10\u00a0octobre 2023, la d\u00e9put\u00e9e macroniste des Yvelines avait assur\u00e9 \u00e0 Isra\u00ebl, \u00abpays ami\u00bb, \u00abau nom de la repr\u00e9sentation nationale, notre totale solidarit\u00e9 et notre soutien inconditionnel\u00bb, depuis le perchoir o\u00f9 elle avait convoqu\u00e9 une minute de silence pour les victimes isra\u00e9liennes, provoquant un toll\u00e9 \u00e0 gauche, particuli\u00e8rement sur les bancs de La France insoumise.<\/p>\n<p class=\"sc-cPiKLX AiZTS text-element\">\u00abJe vois bien que j\u2019ai eu tort de choisir ce mot, parce qu\u2019il ne refl\u00e9tait pas ma pens\u00e9e et il a \u00e9t\u00e9 compris de telle sorte que \u00e7a ne correspond pas \u00e0 ce que je voulais dire\u00bb, a d\u00e9clar\u00e9 Ya\u00ebl Braun-Pivet sur France Inter. \u00abJ\u2019ai r\u00e9affirm\u00e9 \u00e0 l\u2019Assembl\u00e9e nationale le soutien qui \u00e9tait celui de la France \u00e0 un pays meurtri par le terrorisme et ce soutien qui n\u2019avait pas de condition\u00bb, a-t-elle expliqu\u00e9, rappelant qu\u2019\u00abon entendait chez certains\u00bb \u00e0 l\u2019\u00e9poque, dire que les Isra\u00e9liens \u00e9taient \u00aben fait responsables de leur propre malheur\u00bb.<\/p>\n<p class=\"sc-cPiKLX AiZTS text-element\">La pr\u00e9sidente de l\u2019Assembl\u00e9e \u00e9tait la seule \u00e0 avoir utilis\u00e9 cette expression \u00e0 ce niveau de l\u2019Etat alors que ce terme d\u2019\u00abinconditionnel\u00bb avait \u00e9t\u00e9 critiqu\u00e9 vivement par LFI et Jean-Luc M\u00e9lenchon. <a href=\"https:\/\/www.liberation.fr\/politique\/marche-contre-lantisemitisme-les-insoumis-ne-veulent-pas-defiler-avec-lextreme-droite-20231108_3ZWCKZG22FB4NMPLNS6Y2NOMQA\/\" target=\"_blank\" rel=\"noopener\">L\u2019insoumis et ses troupes avaient d\u2019ailleurs refus\u00e9 de participer \u00e0 la marche contre l\u2019antis\u00e9mitisme<\/a> organis\u00e9e par Ya\u00ebl Braun-Pivet et le pr\u00e9sident du S\u00e9nat G\u00e9rard Larcher, jugeant que \u00ables amis du soutien inconditionnel au massacre\u00bb avaient leur \u00abrendez-vous\u00bb.<\/p>\n<p class=\"sc-cPiKLX sc-IqJVf ka-DgwP haGeKm\">Le billet de Jonathan Bouchet-Petersen<\/p>\n<p class=\"sc-cPiKLX AiZTS text-element\">Jeudi 10\u00a0avril, l\u2019ancien candidat \u00e0 l\u2019\u00e9lection pr\u00e9sidentielle s\u2019est r\u00e9joui de cette marche arri\u00e8re. \u00abYa\u00ebl Braun-Pivet retire le \u201csoutien inconditionnel\u201d et Macron s\u2019appr\u00eate \u00e0 reconna\u00eetre l\u2019Etat de Palestine. Il appelle \u00e0 la fin du si\u00e8ge de Gaza. Un an et six mois apr\u00e8s LFI, ces gens comprennent enfin que la solution politique est la seule possible. Pour cela, il faut \u00eatre non align\u00e9. A la fin, la position de LFI s\u2019impose comme la seule issue concr\u00e8te politique et humaine\u00bb, a-t-il \u00e9crit sur les r\u00e9seaux sociaux.<\/p>\n<p class=\"sc-cPiKLX AiZTS text-element\">De son c\u00f4t\u00e9, Manuel Bompard, le coordinateur de LFI, a r\u00e9agi sur X en rappelant que \u00abseul un groupe avait refus\u00e9 d\u2019applaudir cette expression\u00a0: le groupe de La France insoumise\u00bb. \u00abMaintenant que les mots bougent, les actes ne peuvent plus attendre\u00bb, a-t-il ajout\u00e9 au lendemain de <a href=\"https:\/\/www.liberation.fr\/international\/moyen-orient\/emmanuel-macron-on-peut-negocier-la-sortie-des-principaux-cadres-du-hamas-de-gaza-20250409_AU2QRG44OVCKBLMSOZZZP3GMRQ\/\" target=\"_blank\" rel=\"noopener\">l\u2019annonce par Emmanuel Macron mercredi d\u2019une possible reconnaissance par la France d\u2019un Etat palestinien au mois de juin.<\/a><\/p>\n<p class=\"sc-cPiKLX AiZTS text-element\">Ya\u00ebl Braun-Pivet a n\u00e9anmoins assur\u00e9 jeudi qu\u2019elle \u00abne regrette pas\u00bb de s\u2019\u00eatre rendue en Isra\u00ebl deux semaines apr\u00e8s les massacres, <a href=\"https:\/\/www.liberation.fr\/politique\/israel-nouvelles-polemiques-apres-le-deplacement-de-la-presidente-de-lassemblee-20231023_FCHDU5VRTFGOTF3APOE3V7EV7U\/\" target=\"_blank\" rel=\"noopener\">voyage de soutien qui lui avait \u00e9galement \u00e9t\u00e9 reproch\u00e9.<\/a> Face \u00e0 la pol\u00e9mique, \u00e0 son retour, elle avait expliqu\u00e9 que sa position de \u00absoutien inconditionnel\u00bb s\u2019appliquait \u00e0 \u00abl\u2019existence d\u2019Isra\u00ebl\u00bb, pas au \u00abgouvernement d\u2019Isra\u00ebl\u00bb, dirig\u00e9 par une coalition d\u2019extr\u00eame droite favorable \u00e0 la colonisation en Cisjordanie.<\/p>\n<p class=\"sc-cPiKLX AiZTS text-element\">L\u2019attaque du 7\u00a0octobre 2023 a entra\u00een\u00e9 la mort de 1\u00a0218 personnes du c\u00f4t\u00e9 isra\u00e9lien, en majorit\u00e9 des civils, selon un d\u00e9compte de l\u2019AFP bas\u00e9 sur des chiffres officiels. Selon le minist\u00e8re de la Sant\u00e9 du gouvernement du Hamas, dont les donn\u00e9es sont jug\u00e9es fiables par l\u2019ONU, le bilan total depuis le d\u00e9but de la guerre s\u2019\u00e9l\u00e8ve \u00e0 50\u00a0846 morts dans la bande de Gaza, en majorit\u00e9 des civils.<\/p>\n","protected":false},"excerpt":{"rendered":"Un r\u00e9trop\u00e9dalage qui vient de loin. La pr\u00e9sidente de l\u2019Assembl\u00e9e nationale, Ya\u00ebl Braun-Pivet, a reconnu, jeudi 10\u00a0avril, avoir&hellip;\n","protected":false},"author":2,"featured_media":15161,"comment_status":"","ping_status":"","sticky":false,"template":"","format":"standard","meta":{"footnotes":""},"categories":[1586],"tags":[11,6386,1777,674,1779,1011,27,3519,664,3523,12,25,1778,364,6385],"class_list":{"0":"post-15160","1":"post","2":"type-post","3":"status-publish","4":"format-standard","5":"has-post-thumbnail","7":"category-europe","8":"tag-actualites","9":"tag-attaques-terroristes-du-7-octobre","10":"tag-eu","11":"tag-europe","12":"tag-european-union","13":"tag-fr","14":"tag-france","15":"tag-hamas","16":"tag-israel","17":"tag-israel-palestine-conflit","18":"tag-news","19":"tag-republique-francaise","20":"tag-ue","21":"tag-union-europeenne","22":"tag-yael-braun-pivet"},"share_on_mastodon":{"url":"https:\/\/pubeurope.com\/@fr\/114314116154600728","error":""},"_links":{"self":[{"href":"https:\/\/www.europesays.com\/fr\/wp-json\/wp\/v2\/posts\/15160","targetHints":{"allow":["GET"]}}],"collection":[{"href":"https:\/\/www.europesays.com\/fr\/wp-json\/wp\/v2\/posts"}],"about":[{"href":"https:\/\/www.europesays.com\/fr\/wp-json\/wp\/v2\/types\/post"}],"author":[{"embeddable":true,"href":"https:\/\/www.europesays.com\/fr\/wp-json\/wp\/v2\/users\/2"}],"replies":[{"embeddable":true,"href":"https:\/\/www.europesays.com\/fr\/wp-json\/wp\/v2\/comments?post=15160"}],"version-history":[{"count":0,"href":"https:\/\/www.europesays.com\/fr\/wp-json\/wp\/v2\/posts\/15160\/revisions"}],"wp:featuredmedia":[{"embeddable":true,"href":"https:\/\/www.europesays.com\/fr\/wp-json\/wp\/v2\/media\/15161"}],"wp:attachment":[{"href":"https:\/\/www.europesays.com\/fr\/wp-json\/wp\/v2\/media?parent=15160"}],"wp:term":[{"taxonomy":"category","embeddable":true,"href":"https:\/\/www.europesays.com\/fr\/wp-json\/wp\/v2\/categories?post=15160"},{"taxonomy":"post_tag","embeddable":true,"href":"https:\/\/www.europesays.com\/fr\/wp-json\/wp\/v2\/tags?post=15160"}],"curies":[{"name":"wp","href":"https:\/\/api.w.org\/{rel}","templated":true}]}}