{"id":151600,"date":"2025-06-04T14:18:10","date_gmt":"2025-06-04T14:18:10","guid":{"rendered":"https:\/\/www.europesays.com\/fr\/151600\/"},"modified":"2025-06-04T14:18:10","modified_gmt":"2025-06-04T14:18:10","slug":"grand-est-aurore-berge-lancera-a-nancy-le-dispositif-de-depot-de-plainte-possible-depuis-le-chru-pour-les-femmes-victimes-de-violences-2","status":"publish","type":"post","link":"https:\/\/www.europesays.com\/fr\/151600\/","title":{"rendered":"Grand Est. Aurore Berg\u00e9 lancera \u00e0 Nancy le dispositif de d\u00e9p\u00f4t de plainte possible depuis le CHRU pour les femmes victimes de violences"},"content":{"rendered":"<p><a href=\"https:\/\/www.estrepublicain.fr\/p\/aurore-berge-femme-politique-francaise\" target=\"_blank\" rel=\"nofollow noopener\">Aurore Berg\u00e9<\/a> se d\u00e9placera \u00e0 Nancy ce jeudi 5\u00a0juin o\u00f9 elle rencontrera au c\u0153ur d\u2019un quartier prioritaire, au Haut-du-Li\u00e8vre, les associations, \u00e9lus et acteurs locaux afin de dresser un panorama des actions men\u00e9es et de renforcer les dispositifs de lutte contre toutes les formes de discriminations.<\/p>\n<p>  Visite \u00e0 la Maison de la r\u00e9silience<\/p>\n<p>Au cours de la journ\u00e9e, la ministre de l\u2019\u00c9galit\u00e9 entre les femmes et les hommes et de la Lutte contre les discriminations se rendra au CHRU de Nancy pour visiter <a href=\"https:\/\/www.estrepublicain.fr\/faits-divers-justice\/2025\/05\/08\/le-premier-centre-francais-dedie-aux-victimes-de-violences-sexuelles-inaugure-a-nancy\" target=\"_blank\" rel=\"nofollow noopener\">la Maison de la r\u00e9silience<\/a> , r\u00e9cemment inaugur\u00e9e, un centre unique et innovant d\u00e9di\u00e9 \u00e0 l\u2019accompagnement des victimes de violences sexuelles. Elle sera accompagn\u00e9e par Sandrine Josso, d\u00e9put\u00e9e et co-auteure du rapport de la mission gouvernementale sur la soumission chimique, et <a href=\"https:\/\/www.estrepublicain.fr\/culture-loisirs\/2025\/03\/09\/fille-de-gisele-pelicot-caroline-darian-evoque-le-proces-des-viols-de-mazan-et-son-combat-contre-la-soumission-chimique\" target=\"_blank\" rel=\"nofollow noopener\">Caroline Darian<\/a> , fondatrice de l\u2019association M\u2019Endors Pas et fille de\u00a0<a href=\"https:\/\/www.estrepublicain.fr\/p\/gisele-pelicot\" target=\"_blank\" rel=\"nofollow noopener\">Gis\u00e8le Pelicot<\/a>.<\/p>\n<p>  Un dispositif de plainte simplifi\u00e9<\/p>\n<p>\u00c0 cette occasion, Aurore Berg\u00e9 lancera, par le biais d\u2019une convention, le dispositif de d\u00e9p\u00f4t de plainte simplifi\u00e9 destin\u00e9 aux femmes victimes de violences conjugales, sexistes et sexuelles, directement depuis l\u2019\u00e9tablissement de sant\u00e9. Ce dispositif, engagement fort de l\u2019\u00c9tat, s\u2019inscrit dans la strat\u00e9gie nationale du plan Toutes et tous \u00e9gaux , visant au d\u00e9ploiement de structures m\u00e9dico-sociales int\u00e9gr\u00e9es pour une prise en charge renforc\u00e9e des victimes.\u00a0Il permet \u00e9galement le recueil de preuves sans obligation de plainte.<\/p>\n<p>\u00c0 Nancy, la ministre inaugurera \u00e9galement la troisi\u00e8me \u00e9dition du salon \u00ab\u00a0Talents au f\u00e9minin\u00a0\u00bb et participera au forum \u00ab\u00a0Place(s) de la d\u00e9mocratie\u00a0\u00bb organis\u00e9e par Terra Nova, avec L\u2019Est R\u00e9publicain.<\/p>\n","protected":false},"excerpt":{"rendered":"Aurore Berg\u00e9 se d\u00e9placera \u00e0 Nancy ce jeudi 5\u00a0juin o\u00f9 elle rencontrera au c\u0153ur d\u2019un quartier prioritaire, au&hellip;\n","protected":false},"author":2,"featured_media":151599,"comment_status":"","ping_status":"","sticky":false,"template":"","format":"standard","meta":{"footnotes":""},"categories":[9635],"tags":[1111,11,3602,1707,1704,1706,1705,10174,1777,674,1011,27,775,3457,1702,1703,12,316,3456,25],"class_list":{"0":"post-151600","1":"post","2":"type-post","3":"status-publish","4":"format-standard","5":"has-post-thumbnail","7":"category-nancy","8":"tag-actu","9":"tag-actualites","10":"tag-edition-bar-le-duc","11":"tag-edition-luneville","12":"tag-edition-nancy-et-agglomeration","13":"tag-edition-pont-a-mousson","14":"tag-edition-toul","15":"tag-edition-verdun","16":"tag-eu","17":"tag-europe","18":"tag-fr","19":"tag-france","20":"tag-grand-est","21":"tag-meurthe-et-moselle","22":"tag-nancy","23":"tag-nancy-ville-54b","24":"tag-news","25":"tag-politique","26":"tag-region-lorraine","27":"tag-republique-francaise"},"share_on_mastodon":{"url":"https:\/\/pubeurope.com\/@fr\/114625531292813896","error":""},"_links":{"self":[{"href":"https:\/\/www.europesays.com\/fr\/wp-json\/wp\/v2\/posts\/151600","targetHints":{"allow":["GET"]}}],"collection":[{"href":"https:\/\/www.europesays.com\/fr\/wp-json\/wp\/v2\/posts"}],"about":[{"href":"https:\/\/www.europesays.com\/fr\/wp-json\/wp\/v2\/types\/post"}],"author":[{"embeddable":true,"href":"https:\/\/www.europesays.com\/fr\/wp-json\/wp\/v2\/users\/2"}],"replies":[{"embeddable":true,"href":"https:\/\/www.europesays.com\/fr\/wp-json\/wp\/v2\/comments?post=151600"}],"version-history":[{"count":0,"href":"https:\/\/www.europesays.com\/fr\/wp-json\/wp\/v2\/posts\/151600\/revisions"}],"wp:featuredmedia":[{"embeddable":true,"href":"https:\/\/www.europesays.com\/fr\/wp-json\/wp\/v2\/media\/151599"}],"wp:attachment":[{"href":"https:\/\/www.europesays.com\/fr\/wp-json\/wp\/v2\/media?parent=151600"}],"wp:term":[{"taxonomy":"category","embeddable":true,"href":"https:\/\/www.europesays.com\/fr\/wp-json\/wp\/v2\/categories?post=151600"},{"taxonomy":"post_tag","embeddable":true,"href":"https:\/\/www.europesays.com\/fr\/wp-json\/wp\/v2\/tags?post=151600"}],"curies":[{"name":"wp","href":"https:\/\/api.w.org\/{rel}","templated":true}]}}