{"id":151601,"date":"2025-06-04T14:19:10","date_gmt":"2025-06-04T14:19:10","guid":{"rendered":"https:\/\/www.europesays.com\/fr\/151601\/"},"modified":"2025-06-04T14:19:10","modified_gmt":"2025-06-04T14:19:10","slug":"montalieu-vercieu-summer-camp-2025-les-inscriptions-sont-ouvertes","status":"publish","type":"post","link":"https:\/\/www.europesays.com\/fr\/151601\/","title":{"rendered":"Montalieu-Vercieu. Summer camp 2025\u00a0: les inscriptions sont ouvertes"},"content":{"rendered":"<p>Le secteur jeunesse organise son summer camp 2025 du 28\u00a0juillet au 1er \u00a0ao\u00fbt au domaine de Massacan \u00e0 La Garde dans le Var pour les ados de 11 \u00e0 17 ans. Les jeunes seront h\u00e9berg\u00e9s en tentes avec pension compl\u00e8te. Au programme de ce s\u00e9jour Aqualand, d\u00e9couverte de la M\u00e9diterran\u00e9e, structure gonflable sur eau, baignades, \u2026<\/p>\n<p>En raison du nombre important de jeunes int\u00e9ress\u00e9s une proc\u00e9dure sp\u00e9cifique a \u00e9t\u00e9 mise en place par les organisateurs Les r\u00e9servations se feront uniquement par mail (jeunesse@escpp.org). Une r\u00e9ponse sera envoy\u00e9e la semaine prochaine apr\u00e8s le traitement des mails re\u00e7us. Vous serez soit inscrit soit plac\u00e9 sur une liste d\u2019attente<\/p>\n<p class=\"note\">Prix\u00a0: 250\u00a0euros \u00e0 380\u00a0euros selon le quotient familial. Plus de renseignements au 06\u00a047\u00a066\u00a011\u00a000.<\/p>\n","protected":false},"excerpt":{"rendered":"Le secteur jeunesse organise son summer camp 2025 du 28\u00a0juillet au 1er \u00a0ao\u00fbt au domaine de Massacan \u00e0&hellip;\n","protected":false},"author":2,"featured_media":151602,"comment_status":"","ping_status":"","sticky":false,"template":"","format":"standard","meta":{"footnotes":""},"categories":[9619],"tags":[1111,11,1687,116,1777,674,1011,27,22528,12,22529,882,25,104,2310],"class_list":{"0":"post-151601","1":"post","2":"type-post","3":"status-publish","4":"format-standard","5":"has-post-thumbnail","7":"category-toulon","8":"tag-actu","9":"tag-actualites","10":"tag-culture-loisirs","11":"tag-edition-la-tour-du-pin-nord-dauphine","12":"tag-eu","13":"tag-europe","14":"tag-fr","15":"tag-france","16":"tag-montalieu-vercieu","17":"tag-news","18":"tag-pays-des-couleurs","19":"tag-provence-alpes-cote-dazur","20":"tag-republique-francaise","21":"tag-societe","22":"tag-toulon"},"share_on_mastodon":{"url":"https:\/\/pubeurope.com\/@fr\/114625535224049691","error":""},"_links":{"self":[{"href":"https:\/\/www.europesays.com\/fr\/wp-json\/wp\/v2\/posts\/151601","targetHints":{"allow":["GET"]}}],"collection":[{"href":"https:\/\/www.europesays.com\/fr\/wp-json\/wp\/v2\/posts"}],"about":[{"href":"https:\/\/www.europesays.com\/fr\/wp-json\/wp\/v2\/types\/post"}],"author":[{"embeddable":true,"href":"https:\/\/www.europesays.com\/fr\/wp-json\/wp\/v2\/users\/2"}],"replies":[{"embeddable":true,"href":"https:\/\/www.europesays.com\/fr\/wp-json\/wp\/v2\/comments?post=151601"}],"version-history":[{"count":0,"href":"https:\/\/www.europesays.com\/fr\/wp-json\/wp\/v2\/posts\/151601\/revisions"}],"wp:featuredmedia":[{"embeddable":true,"href":"https:\/\/www.europesays.com\/fr\/wp-json\/wp\/v2\/media\/151602"}],"wp:attachment":[{"href":"https:\/\/www.europesays.com\/fr\/wp-json\/wp\/v2\/media?parent=151601"}],"wp:term":[{"taxonomy":"category","embeddable":true,"href":"https:\/\/www.europesays.com\/fr\/wp-json\/wp\/v2\/categories?post=151601"},{"taxonomy":"post_tag","embeddable":true,"href":"https:\/\/www.europesays.com\/fr\/wp-json\/wp\/v2\/tags?post=151601"}],"curies":[{"name":"wp","href":"https:\/\/api.w.org\/{rel}","templated":true}]}}