{"id":151608,"date":"2025-06-04T14:23:21","date_gmt":"2025-06-04T14:23:21","guid":{"rendered":"https:\/\/www.europesays.com\/fr\/151608\/"},"modified":"2025-06-04T14:23:21","modified_gmt":"2025-06-04T14:23:21","slug":"lexecutive-education-de-neoma-dans-le-top-12-mondial-et-top-4-francais-du-financial-times","status":"publish","type":"post","link":"https:\/\/www.europesays.com\/fr\/151608\/","title":{"rendered":"L\u2019Executive Education de NEOMA dans le top 12 mondial et top 4 fran\u00e7ais du Financial Times"},"content":{"rendered":"<p>                        <img decoding=\"async\" src=\"https:\/\/www.europesays.com\/fr\/wp-content\/uploads\/2025\/06\/NeomaFT25.jpg\" title=\"NeomaFT25\" alt=\"\" class=\"lazyload\" style=\"--smush-placeholder-width: 750px; --smush-placeholder-aspect-ratio: 750\/400;\"\/><\/p>\n<p>\n                    Le Financial Times publie cette semaine son classement 2025 des programmes d\u2019Executive Education.\u00a0 Dans cette nouvelle \u00e9dition, les Customised Programmes (programmes sur-mesure pour les entreprises) de NEOMA signent une belle performance et se classent d\u00e9sormais au 12e rang mondial. Ces formations connaissent cette ann\u00e9e une forte progression de + 7 places depuis 2024, soit + 24 places depuis 2023. \u00a0NEOMA y occupe d\u00e9sormais le 4e rang fran\u00e7ais !                <\/p>\n<p>                    \u00a0Les programmes sur-mesure de l\u2019Ecole se distinguent sur trois crit\u00e8res essentiels\u00a0                <\/p>\n<ul>\n<li>\u00ab Follow-up \u00bb qui \u00e9value la qualit\u00e9 du suivi apr\u00e8s la formation (6e rang mondial)<\/li>\n<li>\u00ab Faculty diversity \u00bb qui appr\u00e9cie la diversit\u00e9 du corps professoral (9e rang mondial)<\/li>\n<li>\u00a0\u00ab New Skills &amp; Learning \u00bb qui \u00e9value la pertinence des nouvelles comp\u00e9tences acquises et la fa\u00e7on dont le programme encourage de nouvelles fa\u00e7ons de penser (10e rang mondial).<\/li>\n<\/ul>\n<p>\u00ab Le d\u00e9veloppement de l\u2019Executive Education est au c\u0153ur des ambitions de notre plan strat\u00e9gique Engage for the Future. Cette performance est \u00e0 la hauteur de l\u2019engagement de nos \u00e9quipes et nous encourage \u00e0 aller plus loin dans l\u2019excellence et l\u2019adaptation permanente de nos programmes d\u00e9di\u00e9s aux publics professionnels \u00bb, souligne Delphine Manceau, directrice g\u00e9n\u00e9rale de NEOMA Business School.<\/p>\n<p>\u00ab Nous prenons cette 12eme place mondiale et 4eme place fran\u00e7aise avec beaucoup de fiert\u00e9. Ce r\u00e9sultat nous conforte dans notre capacit\u00e9 \u00e0 embarquer tout un collectif sur une nouvelle strat\u00e9gie marqu\u00e9e par des d\u00e9veloppements permanents \u00bb, compl\u00e8te St\u00e9phane Dubreuille, directeur de l\u2019Executive Education de l\u2019Ecole.<\/p>\n","protected":false},"excerpt":{"rendered":"Le Financial Times publie cette semaine son classement 2025 des programmes d\u2019Executive Education.\u00a0 Dans cette nouvelle \u00e9dition, les&hellip;\n","protected":false},"author":2,"featured_media":151609,"comment_status":"","ping_status":"","sticky":false,"template":"","format":"standard","meta":{"footnotes":""},"categories":[9587],"tags":[1111,11,28091,1777,674,28092,28093,1011,27,28094,13094,12,5161,25,9590],"class_list":{"0":"post-151608","1":"post","2":"type-post","3":"status-publish","4":"format-standard","5":"has-post-thumbnail","7":"category-rouen","8":"tag-actu","9":"tag-actualites","10":"tag-customised-programmes","11":"tag-eu","12":"tag-europe","13":"tag-executive-education","14":"tag-financial-times","15":"tag-fr","16":"tag-france","17":"tag-neoma","18":"tag-neoma-business-school","19":"tag-news","20":"tag-normandie","21":"tag-republique-francaise","22":"tag-rouen"},"share_on_mastodon":{"url":"https:\/\/pubeurope.com\/@fr\/114625550962861450","error":""},"_links":{"self":[{"href":"https:\/\/www.europesays.com\/fr\/wp-json\/wp\/v2\/posts\/151608","targetHints":{"allow":["GET"]}}],"collection":[{"href":"https:\/\/www.europesays.com\/fr\/wp-json\/wp\/v2\/posts"}],"about":[{"href":"https:\/\/www.europesays.com\/fr\/wp-json\/wp\/v2\/types\/post"}],"author":[{"embeddable":true,"href":"https:\/\/www.europesays.com\/fr\/wp-json\/wp\/v2\/users\/2"}],"replies":[{"embeddable":true,"href":"https:\/\/www.europesays.com\/fr\/wp-json\/wp\/v2\/comments?post=151608"}],"version-history":[{"count":0,"href":"https:\/\/www.europesays.com\/fr\/wp-json\/wp\/v2\/posts\/151608\/revisions"}],"wp:featuredmedia":[{"embeddable":true,"href":"https:\/\/www.europesays.com\/fr\/wp-json\/wp\/v2\/media\/151609"}],"wp:attachment":[{"href":"https:\/\/www.europesays.com\/fr\/wp-json\/wp\/v2\/media?parent=151608"}],"wp:term":[{"taxonomy":"category","embeddable":true,"href":"https:\/\/www.europesays.com\/fr\/wp-json\/wp\/v2\/categories?post=151608"},{"taxonomy":"post_tag","embeddable":true,"href":"https:\/\/www.europesays.com\/fr\/wp-json\/wp\/v2\/tags?post=151608"}],"curies":[{"name":"wp","href":"https:\/\/api.w.org\/{rel}","templated":true}]}}