{"id":151616,"date":"2025-06-04T14:29:11","date_gmt":"2025-06-04T14:29:11","guid":{"rendered":"https:\/\/www.europesays.com\/fr\/151616\/"},"modified":"2025-06-04T14:29:11","modified_gmt":"2025-06-04T14:29:11","slug":"cest-quoi-cette-histoire-de-maison-a-1-million-que-la-ville-veut-racheter-deux-fois-moins-cher-2","status":"publish","type":"post","link":"https:\/\/www.europesays.com\/fr\/151616\/","title":{"rendered":"C\u2019est quoi cette histoire de maison \u00e0 1 million que la Ville veut racheter deux fois moins cher ?"},"content":{"rendered":"<p><strong>sp\u00e9culation &#8211; La Ville de Rennes a choisi de pr\u00e9empter une maison afin d\u2019y construire des logements collectifs<\/strong><\/p>\n<p>C\u2019est une petite maison faite de schiste pourpre, cach\u00e9e au fond d\u2019un jardin arbor\u00e9, et qui affiche de beaux encadrements en brique rouge. Depuis quelques jours et la parution d\u2019un article \u00e9voquant sa vente potentielle, cette maisonnette d\u2019environ 90 m\u00b2 est au centre de quelques discussions. Situ\u00e9e rue de Ch\u00e2teaugiron, \u00e0 <a href=\"https:\/\/www.20minutes.fr\/rennes\/?at_medium=RSS%20feed&amp;at_campaign=ynews&amp;utm_source=yahoo&amp;utm_medium=rss&amp;utm_campaign=news_feed&amp;utm_content=in_article_link\" rel=\"nofollow noopener\" target=\"_blank\" data-ylk=\"slk:Rennes;elm:context_link;itc:0;sec:content-canvas\" class=\"link \">Rennes<\/a>, elle faisait l\u2019objet d\u2019une promesse de vente de la part d\u2019un promoteur immobilier.<\/p>\n<p>D\u2019apr\u00e8s nos confr\u00e8res du T\u00e9l\u00e9gramme, la somme d\u20191,2\u00a0million d\u2019euros avait \u00e9t\u00e9 propos\u00e9e. Oui, mais \u00e7a, c\u2019\u00e9tait avant que la municipalit\u00e9 ne d\u00e9cide de pr\u00e9empter le bien, comme la loi le lui permet (lire encadr\u00e9). Sauf que l\u2019offre est bien moins all\u00e9chante\u00a0: 526.500 euros. C\u2019est moiti\u00e9 moins.<\/p>\n<p><img decoding=\"async\" class=\"caas-img caas-lazy has-preview\" alt=\"null\" src=\"https:\/\/www.europesays.com\/fr\/wp-content\/uploads\/2025\/06\/5c63bbf7874e741028d2b8fe03bb9566.jpeg\"\/><\/p>\n<p>null<\/p>\n<p>Si la Ville a pu passer en priorit\u00e9, c\u2019est parce que ce secteur est class\u00e9 comme \u00ab\u00a0\u00e9quilibre social de l\u2019habitat\u00a0\u00bb. Autour de cette maison, les immeubles ont pouss\u00e9 ces derni\u00e8res ann\u00e9es. Deux habitations \u00e9tant \u00e0 l\u2019abandon, la large parcelle qui pourrait \u00eatre exploit\u00e9e fait \u00e9videmment l\u2019objet de convoitises. Mais ni la Ville, ni le promoteur n\u2019auraient conserv\u00e9 la maison. Contact\u00e9e par 20 Minutes, la Ville explique qu\u2019elle est \u00ab\u00a0r\u00e9guli\u00e8rement amen\u00e9e\u00a0\u00bb <a href=\"https:\/\/www.service-public.fr\/particuliers\/vosdroits\/N21886?at_medium=RSS%20feed&amp;at_campaign=ynews&amp;utm_source=yahoo&amp;utm_medium=rss&amp;utm_campaign=news_feed&amp;utm_content=in_article_link\" rel=\"nofollow noopener\" target=\"_blank\" data-ylk=\"slk:\u00e0 exercer son droit de pr\u00e9emption;elm:context_link;itc:0;sec:content-canvas\" class=\"link \">\u00e0 exercer son droit de pr\u00e9emption<\/a>, notamment \u00ab\u00a0pour garantir la construction de logements sociaux sur son territoire\u00a0\u00bb.<\/p>\n<p>Un prix \u00ab\u00a0d\u00e9connect\u00e9 de tout effet de sp\u00e9culation\u00a0\u00bb<\/p>\n<p>La municipalit\u00e9 se d\u00e9fend au passage de toute proposition au rabais. Et c\u2019est vrai. Car lors d\u2019une pr\u00e9emption, c\u2019est le service des Domaines qui fait l\u2019estimation du (&#8230;)<\/p>\n<p><a href=\"https:\/\/www.20minutes.fr\/rennes\/4156913-20250604-rennes-quoi-histoire-maison-1-million-ville-veut-racheter-deux-fois-moins-cher?at_medium=RSS%20feed&amp;at_campaign=ynews&amp;utm_source=yahoo&amp;utm_medium=rss&amp;utm_campaign=news_feed&amp;utm_content=read_more_link&quot;\" rel=\"nofollow noopener\" target=\"_blank\" data-ylk=\"slk:Lire la suite sur 20minutes;elm:context_link;itc:0;sec:content-canvas\" class=\"link \">Lire la suite sur 20minutes<\/a><\/p>\n<p>\u00c0 lire aussi :<br \/><a href=\"https:\/\/www.20minutes.fr\/societe\/4155099-20250526-rennes-enfants-creches-relookes-vieilles-tenues-jardiniers-ville?at_medium=RSS%20feed&amp;at_campaign=ynews&amp;utm_source=yahoo&amp;utm_medium=rss&amp;utm_campaign=news_feed&amp;utm_content=related_content_link\" rel=\"nofollow noopener\" target=\"_blank\" data-ylk=\"slk:Rennes\u00a0: Les enfants des cr\u00e8ches relook\u00e9s avec les vieilles tenues des jardiniers de la ville;elm:context_link;itc:0;sec:content-canvas\" class=\"link \">Rennes\u00a0: Les enfants des cr\u00e8ches relook\u00e9s avec les vieilles tenues des jardiniers de la ville<\/a><br \/><a href=\"https:\/\/www.20minutes.fr\/rennes\/4154562-20250520-rennes-vingt-huit-millions-euros-travaux-sauver-bijou-signe-odorico?at_medium=RSS%20feed&amp;at_campaign=ynews&amp;utm_source=yahoo&amp;utm_medium=rss&amp;utm_campaign=news_feed&amp;utm_content=related_content_link\" rel=\"nofollow noopener\" target=\"_blank\" data-ylk=\"slk:Rennes\u00a0: Vingt-huit\u00a0millions d\u2019euros de travaux pour sauver ce bijou sign\u00e9 Odorico;elm:context_link;itc:0;sec:content-canvas\" class=\"link \">Rennes\u00a0: Vingt-huit\u00a0millions d\u2019euros de travaux pour sauver ce bijou sign\u00e9 Odorico<\/a><\/p>\n","protected":false},"excerpt":{"rendered":"sp\u00e9culation &#8211; La Ville de Rennes a choisi de pr\u00e9empter une maison afin d\u2019y construire des logements collectifs&hellip;\n","protected":false},"author":2,"featured_media":151617,"comment_status":"","ping_status":"","sticky":false,"template":"","format":"standard","meta":{"footnotes":""},"categories":[2821],"tags":[1111,11,829,1777,674,1011,27,1913,28095,2142,12,2151,584,25,28096,28097],"class_list":{"0":"post-151616","1":"post","2":"type-post","3":"status-publish","4":"format-standard","5":"has-post-thumbnail","7":"category-rennes","8":"tag-actu","9":"tag-actualites","10":"tag-bretagne","11":"tag-eu","12":"tag-europe","13":"tag-fr","14":"tag-france","15":"tag-la-ville","16":"tag-logements-collectifs","17":"tag-maison","18":"tag-news","19":"tag-promesse-de-vente","20":"tag-rennes","21":"tag-republique-francaise","22":"tag-service-des-domaines","23":"tag-speculation"},"share_on_mastodon":{"url":"https:\/\/pubeurope.com\/@fr\/114625574544976687","error":""},"_links":{"self":[{"href":"https:\/\/www.europesays.com\/fr\/wp-json\/wp\/v2\/posts\/151616","targetHints":{"allow":["GET"]}}],"collection":[{"href":"https:\/\/www.europesays.com\/fr\/wp-json\/wp\/v2\/posts"}],"about":[{"href":"https:\/\/www.europesays.com\/fr\/wp-json\/wp\/v2\/types\/post"}],"author":[{"embeddable":true,"href":"https:\/\/www.europesays.com\/fr\/wp-json\/wp\/v2\/users\/2"}],"replies":[{"embeddable":true,"href":"https:\/\/www.europesays.com\/fr\/wp-json\/wp\/v2\/comments?post=151616"}],"version-history":[{"count":0,"href":"https:\/\/www.europesays.com\/fr\/wp-json\/wp\/v2\/posts\/151616\/revisions"}],"wp:featuredmedia":[{"embeddable":true,"href":"https:\/\/www.europesays.com\/fr\/wp-json\/wp\/v2\/media\/151617"}],"wp:attachment":[{"href":"https:\/\/www.europesays.com\/fr\/wp-json\/wp\/v2\/media?parent=151616"}],"wp:term":[{"taxonomy":"category","embeddable":true,"href":"https:\/\/www.europesays.com\/fr\/wp-json\/wp\/v2\/categories?post=151616"},{"taxonomy":"post_tag","embeddable":true,"href":"https:\/\/www.europesays.com\/fr\/wp-json\/wp\/v2\/tags?post=151616"}],"curies":[{"name":"wp","href":"https:\/\/api.w.org\/{rel}","templated":true}]}}