{"id":15162,"date":"2025-04-10T14:22:12","date_gmt":"2025-04-10T14:22:12","guid":{"rendered":"https:\/\/www.europesays.com\/fr\/15162\/"},"modified":"2025-04-10T14:22:12","modified_gmt":"2025-04-10T14:22:12","slug":"homme-du-passe-espoir-face-a-trump-qui-est-friedrich-merz-futur-chancelier","status":"publish","type":"post","link":"https:\/\/www.europesays.com\/fr\/15162\/","title":{"rendered":"\u00ab\u00a0Homme du pass\u00e9\u00a0\u00bb, espoir face \u00e0 Trump\u2026 Qui est Friedrich Merz futur chancelier\u00a0?"},"content":{"rendered":"<p>L\u2019<a href=\"https:\/\/www.20minutes.fr\/dossier\/allemagne\" target=\"_blank\" class=\"color-ultramarine c-link\" rel=\"noopener\">Allemagne<\/a> va tourner la page <a href=\"https:\/\/www.20minutes.fr\/monde\/olaf-scholz\/\" target=\"_blank\" class=\"color-ultramarine c-link\" rel=\"noopener\">Olaf Scholz<\/a>. Et c\u2019est le lib\u00e9ral Friedrich Merz qui s\u2019appr\u00eate \u00e0 \u00e9crire un nouveau chapitre de l\u2019histoire du pays. Pour le moment, le futur chancelier suscite de grands espoirs chez ses alli\u00e9s de l\u2019<a href=\"https:\/\/www.20minutes.fr\/dossier\/ue\" target=\"_blank\" class=\"color-ultramarine c-link\" rel=\"noopener\">Union europ\u00e9enne<\/a> qui comptent fermement sur le soutien de Berlin dans un monde chamboul\u00e9 par Donald Trump.<\/p>\n<p>Souvent qualifi\u00e9 d&rsquo;\u00ab homme du pass\u00e9 \u00bb, ce conservateur de 69 ans, dont le camp CDU\/CSU a remport\u00e9 les l\u00e9gislatives du 23\u00a0f\u00e9vrier, a franchi une \u00e9tape cruciale pour acc\u00e9der au poste supr\u00eame apr\u00e8s un accord de coalition annonc\u00e9 mercredi avec le centre-gauche pour former un gouvernement. Mais la route fut longue pour cet avocat de formation, \u00e9cart\u00e9 du pouvoir au d\u00e9but des ann\u00e9es\u00a02000 par Angela Merkel alors qu\u2019il se consid\u00e9rait comme l\u2019h\u00e9ritier naturel d\u2019Helmut Kohl, le p\u00e8re de la r\u00e9unification allemande.<\/p>\n<p>Un proeurop\u00e9en, atlantiste convaincu<\/p>\n<p>Celui qui n\u2019a jamais occup\u00e9 de poste minist\u00e9riel prend les r\u00eanes de la premi\u00e8re puissance europ\u00e9enne \u00e0 un moment de basculement g\u00e9opolitique, o\u00f9 l\u2019Europe cherche \u00e0 s\u2019affranchir de la tutelle militaire d\u2019un alli\u00e9 am\u00e9ricain devenu impr\u00e9visible pour assurer sa d\u00e9fense face \u00e0 la menace russe. Atlantiste convaincu, il n\u2019en a pas moins promis de ramener son pays au centre du jeu europ\u00e9en avec une \u00ab\u00a0voix forte\u00a0\u00bb pour d\u00e9fendre les int\u00e9r\u00eats du continent.<\/p>\n<\/p>\n<p>Ce partisan d\u2019une aide sans faille \u00e0 l\u2019<a href=\"https:\/\/www.20minutes.fr\/monde\/ukraine\/\" target=\"_blank\" class=\"color-ultramarine c-link\" rel=\"noopener\">Ukraine<\/a> a d\u00e9j\u00e0 marqu\u00e9 les esprits en annon\u00e7ant d\u00e8s mars avec ses partenaires gouvernementaux du parti social-d\u00e9mocrate (SPD) un programme de d\u00e9penses in\u00e9dit de plusieurs centaines de milliards d\u2019euros pour r\u00e9armer et moderniser l\u2019Allemagne jusqu\u2019ici tr\u00e8s attach\u00e9e \u00e0 l\u2019orthodoxie budg\u00e9taire.<\/p>\n<p>Toutefois, l\u2019audace qui vaut \u00e0 ce millionnaire et pilote d\u2019avion amateur les louanges des alli\u00e9s europ\u00e9ens provoque \u00e0 ce stade, en Allemagne, critiques et m\u00e9contentement. \u00ab\u00a0Jamais un chancelier n\u2019a commenc\u00e9 son mandat avec une confiance aussi faible\u00a0\u00bb de la population, estime ainsi le professeur en sciences politiques de l\u2019universit\u00e9 de Cassel Wolfgang Schroeder.<\/p>\n<p>L\u2019extr\u00eame droite en embuscade<\/p>\n<p>Beaucoup, y compris dans ses rangs, lui reprochent aussi d\u2019avoir trahi sa parole en r\u00e9formant le \u00ab\u00a0frein \u00e0 la dette\u00a0\u00bb inscrit dans la constitution, ce m\u00e9canisme limitant la capacit\u00e9 d\u2019endettement, mais aussi d\u2019investissement, du pays. Cela fait le jeu du parti d\u2019extr\u00eame droite Alternative pour l\u2019Allemagne (AfD) qui d\u00e9nonce son \u00ab\u00a0mensonge\u00a0\u00bb et talonne d\u00e9sormais les conservateurs dans les sondages.<\/p>\n<p>Pendant la campagne \u00e9lectorale, Friedrich Merz a promis un net virage \u00e0 droite s\u2019il devenait chancelier, avec notamment un durcissement des r\u00e8gles migratoires suite \u00e0 plusieurs attaques meurtri\u00e8res impliquant des \u00e9trangers. D\u00e8s son \u00e9lection \u00e0 la t\u00eate de la CDU en\u00a02022, il avait annonc\u00e9 un renversement complet de la g\u00e9n\u00e9reuse politique d\u2019accueil h\u00e9rit\u00e9e d\u2019Angela Merkel (2005-2021). Une revanche face \u00e0 celle qui l\u2019\u00e9carta en\u00a02002 du poste strat\u00e9gique de pr\u00e9sident du groupe parlementaire CDU, le conduisant \u00e0 se reconvertir dans la finance en\u00a02009, notamment chez BlackRock, l\u2019un des plus gros gestionnaires d\u2019actifs au monde.<\/p>\n<p><a href=\"https:\/\/www.20minutes.fr\/dossier\/allemagne\" target=\"_blank\" class=\"c-link c-btn c-btn--primary\" rel=\"noopener\">Notre dossier sur l&rsquo;Allemagne<\/a><\/p>\n<p>Celui qui a promis de \u00ab\u00a0redonner sa fiert\u00e9\u00a0\u00bb \u00e0 l\u2019Allemagne va aussi devoir trouver la parade pour r\u00e9soudre la crise profonde du mod\u00e8le industriel travers\u00e9e par le pays, qui pourrait \u00eatre aggrav\u00e9e par les nouveaux droits de douaniers d\u00e9cr\u00e9t\u00e9s par Trump. \u00ab\u00a0Beaucoup pensent \u00e0 la CDU que Merz et Trump pourraient bien s\u2019entendre\u00a0\u00bb, estime le magazine Der Spiegel. \u00ab\u00a0Merz conna\u00eet les Etats-Unis, il a fait carri\u00e8re dans le secteur priv\u00e9, c\u2019est donc aussi un homme d\u2019affaires, ce qui devrait plaire au \u00ab\u00a0faiseur de deals\u00a0\u00bb de la Maison-Blanche\u00a0\u00bb. Reste \u00e0 voir maintenant comment il traitera avec Washington lorsqu\u2019il aura le pouvoir.<\/p>\n","protected":false},"excerpt":{"rendered":"L\u2019Allemagne va tourner la page Olaf Scholz. Et c\u2019est le lib\u00e9ral Friedrich Merz qui s\u2019appr\u00eate \u00e0 \u00e9crire un&hellip;\n","protected":false},"author":2,"featured_media":15163,"comment_status":"","ping_status":"","sticky":false,"template":"","format":"standard","meta":{"footnotes":""},"categories":[2],"tags":[47,11,672,6388,3712,75,73,1011,27,74,12,6387,25,555,133],"class_list":{"0":"post-15162","1":"post","2":"type-post","3":"status-publish","4":"format-standard","5":"has-post-thumbnail","7":"category-actualites","8":"tag-actualite","9":"tag-actualites","10":"tag-allemagne","11":"tag-angela-merkel","12":"tag-cdu","13":"tag-donald-trump","14":"tag-etats-unis","15":"tag-fr","16":"tag-france","17":"tag-monde","18":"tag-news","19":"tag-olaf-scholz","20":"tag-republique-francaise","21":"tag-union-europeenne-ue","22":"tag-video"},"share_on_mastodon":{"url":"https:\/\/pubeurope.com\/@fr\/114314120056297184","error":""},"_links":{"self":[{"href":"https:\/\/www.europesays.com\/fr\/wp-json\/wp\/v2\/posts\/15162","targetHints":{"allow":["GET"]}}],"collection":[{"href":"https:\/\/www.europesays.com\/fr\/wp-json\/wp\/v2\/posts"}],"about":[{"href":"https:\/\/www.europesays.com\/fr\/wp-json\/wp\/v2\/types\/post"}],"author":[{"embeddable":true,"href":"https:\/\/www.europesays.com\/fr\/wp-json\/wp\/v2\/users\/2"}],"replies":[{"embeddable":true,"href":"https:\/\/www.europesays.com\/fr\/wp-json\/wp\/v2\/comments?post=15162"}],"version-history":[{"count":0,"href":"https:\/\/www.europesays.com\/fr\/wp-json\/wp\/v2\/posts\/15162\/revisions"}],"wp:featuredmedia":[{"embeddable":true,"href":"https:\/\/www.europesays.com\/fr\/wp-json\/wp\/v2\/media\/15163"}],"wp:attachment":[{"href":"https:\/\/www.europesays.com\/fr\/wp-json\/wp\/v2\/media?parent=15162"}],"wp:term":[{"taxonomy":"category","embeddable":true,"href":"https:\/\/www.europesays.com\/fr\/wp-json\/wp\/v2\/categories?post=15162"},{"taxonomy":"post_tag","embeddable":true,"href":"https:\/\/www.europesays.com\/fr\/wp-json\/wp\/v2\/tags?post=15162"}],"curies":[{"name":"wp","href":"https:\/\/api.w.org\/{rel}","templated":true}]}}