{"id":151624,"date":"2025-06-04T14:33:09","date_gmt":"2025-06-04T14:33:09","guid":{"rendered":"https:\/\/www.europesays.com\/fr\/151624\/"},"modified":"2025-06-04T14:33:09","modified_gmt":"2025-06-04T14:33:09","slug":"le-proces-en-appel-du-terroriste-fixe-en-decembre-2026","status":"publish","type":"post","link":"https:\/\/www.europesays.com\/fr\/151624\/","title":{"rendered":"le proc\u00e8s en appel du terroriste fix\u00e9 en d\u00e9cembre 2026"},"content":{"rendered":"<p>Brahim Aouissaoui avait \u00e9t\u00e9 condamn\u00e9 \u00e0 la perp\u00e9tuit\u00e9 r\u00e9elle en premi\u00e8re instance pour avoir tu\u00e9 trois personnes, dont le sacristain, dans la basilique de Nice en octobre 2020.<\/p>\n<p class=\"fig-paragraph\">Les dates du proc\u00e8s en appel de\u00a0<a href=\"http:\/\/www.lefigaro.fr\/faits-divers\/il-y-a-une-femme-decapitee-dans-l-eglise-cinq-ans-apres-l-attentat-de-la-basilique-de-nice-le-terroriste-face-a-la-justice-20250209\" data-fig-type=\"Article\" data-gtm-custom-categorie=\"navigation\" data-gtm-custom-action=\"crossclick\" data-gtm-custom-label=\"Contextuel\" data-gtm-event=\"customEventSPE\" data-fig-domain=\"LEFIGARO\" rel=\"nofollow noopener\" target=\"_blank\">l\u2019attentat de la basilique de Nice<\/a>\u00a0(Alpes-Maritimes) sont d\u00e9sormais fix\u00e9es. L\u2019assaillant terroriste\u00a0<a href=\"http:\/\/www.lefigaro.fr\/nice\/attentat-de-la-basilique-de-nice-l-accuse-reconnait-les-faits-20250224\" data-fig-type=\"NewsFlash\" data-gtm-custom-categorie=\"navigation\" data-gtm-custom-action=\"crossclick\" data-gtm-custom-label=\"Contextuel\" data-gtm-event=\"customEventSPE\" data-fig-domain=\"LEFIGARO\" rel=\"nofollow noopener\" target=\"_blank\">Brahim Aiouissaoui<\/a>, qui avait tu\u00e9 \u00e0 coups de couteau trois personnes, dont le sacristain, le 29 octobre 2020, sera de nouveau jug\u00e9 du 7 au 18 d\u00e9cembre 2026 \u00e0 la cour d\u2019appel de Paris, a appris Le Figaro de source judiciaire.<\/p>\n<p class=\"fig-paragraph\">Le 26 f\u00e9vrier dernier, ce Tunisien d\u00e9sormais \u00e2g\u00e9 de 26 ans avait \u00e9t\u00e9\u00a0<a href=\"http:\/\/www.lefigaro.fr\/faits-divers\/proces-de-la-basilique-de-nice-le-terroriste-condamne-a-la-perpetuite-reelle-pour-son-insoutenable-cruaute-20250226\" data-fig-type=\"Article\" data-gtm-custom-categorie=\"navigation\" data-gtm-custom-action=\"crossclick\" data-gtm-custom-label=\"Contextuel\" data-gtm-event=\"customEventSPE\" data-fig-domain=\"LEFIGARO\" rel=\"nofollow noopener\" target=\"_blank\">condamn\u00e9 \u00e0 la r\u00e9clusion criminelle \u00e0 perp\u00e9tuit\u00e9<\/a>\u00a0assortie d\u2019une p\u00e9riode de s\u00fbret\u00e9 incompressible, une peine rendant infime la possibilit\u00e9 d\u2019un am\u00e9nagement. Le tribunal, \u00e9voquant \u00abla tr\u00e8s grande dangerosit\u00e9\u00bb de cet homme dans son jugement, avait suivi les r\u00e9quisitions du parquet national antiterroriste. Lors de ce proc\u00e8s attendu \u00e0 la cour d\u2019assises sp\u00e9ciale, Me Martin M\u00e9chin, l\u2019avocat de Brahim Aouissaoui, avait alors d\u00e9nonc\u00e9 \u00abune peine de mort qui ne dit pas son nom\u00bb et avait fait appel cinq jours plus tard.<\/p>\n<p>\u00abSouffrance suppl\u00e9mentaire\u00bb<\/p>\n<p class=\"fig-paragraph\">\u00abCet appel est une souffrance suppl\u00e9mentaire inflig\u00e9e aux victimes\u00bb, avait d\u00e9nonc\u00e9 Me Philippe Soussi, l\u2019un des avocats de la partie civile. Se r\u00e9fugiant d\u2019abord derri\u00e8re l\u2019amn\u00e9sie, Brahim Aouissaoui avait fini par reconna\u00eetre les faits lors de l\u2019audience. Il s\u2019\u00e9tait justifi\u00e9 d\u2019un acte de vengeance contre l\u2019Occident qui \u00abtue aveugl\u00e9ment\u00bb des musulmans avant d\u2019expliquer qu\u2019il n\u2019avait pas pr\u00e9m\u00e9dit\u00e9 son passage \u00e0 l\u2019acte et que ses cibles avaient \u00e9t\u00e9 choisies au \u00abhasard\u00bb.<\/p>\n<p class=\"fig-paragraph\">Dans la matin\u00e9e du 29 octobre 2020, il \u00e9tait entr\u00e9 dans la basilique Notre-Dame de l\u2019Assomption de Nice arm\u00e9 d\u2019un couteau de cuisine et avait poignard\u00e9 et \u00e9gorg\u00e9 deux fid\u00e8les, Nadine Devillers (60 ans) et Simone Barreto Silva (44 ans) ainsi que le sacristain Vincent Loqu\u00e8s (54 ans). Des policiers municipaux\u00a0<a href=\"http:\/\/www.lefigaro.fr\/faits-divers\/il-avait-un-regard-noir-haineux-le-recit-des-policiers-municipaux-confrontes-au-terroriste-de-la-basilique-de-nice-20250217\" data-fig-type=\"Article\" data-gtm-custom-categorie=\"navigation\" data-gtm-custom-action=\"crossclick\" data-gtm-custom-label=\"Contextuel\" data-gtm-event=\"customEventSPE\" data-fig-domain=\"LEFIGARO\" rel=\"nofollow noopener\" target=\"_blank\">l\u2019avaient neutralis\u00e9<\/a>\u00a0en utilisant leur arme \u00e0 feu alors qu\u2019il continuait \u00e0 se montrer extr\u00eamement agressif.<\/p>\n","protected":false},"excerpt":{"rendered":"Brahim Aouissaoui avait \u00e9t\u00e9 condamn\u00e9 \u00e0 la perp\u00e9tuit\u00e9 r\u00e9elle en premi\u00e8re instance pour avoir tu\u00e9 trois personnes, dont&hellip;\n","protected":false},"author":2,"featured_media":151625,"comment_status":"","ping_status":"","sticky":false,"template":"","format":"standard","meta":{"footnotes":""},"categories":[2819],"tags":[1111,11,2898,5581,2829,2971,2972,2973,2974,1777,674,2975,1011,27,303,2969,2970,2987,2980,12,2401,2897,2976,2977,2978,2985,2986,2979,2981,2982,2983,2984,2991,2992,2993,2994,2996,2997,2998,2999,3000,3001,3002,2995,3003,3004,3005,3007,2268,882,25,2988,2989,2990,2968,1254,3006],"class_list":{"0":"post-151624","1":"post","2":"type-post","3":"status-publish","4":"format-standard","5":"has-post-thumbnail","7":"category-nice","8":"tag-actu","9":"tag-actualites","10":"tag-alpes-maritimes","11":"tag-attentat","12":"tag-baumettes","13":"tag-carabacel","14":"tag-caucade","15":"tag-cimiez","16":"tag-cremat","17":"tag-eu","18":"tag-europe","19":"tag-fabron","20":"tag-fr","21":"tag-france","22":"tag-justice","23":"tag-larenas","24":"tag-lariane","25":"tag-le-ray","26":"tag-lingostiere","27":"tag-news","28":"tag-nice","29":"tag-nice-cote-dazur","30":"tag-nice-gairaut","31":"tag-nice-gambetta","32":"tag-nice-jean-medecin","33":"tag-nice-le-piol","34":"tag-nice-le-port","35":"tag-nice-liberation","36":"tag-nice-magnan","37":"tag-nice-mantega-mont-boron","38":"tag-nice-pasteur","39":"tag-nice-pessicart","40":"tag-nice-rue-de-france","41":"tag-nice-saint-antoine","42":"tag-nice-saint-augustin","43":"tag-nice-saint-isidore","44":"tag-nice-saint-maurice","45":"tag-nice-saint-pancrace","46":"tag-nice-saint-philippe","47":"tag-nice-saint-pierre-de-feric","48":"tag-nice-saint-roch","49":"tag-nice-saint-roman-de-bellet","50":"tag-nice-saint-sylvestre","51":"tag-nice-sainte-marguerite","52":"tag-nice-thiers","53":"tag-nice-ventabrun","54":"tag-nice-vernier","55":"tag-nice-vinaigrier","56":"tag-ogc-nice","57":"tag-provence-alpes-cote-dazur","58":"tag-republique-francaise","59":"tag-rimiez","60":"tag-riquier","61":"tag-roquebilliere","62":"tag-sud-est","63":"tag-terrorisme","64":"tag-vieux-nice"},"share_on_mastodon":{"url":"","error":"Validation failed: Text character limit of 500 exceeded"},"_links":{"self":[{"href":"https:\/\/www.europesays.com\/fr\/wp-json\/wp\/v2\/posts\/151624","targetHints":{"allow":["GET"]}}],"collection":[{"href":"https:\/\/www.europesays.com\/fr\/wp-json\/wp\/v2\/posts"}],"about":[{"href":"https:\/\/www.europesays.com\/fr\/wp-json\/wp\/v2\/types\/post"}],"author":[{"embeddable":true,"href":"https:\/\/www.europesays.com\/fr\/wp-json\/wp\/v2\/users\/2"}],"replies":[{"embeddable":true,"href":"https:\/\/www.europesays.com\/fr\/wp-json\/wp\/v2\/comments?post=151624"}],"version-history":[{"count":0,"href":"https:\/\/www.europesays.com\/fr\/wp-json\/wp\/v2\/posts\/151624\/revisions"}],"wp:featuredmedia":[{"embeddable":true,"href":"https:\/\/www.europesays.com\/fr\/wp-json\/wp\/v2\/media\/151625"}],"wp:attachment":[{"href":"https:\/\/www.europesays.com\/fr\/wp-json\/wp\/v2\/media?parent=151624"}],"wp:term":[{"taxonomy":"category","embeddable":true,"href":"https:\/\/www.europesays.com\/fr\/wp-json\/wp\/v2\/categories?post=151624"},{"taxonomy":"post_tag","embeddable":true,"href":"https:\/\/www.europesays.com\/fr\/wp-json\/wp\/v2\/tags?post=151624"}],"curies":[{"name":"wp","href":"https:\/\/api.w.org\/{rel}","templated":true}]}}