{"id":151632,"date":"2025-06-04T14:37:13","date_gmt":"2025-06-04T14:37:13","guid":{"rendered":"https:\/\/www.europesays.com\/fr\/151632\/"},"modified":"2025-06-04T14:37:13","modified_gmt":"2025-06-04T14:37:13","slug":"girondins-on-sentira-de-plus-en-plus-le-detachement-des-gens-vis-a-vis-du-football-a-bordeaux","status":"publish","type":"post","link":"https:\/\/www.europesays.com\/fr\/151632\/","title":{"rendered":"Girondins : \u201cOn sentira de plus en plus le d\u00e9tachement des gens vis \u00e0 vis du football \u00e0 Bordeaux\u201d"},"content":{"rendered":"<p><img decoding=\"async\" src=\"https:\/\/www.europesays.com\/fr\/wp-content\/uploads\/2025\/06\/671_c1a67ba9d9004a5313a9692f0cc2b1ab.jpg\" alt=\"Girondins : \u201cOn sentira de plus en plus le d\u00e9tachement des gens vis \u00e0 vis du football \u00e0 Bordeaux\u201d\" class=\"img-responsive mt-3\"\/><\/p>\n<p class=\"text-center mb-3\" style=\"font-size: 14px\">\u00a9 Iconsport<\/p>\n<p style=\"text-align: justify;\">\u00c9coutez ses propos ou lisez-les :<\/p>\n<p>\u00a0<\/p>\n<p><strong>\u201cSoutenir cette direction va devenir compliqu\u00e9\u201d<\/strong><\/p>\n<p style=\"text-align: justify;\">Samuel Vaslin dans <a href=\"https:\/\/www.youtube.com\/watch?v=yvIFAVXtylQ&amp;t=6169s\" target=\"_blank\" rel=\"noopener nofollow\">le Talk sur WebGirondins<\/a> : \u201cM\u00eame si tout le monde a envie de se battre pour son club, je ne suis plus s\u00fbr que les Bordelais en aient envie. Je pense au contraire qu&rsquo;il va y avoir un d\u00e9laissement. M\u00eame s&rsquo;il y a \u00e9norm\u00e9ment d&rsquo;attache aux Girondins de Bordeaux, aller soutenir ce fonctionnement, cette direction, va devenir compliqu\u00e9. Je pense que les ultras seront l\u00e0. C&rsquo;est plus l&rsquo;environnement autour, qui est important qui, lui, va se lasser. Il y a une telle fiert\u00e9, il y a un tel maillot, un tel ancrage local que tu devrais aimer ton club.\u201d<\/p>\n<p><strong>\u201cLes Girondins de Bordeaux sont cens\u00e9s incarner quelque chose \u00e0 l&rsquo;\u00e9chelle locale\u201d<\/strong><\/p>\n<p style=\"text-align: justify;\">\u201cEt quand je vois que le PSG est capable de produire la plus belle finale de l&rsquo;histoire de la Ligue des Champions, et qu&rsquo;\u00e0 Bordeaux, l\u2019\u00e9quipe est en National 2 et qu\u2019elle n\u2019est pas en train de rebondir, mais encore en train de chuter, c\u2019est contrariant. Quelque part, \u00e7a se comprend qu&rsquo;il y ait des gens samedi, qui \u00e9taient plus concern\u00e9s par le PSG que par Bordeaux. M\u00eame si je ne valide pas \u00e7a. C&rsquo;est aussi ce que tu r\u00e9coltes. C&rsquo;est aussi ceux qui vont \u00e0 l&rsquo;UBB et qui d\u00e9laissent le foot parce qu&rsquo;ils pr\u00e9f\u00e8rent n&rsquo;aller voir que le rugby alors qu&rsquo;\u00e0 la base, ils aiment les deux. <\/p>\n<p style=\"text-align: justify;\">C&rsquo;est juste que les Girondins de Bordeaux, \u00e7a ne leur parle plus. Aujourd\u2019hui, quand tu es fan de sport, si tu pars sur un autre sport ou un autre club, c&rsquo;est avant tout parce que le club en question n&rsquo;arrive pas \u00e0 te retenir. Et surtout, que tu ne te reconnais pas dans ses valeurs.\u00a0\u00bb<\/p>\n<p><strong>\u201cSportivement, cette \u00e9quipe n\u2019a fait r\u00eaver personne\u201d<\/strong><\/p>\n<p style=\"text-align: justify;\">\u201cCe qui m&rsquo;inqui\u00e8te le plus pour la saison prochaine, c&rsquo;est que, si le plan continue avec <a href=\"https:\/\/www.webgirondins.com\/actualite-girondins-girondins-le-plan-de-gerard-lopez-leake-bruno-fievet-denonce-des-chiffres-grotesques-129282\" target=\"_blank\" rel=\"noopener nofollow\">G\u00e9rard Lopez<\/a>, j&rsquo;ai l&rsquo;impression qu&rsquo;on sentira de plus en plus le d\u00e9tachement des gens. Tout l&rsquo;environnement bordelais n&rsquo;est pas renforc\u00e9 par le fait que G\u00e9rard Lopez puisse continuer une saison de plus \u00e0 la t\u00eate de ce club. Avec en plus un coach qui ne propose pas de spectacle. Parce qu&rsquo;on oublie le sportif, mais c\u2019est tr\u00e8s important. Cette ann\u00e9e, cette \u00e9quipe a cr\u00e9\u00e9 de l&rsquo;espoir. Sportivement, elle n&rsquo;a fait r\u00eaver personne. Quand tu conjugues tout \u00e7a, c&rsquo;est vrai que tu ne peux pas en vouloir aux gens d&rsquo;avoir autre chose \u00e0 faire de leurs week-ends.\u201d<\/p>\n<p>&gt;&gt;\u00a0<strong><a href=\"https:\/\/www.webgirondins.com\/actualite-girondins-mercato-girondins-shelton-guillaume-et-djibril-khouma-dans-le-viseur-129306\" target=\"_blank\" rel=\"noopener nofollow\">Mercato &#8211; Girondins : Shelton Guillaume et Djibril Khouma dans le viseur !<\/a><\/strong><\/p>\n<p>\u00a0<\/p>\n","protected":false},"excerpt":{"rendered":"\u00a9 Iconsport \u00c9coutez ses propos ou lisez-les : \u00a0 \u201cSoutenir cette direction va devenir compliqu\u00e9\u201d Samuel Vaslin dans&hellip;\n","protected":false},"author":2,"featured_media":151633,"comment_status":"","ping_status":"","sticky":false,"template":"","format":"standard","meta":{"footnotes":""},"categories":[2817],"tags":[1111,11,1997,19659,4371,28101,1446,28100,28099,2834,1777,674,8435,63,1011,27,7397,1987,2957,12,2219,5241,378,8437,25,9863,28098,5234,9864,5238],"class_list":{"0":"post-151632","1":"post","2":"type-post","3":"status-publish","4":"format-standard","5":"has-post-thumbnail","7":"category-bordeaux","8":"tag-actu","9":"tag-actualites","10":"tag-bordeaux","11":"tag-bordelaise","12":"tag-communaute","13":"tag-croissant","14":"tag-dans","15":"tag-desamour","16":"tag-detachement","17":"tag-entre","18":"tag-eu","19":"tag-europe","20":"tag-exprime","21":"tag-football","22":"tag-fr","23":"tag-france","24":"tag-gens","25":"tag-girondins","26":"tag-journaliste","27":"tag-news","28":"tag-nouvelle-aquitaine","29":"tag-on","30":"tag-plus","31":"tag-propos","32":"tag-republique-francaise","33":"tag-samuel","34":"tag-sentira","35":"tag-talk","36":"tag-vaslin","37":"tag-webgirondins"},"share_on_mastodon":{"url":"https:\/\/pubeurope.com\/@fr\/114625606143581167","error":""},"_links":{"self":[{"href":"https:\/\/www.europesays.com\/fr\/wp-json\/wp\/v2\/posts\/151632","targetHints":{"allow":["GET"]}}],"collection":[{"href":"https:\/\/www.europesays.com\/fr\/wp-json\/wp\/v2\/posts"}],"about":[{"href":"https:\/\/www.europesays.com\/fr\/wp-json\/wp\/v2\/types\/post"}],"author":[{"embeddable":true,"href":"https:\/\/www.europesays.com\/fr\/wp-json\/wp\/v2\/users\/2"}],"replies":[{"embeddable":true,"href":"https:\/\/www.europesays.com\/fr\/wp-json\/wp\/v2\/comments?post=151632"}],"version-history":[{"count":0,"href":"https:\/\/www.europesays.com\/fr\/wp-json\/wp\/v2\/posts\/151632\/revisions"}],"wp:featuredmedia":[{"embeddable":true,"href":"https:\/\/www.europesays.com\/fr\/wp-json\/wp\/v2\/media\/151633"}],"wp:attachment":[{"href":"https:\/\/www.europesays.com\/fr\/wp-json\/wp\/v2\/media?parent=151632"}],"wp:term":[{"taxonomy":"category","embeddable":true,"href":"https:\/\/www.europesays.com\/fr\/wp-json\/wp\/v2\/categories?post=151632"},{"taxonomy":"post_tag","embeddable":true,"href":"https:\/\/www.europesays.com\/fr\/wp-json\/wp\/v2\/tags?post=151632"}],"curies":[{"name":"wp","href":"https:\/\/api.w.org\/{rel}","templated":true}]}}