{"id":15164,"date":"2025-04-10T14:23:10","date_gmt":"2025-04-10T14:23:10","guid":{"rendered":"https:\/\/www.europesays.com\/fr\/15164\/"},"modified":"2025-04-10T14:23:10","modified_gmt":"2025-04-10T14:23:10","slug":"andre-onana-repond-sechement-a-nemanja-matic-c3-quarts-ol-manchester-united","status":"publish","type":"post","link":"https:\/\/www.europesays.com\/fr\/15164\/","title":{"rendered":"Andre Onana r\u00e9pond s\u00e8chement \u00e0 Nemanja Mati\u0107 &#8211; C3 &#8211; Quarts &#8211; OL-Manchester United"},"content":{"rendered":"<p>On se r\u00e9gale.<\/p>\n<p><strong><a target=\"_blank\" href=\"https:\/\/www.sofoot.com\/breves\/nemanja-matic-allume-andre-onana-avant-ol-manchester-united\" rel=\"nofollow noopener\">La pique envoy\u00e9e par Nemanja Mati\u0107<\/a> en conf\u00e9rence de presse avant OL-Manchester United n\u2019allait pas mettre longtemps \u00e0 revenir aux oreilles d\u2019Andre Onana<\/strong>, dans le viseur du milieu de terrain serbe. \u00ab\u202fJe ne serai jamais irrespectueux envers un autre club, a d\u2019abord r\u00e9pondu le portier camerounais sur ses r\u00e9seaux sociaux. On sait que le match de demain sera une rencontre difficile contre un gros adversaire.\u202f\u00bb<\/p>\n<p>Onana s\u2019attaque au palmar\u00e8s<\/p>\n<p>Un apaisement du gardien de Manchester United ? <strong>Il ne s\u2019est pas g\u00ean\u00e9 pour rendre la monnaie de sa pi\u00e8ce au Gone<\/strong>. \u00ab\u00a0Nous sommes concentr\u00e9s sur notre pr\u00e9paration afin de produire une performance qui rendra fiers nos supporters, a-t-il poursuivi. Au moins, j\u2019ai remport\u00e9 des troph\u00e9es avec le plus grand club du monde. Tout le monde ne peut pas en dire autant.\u202f\u00bb<\/p>\n<blockquote class=\"twitter-tweet\">\n<p lang=\"en\" dir=\"ltr\">I would never be disrespectful to another club. We know that tomorrow will be a difficult game against a strong opponent.<br \/>\nWe focus on preparing a performance to make our fans proud.<br \/>\nAt least I\u2019ve lifted trophies with the greatest club in the world. Some can\u2019t say the same. <a target=\"_blank\" href=\"https:\/\/t.co\/3easLRIz3d\" rel=\"nofollow\">pic.twitter.com\/3easLRIz3d<\/a><\/p>\n<p>\u2014 Andre Onana (@AndreyOnana) <a target=\"_blank\" href=\"https:\/\/twitter.com\/AndreyOnana\/status\/1909960516853719498?ref_src=twsrc%5Etfw\" rel=\"nofollow noopener\">April 9, 2025<\/a><\/p><\/blockquote>\n<p><strong>Une r\u00e9f\u00e9rence \u00e0 <a target=\"_blank\" href=\"https:\/\/www.sofoot.com\/articles\/manchester-united-piege-city-et-rafle-la-cup\" rel=\"nofollow noopener\">la FA Cup gagn\u00e9e avec les Red Devils<\/a> la saison derni\u00e8re, alors que Mati\u0107 n\u2019avait pas pu remplir son armoire lors de ses cinq ann\u00e9es pass\u00e9es \u00e0 Manchester United<\/strong> (trois finales perdues et deux places de dauphin en Premier League). Le Serbe pourrait lui r\u00e9pondre qu\u2019il en avait remport\u00e9 quatre avec Chelsea (dont 3 PL).<\/p>\n<p>Sans oublier la Coupe de Slovaquie en 2009.<\/p>\n<p>\t\t\t\t\t\t\t\t\t\t<a class=\"lien-connexe\" href=\"https:\/\/www.sofoot.com\/articles\/en-direct-lyon-manchester-united\" rel=\"nofollow noopener\" target=\"_blank\">En direct\u202f: Lyon &#8211; Manchester United (0-0)<\/a>\t\t\t\t\t<script async src=\"https:\/\/platform.twitter.com\/widgets.js\" charset=\"utf-8\"><\/script><\/p>\n","protected":false},"excerpt":{"rendered":"On se r\u00e9gale. La pique envoy\u00e9e par Nemanja Mati\u0107 en conf\u00e9rence de presse avant OL-Manchester United n\u2019allait pas&hellip;\n","protected":false},"author":2,"featured_media":15165,"comment_status":"","ping_status":"","sticky":false,"template":"","format":"standard","meta":{"footnotes":""},"categories":[2],"tags":[47,11,61,69,65,64,63,1011,27,68,66,12,62,70,25,67],"class_list":{"0":"post-15164","1":"post","2":"type-post","3":"status-publish","4":"format-standard","5":"has-post-thumbnail","7":"category-actualites","8":"tag-actualite","9":"tag-actualites","10":"tag-actus-football","11":"tag-bundesliga","12":"tag-championnats-europeens","13":"tag-equipe-de-france","14":"tag-football","15":"tag-fr","16":"tag-france","17":"tag-ligua","18":"tag-ligue-1","19":"tag-news","20":"tag-news-foot","21":"tag-premier-league","22":"tag-republique-francaise","23":"tag-serie-a"},"share_on_mastodon":{"url":"https:\/\/pubeurope.com\/@fr\/114314123923459878","error":""},"_links":{"self":[{"href":"https:\/\/www.europesays.com\/fr\/wp-json\/wp\/v2\/posts\/15164","targetHints":{"allow":["GET"]}}],"collection":[{"href":"https:\/\/www.europesays.com\/fr\/wp-json\/wp\/v2\/posts"}],"about":[{"href":"https:\/\/www.europesays.com\/fr\/wp-json\/wp\/v2\/types\/post"}],"author":[{"embeddable":true,"href":"https:\/\/www.europesays.com\/fr\/wp-json\/wp\/v2\/users\/2"}],"replies":[{"embeddable":true,"href":"https:\/\/www.europesays.com\/fr\/wp-json\/wp\/v2\/comments?post=15164"}],"version-history":[{"count":0,"href":"https:\/\/www.europesays.com\/fr\/wp-json\/wp\/v2\/posts\/15164\/revisions"}],"wp:featuredmedia":[{"embeddable":true,"href":"https:\/\/www.europesays.com\/fr\/wp-json\/wp\/v2\/media\/15165"}],"wp:attachment":[{"href":"https:\/\/www.europesays.com\/fr\/wp-json\/wp\/v2\/media?parent=15164"}],"wp:term":[{"taxonomy":"category","embeddable":true,"href":"https:\/\/www.europesays.com\/fr\/wp-json\/wp\/v2\/categories?post=15164"},{"taxonomy":"post_tag","embeddable":true,"href":"https:\/\/www.europesays.com\/fr\/wp-json\/wp\/v2\/tags?post=15164"}],"curies":[{"name":"wp","href":"https:\/\/api.w.org\/{rel}","templated":true}]}}