{"id":151640,"date":"2025-06-04T14:41:09","date_gmt":"2025-06-04T14:41:09","guid":{"rendered":"https:\/\/www.europesays.com\/fr\/151640\/"},"modified":"2025-06-04T14:41:09","modified_gmt":"2025-06-04T14:41:09","slug":"lille-et-dunkerque-des-donuts-distribues-gratuitement-pour-la-bonne-cause-voici-ou-et-quand","status":"publish","type":"post","link":"https:\/\/www.europesays.com\/fr\/151640\/","title":{"rendered":"Lille et Dunkerque. Des donuts distribu\u00e9s gratuitement pour la bonne cause : voici o\u00f9 et quand"},"content":{"rendered":"<p>            Par<br \/>\n        <strong><br \/>\n            <a href=\"https:\/\/actu.fr\/auteur\/hervine-mahaud\" title=\"Consulter tous les articles de Hervine Mahaud\" target=\"_blank\" rel=\"noopener\">Hervine Mahaud<\/a><br \/>\n        <\/strong><\/p>\n<p>        Publi\u00e9 le<\/p>\n<p>            4 juin 2025 \u00e0 16h06        <\/p>\n<p>Un beignet pour r\u00e9chauffer les c\u0153urs. C\u2019est un peu l\u2019id\u00e9e derri\u00e8re le <b>Donut Day<\/b>, qui revient ce <b>vendredi 6\u00a0juin 2025<\/b> dans pr\u00e8s de <b>40 villes en France<\/b>, dont <b>Lille et Dunkerque<\/b>. Un \u00e9v\u00e9nement pas si anodin, qui m\u00eale <b>solidarit\u00e9<\/b>, <b>partage<\/b>, et\u2026 donuts moelleux \u00e0 souhait. Tout \u00e7a gr\u00e2ce \u00e0 un duo improbable mais bien rod\u00e9\u2009: <b>l\u2019Arm\u00e9e du Salut<\/b> et la marque <b>Doony\u2019s<\/b>.<\/p>\n<p>Un beignet, une histoire, un geste<\/p>\n<p class=\" wall-content\">L\u2019histoire commence il y a plus d\u2019un si\u00e8cle\u2009: pendant la Premi\u00e8re Guerre mondiale, des b\u00e9n\u00e9voles de l\u2019Arm\u00e9e du Salut pr\u00e9parent des donuts pour r\u00e9conforter les soldats dans les tranch\u00e9es. Une petite douceur devenue, au fil des d\u00e9cennies, <b>un symbole de r\u00e9confort et de g\u00e9n\u00e9rosit\u00e9<\/b>.<\/p>\n<p class=\" wall-content\">En France, l\u2019initiative a pris forme en 2023. Pr\u00e8s de <b>40\u2009000 donuts<\/b> ont \u00e9t\u00e9 <a href=\"https:\/\/actu.fr\/hauts-de-france\/lille_59350\/des-donuts-distribues-gratuitement-a-lille-et-dunkerque-ce-vendredi-voici-ou-et-quand_61166454.html\" target=\"_blank\" rel=\"noopener\">distribu\u00e9s dans l\u2019Hexagone en 2024<\/a>. En 2025, les organisateurs doublent la mise\u2009:<b> j<\/b><b>usqu\u2019\u00e0 80\u2009000 donuts<\/b> seront partag\u00e9s \u00e0 travers le pays.<\/p>\n<p>O\u00f9 d\u00e9guster un donut \u00e0 Lille et Dunkerque\u2009?<\/p>\n<p class=\" wall-content\">Ce <b>vendredi 6\u00a0juin<\/b>, l\u2019Arm\u00e9e du Salut et ses b\u00e9n\u00e9voles organiseront <b>une distribution conviviale de donuts<\/b>, avec animations, \u00e9changes et sourires.<\/p>\n<ul class=\" wall-content\">\n<li>Pour <a href=\"https:\/\/actu.fr\/lille\/\" target=\"_blank\" rel=\"noopener\">Lille<\/a>, <b>rendez-vous \u00e0 partir de 14\u2009h sur la Grand\u2019Place<\/b>, \u00ab\u2009pour une journ\u00e9e festive et conviviale avec musique, fanfare, tambourinaires, maracas, danse et autres surprises\u2009\u00bb, annonce l\u2019Arm\u00e9e du Salut. En parall\u00e8le, une distribution aura lieu au <b>Centre d\u2019H\u00e9bergement et de R\u00e9insertion Sociale \u00ab\u2009Les Moulins de l\u2019Espoir\u2009\u00bb situ\u00e9 au 48 rue de Valenciennes<\/b>.<\/li>\n<li>Pour <a href=\"https:\/\/actu.fr\/hauts-de-france\/dunkerque_59183\" target=\"_blank\" rel=\"noopener\">Dunkerque<\/a>, <b>il faudra se rendre d\u00e8s 15\u2009h place Jean Bart<\/b> pour assister aux festivit\u00e9s du Donut Day 2025. Un \u00e9v\u00e9nement se tiendra aussi \u00e0 l\u2019<b>accueil de jour \u00ab\u2009Au C\u0153ur de l\u2019Espoir\u2009\u00bb, 70 rue de Lille<\/b>.<\/li>\n<\/ul>\n<p>Vid\u00e9os : en ce moment sur Actu<\/p>\n<p class=\" wall-content\"><a href=\"https:\/\/www.instagram.com\/p\/DKNG5gXs_QJ\/embed\" title=\"Ouvrir le lien sur Instagram\" target=\"_blank\" rel=\"noopener\">Visualiser le contenu sur Instagram<\/a><\/p>\n<p>Une action qui a du sens<\/p>\n<p class=\" wall-content\">En plus de la distribution, c\u2019est l\u2019occasion de (re) d\u00e9couvrir <b>les actions de terrain men\u00e9es chaque jour par l\u2019Arm\u00e9e du Salut<\/b>\u2009: h\u00e9bergement, accompagnement social, insertion, aide aux familles\u2026 Et pourquoi pas, se <b>renseigner sur les missions de b\u00e9n\u00e9volat<\/b> ou <b>les opportunit\u00e9s d\u2019emploi<\/b> propos\u00e9es localement.<\/p>\n<p class=\" wall-content\">Dans un contexte o\u00f9 <b>la pr\u00e9carit\u00e9 augmente<\/b>, o\u00f9 <b>le lien social s\u2019effiloche<\/b>, le Donut Day vient donc remettre un peu de chaleur humaine dans l\u2019espace public. <b>5,1\u00a0millions de personnes vivent sous le seuil de pauvret\u00e9<\/b> en France, et pour beaucoup, un simple geste (un donut, un sourire, un \u201ccomment \u00e7a va\u2009?\u201d) peut vraiment faire la diff\u00e9rence.<\/p>\n<p class=\" wall-content\">Suivez toute l\u2019actualit\u00e9 de vos villes et m\u00e9dias favoris en vous inscrivant \u00e0 <a href=\"https:\/\/moncompte.actu.fr\" title=\"D\u00e9couvez Mon Actu\" rel=\"nofollow noopener\" data-trk=\"{&quot;cta&quot;:{&quot;action&quot;:&quot;https:\\\/\\\/moncompte.actu.fr&quot;,&quot;category&quot;:&quot;mon compte&quot;,&quot;from&quot;:&quot;article footer&quot;,&quot;name&quot;:&quot;Mon actu&quot;,&quot;type&quot;:&quot;cta&quot;}}\" target=\"_blank\">Mon Actu<\/a>.<\/p>\n<ul class=\"ac-article-tag wall-content\">\n<li><a href=\"https:\/\/actu.fr\/tag\/bon-plan-a-lille\" data-trk=\"{&quot;cta&quot;:{&quot;action&quot;:&quot;Bon plan \\u00e0 Lille&quot;,&quot;category&quot;:&quot;tag&quot;,&quot;from&quot;:&quot;article footer&quot;,&quot;name&quot;:&quot;Bon plan \\u00e0 Lille&quot;,&quot;type&quot;:&quot;cta&quot;}}\" target=\"_blank\" rel=\"noopener\">#Bon plan \u00e0 Lille<\/a><\/li>\n<li><a href=\"https:\/\/actu.fr\/tag\/solidarite\" data-trk=\"{&quot;cta&quot;:{&quot;action&quot;:&quot;Solidarit\\u00e9&quot;,&quot;category&quot;:&quot;tag&quot;,&quot;from&quot;:&quot;article footer&quot;,&quot;name&quot;:&quot;Solidarit\\u00e9&quot;,&quot;type&quot;:&quot;cta&quot;}}\" target=\"_blank\" rel=\"noopener\">#Solidarit\u00e9<\/a><\/li>\n<\/ul>\n<p>                    <script async src=\"\/\/www.instagram.com\/embed.js\"><\/script><\/p>\n","protected":false},"excerpt":{"rendered":"Par Hervine Mahaud Publi\u00e9 le 4 juin 2025 \u00e0 16h06 Un beignet pour r\u00e9chauffer les c\u0153urs. C\u2019est un&hellip;\n","protected":false},"author":2,"featured_media":151641,"comment_status":"","ping_status":"","sticky":false,"template":"","format":"standard","meta":{"footnotes":""},"categories":[2815],"tags":[1111,11,6557,1777,674,1011,27,811,1307,12,25,104,3400],"class_list":{"0":"post-151640","1":"post","2":"type-post","3":"status-publish","4":"format-standard","5":"has-post-thumbnail","7":"category-lille","8":"tag-actu","9":"tag-actualites","10":"tag-bon-plan-a-lille","11":"tag-eu","12":"tag-europe","13":"tag-fr","14":"tag-france","15":"tag-hauts-de-france","16":"tag-lille","17":"tag-news","18":"tag-republique-francaise","19":"tag-societe","20":"tag-solidarite"},"share_on_mastodon":{"url":"https:\/\/pubeurope.com\/@fr\/114625621810828461","error":""},"_links":{"self":[{"href":"https:\/\/www.europesays.com\/fr\/wp-json\/wp\/v2\/posts\/151640","targetHints":{"allow":["GET"]}}],"collection":[{"href":"https:\/\/www.europesays.com\/fr\/wp-json\/wp\/v2\/posts"}],"about":[{"href":"https:\/\/www.europesays.com\/fr\/wp-json\/wp\/v2\/types\/post"}],"author":[{"embeddable":true,"href":"https:\/\/www.europesays.com\/fr\/wp-json\/wp\/v2\/users\/2"}],"replies":[{"embeddable":true,"href":"https:\/\/www.europesays.com\/fr\/wp-json\/wp\/v2\/comments?post=151640"}],"version-history":[{"count":0,"href":"https:\/\/www.europesays.com\/fr\/wp-json\/wp\/v2\/posts\/151640\/revisions"}],"wp:featuredmedia":[{"embeddable":true,"href":"https:\/\/www.europesays.com\/fr\/wp-json\/wp\/v2\/media\/151641"}],"wp:attachment":[{"href":"https:\/\/www.europesays.com\/fr\/wp-json\/wp\/v2\/media?parent=151640"}],"wp:term":[{"taxonomy":"category","embeddable":true,"href":"https:\/\/www.europesays.com\/fr\/wp-json\/wp\/v2\/categories?post=151640"},{"taxonomy":"post_tag","embeddable":true,"href":"https:\/\/www.europesays.com\/fr\/wp-json\/wp\/v2\/tags?post=151640"}],"curies":[{"name":"wp","href":"https:\/\/api.w.org\/{rel}","templated":true}]}}